{"id":570642,"date":"2023-01-09T00:01:38","date_gmt":"2023-01-09T06:01:38","guid":{"rendered":"https:\/\/www.diarioimagen.net\/?p=570642"},"modified":"2023-01-09T04:17:56","modified_gmt":"2023-01-09T10:17:56","slug":"se-perdieron-345705-empleos-en-diciembre-a-pesar-de-las-recomendaciones-del-imss","status":"publish","type":"post","link":"https:\/\/www.diarioimagen.net\/?p=570642","title":{"rendered":"Se perdieron 345,705 empleos en diciembre, a pesar de las recomendaciones del IMSS"},"content":{"rendered":"<p><em>\u00a0<\/em><\/p>\n<ul>\n<li><strong><em>Por tercer a\u00f1o consecutivo, el gobierno de AMLO identific\u00f3 a patrones que en diciembre dieron de baja a empleados para recontratarlos en enero de 2023<\/em><\/strong><\/li>\n<\/ul>\n<p>&nbsp;<\/p>\n<div id=\"attachment_570687\" style=\"width: 470px\" class=\"wp-caption aligncenter\"><a href=\"https:\/\/www.diarioimagen.net\/?attachment_id=570687\" rel=\"attachment wp-att-570687\"><img loading=\"lazy\" decoding=\"async\" aria-describedby=\"caption-attachment-570687\" class=\"size-full wp-image-570687\" src=\"https:\/\/www.diarioimagen.net\/wp-content\/uploads\/2023\/01\/DESPIDOS.jpg\" alt=\"\" width=\"460\" height=\"270\" \/><\/a><p id=\"caption-attachment-570687\" class=\"wp-caption-text\">En enero de 2022 fueron recontratadas con la misma empresa 126 mil 256 personas trabajadoras dadas de baja en diciembre de 2021, precis\u00f3 la STPS.<\/p><\/div>\n<p>&nbsp;<\/p>\n<p>En diciembre de 2022, se perdieron 345 mil 705 empleos, a pesar de que el Instituto Mexicano del Seguro Social (IMSS), la Secretar\u00eda del Trabajo y Previsi\u00f3n Social (STPS) y el Instituto del Fondo Nacional de Vivienda para los Trabajadores (Infonavit) recomendaron a las empresas no despedir empleados.<\/p>\n<p>\u201cEn el mes de diciembre, se registr\u00f3 una ca\u00edda mensual de 345 mil 705 empleos, equivalente a una tasa de -1.6 por ciento \u201d, inform\u00f3 el IMSS.<\/p>\n<p>\u201cEsta tasa es la tercera m\u00e1s baja en los \u00faltimos 7 a\u00f1os y es menor que la variaci\u00f3n porcentual anual promedio de los diciembres desde se tiene registro, de -1.8 por ciento\u201d, se\u00f1al\u00f3 el organismo a cargo de Zoe Robledo.<\/p>\n<p>Al 31 de diciembre de 2022, se tienen registrados ante el Instituto Mexicano del Seguro Social m\u00e1s de\u00a0 21 millones 372 mil 896\u00a0 puestos de trabajo; de \u00e9stos, el 86.6 por ciento son empleos permanentes y el 13.4 por ciento son eventuales.<\/p>\n<p>Durante 2022, agreg\u00f3 la dependencia, se registr\u00f3 una creaci\u00f3n de empleo de 752 mil 748 puestos, que representa el tercer mayor incremento en un a\u00f1o desde que se tiene registro y equivale a una tasa anual de 3.7 por ciento.<\/p>\n<p>Por tercer a\u00f1o consecutivo, a\u00f1adi\u00f3, el gobierno de Andr\u00e9s Manuel L\u00f3pez Obrador identific\u00f3 a patrones que durante diciembre dan de baja a trabajadores para recontratarlas en enero de 2023\u00a0 ante el IMSS y el Infonavit.<\/p>\n<p>Las bajas injustificadas impactan negativamente en la continuidad de los derechos laborales, de seguridad social y de vivienda de las personas trabajadoras afectadas, inform\u00f3 la Secretar\u00eda del Trabajo y Previsi\u00f3n Social (STPS).<\/p>\n<p>\u201cSi bien existen contrataciones temporales leg\u00edtimas, lo cierto es que muchas de las personas trabajadoras dadas de baja en diciembre y recontratadas en enero est\u00e1n registradas por los patrones ante el IMSS como permanentes\u201d, expres\u00f3 la dependencia a cargo de Luisa Mar\u00eda Alcalde Luj\u00e1n.<\/p>\n<p>Las bajas de trabajadores ante el IMSS e Infonavit durante diciembre de cada a\u00f1o son una pr\u00e1ctica totalmente irregular, agreg\u00f3.<\/p>\n<p>En enero de 2022 fueron recontratadas con la misma empresa 126 mil 256 personas trabajadoras dadas de baja en diciembre de 2021, precis\u00f3 la STPS.<\/p>\n<p>\u201cHist\u00f3ricamente, en el mes de diciembre se reportan usualmente alrededor de\u00a0 300 mil bajas de trabajadores, algunas relacionadas con los cierres de ciclos escolares y fin de la temporada navide\u00f1a en sectores como manufactura, comercio y servicios\u201d, manifest\u00f3 H\u00e9ctor M\u00e1rquez Pitol, director de relaciones institucionales de Manpower.<\/p>\n<p>De acuerdo con un seguimiento de ManpowerGroup a las cifras de trabajadores del IMSS, las bajas de los empleados ante el IMSS e Infonavit es un fen\u00f3meno registrado en la\u00a0 pre pandemia, durante la pandemia y en la pospandemia por Covid-19.<\/p>\n<p>\u201cPodemos ver que este hecho responde a factores estacionales. El a\u00f1o pasado -2021- se perdieron 312 mil 902 empleos en diciembre, en 2020 estas bajas fueron de 277 mil 820 empleos, incluso antes de la pandemia en 2019 las bajas de personal se reportaron en 382 mil 210\u201d, detall\u00f3 M\u00e1rquez Pitol.<\/p>\n","protected":false},"excerpt":{"rendered":"<p>En diciembre de 2022, se perdieron 345 mil 705 empleos, a pesar de que el Instituto Mexicano del Seguro Social (IMSS), la Secretar\u00eda del Trabajo y Previsi\u00f3n Social (STPS) y el Instituto del <\/p>\n","protected":false},"author":3,"featured_media":570687,"comment_status":"open","ping_status":"open","sticky":false,"template":"","format":"standard","meta":{"_monsterinsights_skip_tracking":false,"_monsterinsights_sitenote_active":false,"_monsterinsights_sitenote_note":"","_monsterinsights_sitenote_category":0,"footnotes":""},"categories":[8],"tags":[481,8148],"class_list":["post-570642","post","type-post","status-publish","format-standard","has-post-thumbnail","hentry","category-finanzas","tag-empleo","tag-instituto-mexicano-del-seguro-social"],"_links":{"self":[{"href":"https:\/\/www.diarioimagen.net\/index.php?rest_route=\/wp\/v2\/posts\/570642","targetHints":{"allow":["GET"]}}],"collection":[{"href":"https:\/\/www.diarioimagen.net\/index.php?rest_route=\/wp\/v2\/posts"}],"about":[{"href":"https:\/\/www.diarioimagen.net\/index.php?rest_route=\/wp\/v2\/types\/post"}],"author":[{"embeddable":true,"href":"https:\/\/www.diarioimagen.net\/index.php?rest_route=\/wp\/v2\/users\/3"}],"replies":[{"embeddable":true,"href":"https:\/\/www.diarioimagen.net\/index.php?rest_route=%2Fwp%2Fv2%2Fcomments&post=570642"}],"version-history":[{"count":0,"href":"https:\/\/www.diarioimagen.net\/index.php?rest_route=\/wp\/v2\/posts\/570642\/revisions"}],"wp:featuredmedia":[{"embeddable":true,"href":"https:\/\/www.diarioimagen.net\/index.php?rest_route=\/wp\/v2\/media\/570687"}],"wp:attachment":[{"href":"https:\/\/www.diarioimagen.net\/index.php?rest_route=%2Fwp%2Fv2%2Fmedia&parent=570642"}],"wp:term":[{"taxonomy":"category","embeddable":true,"href":"https:\/\/www.diarioimagen.net\/index.php?rest_route=%2Fwp%2Fv2%2Fcategories&post=570642"},{"taxonomy":"post_tag","embeddable":true,"href":"https:\/\/www.diarioimagen.net\/index.php?rest_route=%2Fwp%2Fv2%2Ftags&post=570642"}],"curies":[{"name":"wp","href":"https:\/\/api.w.org\/{rel}","templated":true}]}}