{"id":570652,"date":"2023-01-09T00:02:45","date_gmt":"2023-01-09T06:02:45","guid":{"rendered":"https:\/\/www.diarioimagen.net\/?p=570652"},"modified":"2023-01-09T04:21:22","modified_gmt":"2023-01-09T10:21:22","slug":"el-pri-mexiquense-se-declara-listo-para-la-eleccion-a-gobernador-del-edomex-este-ano","status":"publish","type":"post","link":"https:\/\/www.diarioimagen.net\/?p=570652","title":{"rendered":"El PRI mexiquense se declara listo para la elecci\u00f3n a gobernador del Edomex, este a\u00f1o"},"content":{"rendered":"<p>&nbsp;<\/p>\n<ul>\n<li><em><strong>Defender\u00e1 avances que ha logrado la entidad<\/strong><\/em><\/li>\n<\/ul>\n<p><strong>\u00a0<\/strong><\/p>\n<h6>Arturo Baena<\/h6>\n<p>&nbsp;<\/p>\n<div id=\"attachment_570702\" style=\"width: 470px\" class=\"wp-caption aligncenter\"><a href=\"https:\/\/www.diarioimagen.net\/?attachment_id=570702\" rel=\"attachment wp-att-570702\"><img loading=\"lazy\" decoding=\"async\" aria-describedby=\"caption-attachment-570702\" class=\"size-full wp-image-570702\" src=\"https:\/\/www.diarioimagen.net\/wp-content\/uploads\/2023\/01\/pri-mexiquense.jpg\" alt=\"\" width=\"460\" height=\"270\" \/><\/a><p id=\"caption-attachment-570702\" class=\"wp-caption-text\">Tonatiuh Medina Meza, representante del PRI ante el IEEM, sostuvo que el PRI, con sus aliados y la ciudadan\u00eda, defender\u00e1n con determinaci\u00f3n el Edomex.<\/p><\/div>\n<p>&nbsp;<\/p>\n<p><strong>Toluca, Estado de M\u00e9xico.\u2014<\/strong> El Partido Revolucionario Institucional (PRI) se declar\u00f3 listo para enfrentar el proceso electoral de este a\u00f1o y defender los avances que tiene el Estado de M\u00e9xico ante cualquier ocurrencia que lastime el desarrollo de una de las entidades m\u00e1s pujantes del pa\u00eds.<\/p>\n<p>En sesi\u00f3n solemne del Consejo General del Instituto Electoral del Estado de M\u00e9xico (IEEM), el PRI mexiquense fij\u00f3 su postura a trav\u00e9s de su representante Tonatiuh Medina Meza, quien sostuvo que el partido, con sus aliados y la ciudadan\u00eda, defender\u00e1n con determinaci\u00f3n la entidad.<\/p>\n<p>\u201cProtegeremos al Estado de M\u00e9xico de la corrupci\u00f3n, del tr\u00e1gico manejo del sector salud, del aumento de la pobreza ante la ausencia de medidas de apoyo para el desarrollo econ\u00f3mico del pa\u00eds, del sometimiento pol\u00edtico de los \u00f3rganos de control y vigilancia\u201d, asegur\u00f3 el representante del PRI.<\/p>\n<p>Ante las consejeras y consejeros del IEEM, la representaci\u00f3n del Revolucionario Institucional se\u00f1al\u00f3 que el territorio mexiquense se defender\u00e1 de proyectos de infraestructura que s\u00f3lo responden a criterios pol\u00edticos y no sociales, como el Tren Maya y la refiner\u00eda Dos Bocas, en Tabasco.\u00a0 \u201cVamos a defender a la entidad del golpe a la burocracia a trav\u00e9s de sus sueldos o prestaciones y de querer someterla con amenazas, de la renuncia a la capacitaci\u00f3n permanente de los servidores p\u00fablicos, de la incapacidad para controlar la violencia de manera permanente y de la ilusi\u00f3n de esconderla detr\u00e1s del discurso triunfalista\u201d, sentenci\u00f3.<\/p>\n<p>No se permitir\u00e1 que se usen las herramientas de fiscalizaci\u00f3n para amedrentar y presionar a las organizaciones de la sociedad civil y medios de comunicaci\u00f3n, afirm\u00f3 Medina Meza, al destacar que el PRI rechaza los intentos de presi\u00f3n que se hacen a los \u00f3rganos electorales. Por \u00faltimo, subray\u00f3 que el priismo mexiquense defender\u00e1 al Estado de M\u00e9xico de las mentiras abiertas respecto de los resultados de gobierno, del gasto innecesario en sorteos y consultas y de la opacidad y carencia de informaci\u00f3n sobre la gesti\u00f3n de gobierno y sus resultados reales.<\/p>\n","protected":false},"excerpt":{"rendered":"<p>El Partido Revolucionario Institucional (PRI) se declar\u00f3 listo para enfrentar el proceso electoral de este a\u00f1o y defender los avances que tiene el Estado de M\u00e9xico ante cualquier ocurrencia que lastime el desarrollo de una de las entidades m\u00e1s pujantes del pa\u00eds.<\/p>\n","protected":false},"author":3,"featured_media":570702,"comment_status":"open","ping_status":"open","sticky":false,"template":"","format":"standard","meta":{"_monsterinsights_skip_tracking":false,"_monsterinsights_sitenote_active":false,"_monsterinsights_sitenote_note":"","_monsterinsights_sitenote_category":0,"footnotes":""},"categories":[5],"tags":[21946,43675,65770,452],"class_list":["post-570652","post","type-post","status-publish","format-standard","has-post-thumbnail","hentry","category-estado-de-mexico","tag-eleccion","tag-estado-de-mexico","tag-listo","tag-toluca"],"_links":{"self":[{"href":"https:\/\/www.diarioimagen.net\/index.php?rest_route=\/wp\/v2\/posts\/570652","targetHints":{"allow":["GET"]}}],"collection":[{"href":"https:\/\/www.diarioimagen.net\/index.php?rest_route=\/wp\/v2\/posts"}],"about":[{"href":"https:\/\/www.diarioimagen.net\/index.php?rest_route=\/wp\/v2\/types\/post"}],"author":[{"embeddable":true,"href":"https:\/\/www.diarioimagen.net\/index.php?rest_route=\/wp\/v2\/users\/3"}],"replies":[{"embeddable":true,"href":"https:\/\/www.diarioimagen.net\/index.php?rest_route=%2Fwp%2Fv2%2Fcomments&post=570652"}],"version-history":[{"count":0,"href":"https:\/\/www.diarioimagen.net\/index.php?rest_route=\/wp\/v2\/posts\/570652\/revisions"}],"wp:featuredmedia":[{"embeddable":true,"href":"https:\/\/www.diarioimagen.net\/index.php?rest_route=\/wp\/v2\/media\/570702"}],"wp:attachment":[{"href":"https:\/\/www.diarioimagen.net\/index.php?rest_route=%2Fwp%2Fv2%2Fmedia&parent=570652"}],"wp:term":[{"taxonomy":"category","embeddable":true,"href":"https:\/\/www.diarioimagen.net\/index.php?rest_route=%2Fwp%2Fv2%2Fcategories&post=570652"},{"taxonomy":"post_tag","embeddable":true,"href":"https:\/\/www.diarioimagen.net\/index.php?rest_route=%2Fwp%2Fv2%2Ftags&post=570652"}],"curies":[{"name":"wp","href":"https:\/\/api.w.org\/{rel}","templated":true}]}}