{"id":570726,"date":"2023-01-09T00:01:00","date_gmt":"2023-01-09T06:01:00","guid":{"rendered":"https:\/\/www.diarioimagen.net\/?p=570726"},"modified":"2023-01-09T04:53:12","modified_gmt":"2023-01-09T10:53:12","slug":"etica-y-moral","status":"publish","type":"post","link":"https:\/\/www.diarioimagen.net\/?p=570726","title":{"rendered":"\u00c9tica y moral"},"content":{"rendered":"<h2>De pe a pa<\/h2>\n<h5>Alberto Vieyra G.<\/h5>\n<p>&nbsp;<\/p>\n<p>\u00bfEs \u00e9tico y moralmente permisible que en la Suprema Corte de Justicia de la Naci\u00f3n haya una ministra plagiaria, mentirosa y deshonesta? \u00bfAyuda a la salud de la Rep\u00fablica y de la justicia azteca que la carta principal del Presidente de la Rep\u00fablica siga en la Corte? \u00bfNo ser\u00eda mejor que hiciera mutis o habr\u00e1 perdido do\u00f1a Yasm\u00edn Esquivel la verg\u00fcenza? \u00bfSabr\u00e1 lo que es la \u00e9tica y moral?<\/p>\n<p>\u00bfPor qu\u00e9 torcer la verdad de un hecho que a todas luces y a simple vista resulta evidente de haber plagiado su tesis que resulta igualita a la del abogado Edgar Ulises B\u00e1ez, a quien se atribuye una falsa carta que la se\u00f1ora ministra Esquivel aporta como prueba de que no plagi\u00f3 y de que ella es la autora de la tesis original y supuestamente firmada por el catedr\u00e1tico universitario, quien niega terminantemente que \u00e9l haya firmado esa carta en d\u00edas recientes? \u00bfPor qu\u00e9 antes la Procuradur\u00eda capitalina resolvi\u00f3 sospechosamente en solamente 6 d\u00edas festivos que la se\u00f1ora Yasm\u00edn Esquivel es la autora de la tesis, pero que no ha podido en casi a\u00f1o y medio resolver el macabro caso de la L\u00ednea 12 del metro? \u00bfSer\u00eda do\u00f1a Claudia Sheinbaum quien le orden\u00f3 a la titular de la procuradur\u00eda capitalina, Ernestina Godoy, hacer semejante torcedura de la ley?<\/p>\n<p>De acuerdo con el portal de <em>Eje Central<\/em> que le realiz\u00f3 un par de entrevistas durante los d\u00edas de fin de a\u00f1o a Edgar Ulises, quien convalece de una neumon\u00eda y de la operaci\u00f3n de un ojo, sostiene que jam\u00e1s conoci\u00f3 a la alumna Yasm\u00edn Esquivel, quien se titul\u00f3 14 meses despu\u00e9s que \u00e9l, teniendo como asesora de tesis a do\u00f1a Martha Rodr\u00edguez, quien de acuerdo con el peri\u00f3dico <em>El Pa\u00eds<\/em>, acumula decenas de tesis plagiadas<\/p>\n<p>En este embrollo pol\u00edtico-jur\u00eddico resalta a todas luces la inmoralidad y la falta de \u00e9tica. Habr\u00e1 que recordarles que \u00e9tica proviene del griego <em>ethikos o ethos<\/em>, que nos habla de un conjunto de normas morales que deben regir la conducta de la persona en cualquier \u00e1mbito de la vida.<\/p>\n<p>\u00bfY qu\u00e9 significa entonces el t\u00e9rmino moral, que no se refiere al \u00e1rbol que da moras? Moral se refiere a la forma de las personas para discernir entre el bien y el mal.<\/p>\n<p>La legislaci\u00f3n universitaria no contempla el plagio, como ocurre con la Ley Federal del Derecho de Autor y como ya pasaron 35 a\u00f1os del plagio de la tesis de la se\u00f1ora Yasm\u00edn Esquivel, lo m\u00e1s seguro es que la UNAM nos salga solamente con alg\u00fan apercibimiento, pero se antoja pr\u00e1cticamente improbable que le cancelen el titul\u00f3n y la SEP, la c\u00e9dula profesional para trabajar como abogada en derecho.<\/p>\n<p>As\u00ed que el vergonzoso asunto lo seguir\u00e1 arrastrando la se\u00f1ora ministra Esquivel a lo largo de toda su vida y AMLO quedar\u00e1 muy mal parado por haber apostado a que la esposa de su amigo y contratista sexenal, Jos\u00e9 Mar\u00eda Riob\u00f3o, a quien AMLO beneficio con los millonarios segundos pisos en la Ciudad de M\u00e9xico y el \u00fanico que pudo convencer a L\u00f3pez Obrador de cancelar el Aeropuerto de Texcoco para construir un \u201celefante blanco\u201d llamado Aeropuerto Internacional Felipe \u00c1ngeles.<\/p>\n<p>Y de \u201cEl rat\u00f3n\u201d y del segundo <em>culiacanazo<\/em>, que hizo que Sinaloa se convirtiera el jueves en una zona de guerra, aqu\u00ed le hablar\u00e9 en la pr\u00f3xima entrega.<\/p>\n<p><em><a href=\"mailto:info@agenciamn.com\" target=\"_blank\" rel=\"noopener noreferrer\">info@agenciamn.com<\/a><\/em><\/p>\n","protected":false},"excerpt":{"rendered":"<p><span style=\"color: #005497;\"><strong>Alberto Vieyra G.<\/strong><\/span><\/p>\n","protected":false},"author":3,"featured_media":0,"comment_status":"open","ping_status":"open","sticky":false,"template":"","format":"standard","meta":{"_monsterinsights_skip_tracking":false,"_monsterinsights_sitenote_active":false,"_monsterinsights_sitenote_note":"","_monsterinsights_sitenote_category":0,"footnotes":""},"categories":[4596],"tags":[43697,4597,43674],"class_list":["post-570726","post","type-post","status-publish","format-standard","hentry","category-alberto-vieyra-g","tag-alberto-vieyra-g","tag-de-pe-a-pa","tag-opinion"],"_links":{"self":[{"href":"https:\/\/www.diarioimagen.net\/index.php?rest_route=\/wp\/v2\/posts\/570726","targetHints":{"allow":["GET"]}}],"collection":[{"href":"https:\/\/www.diarioimagen.net\/index.php?rest_route=\/wp\/v2\/posts"}],"about":[{"href":"https:\/\/www.diarioimagen.net\/index.php?rest_route=\/wp\/v2\/types\/post"}],"author":[{"embeddable":true,"href":"https:\/\/www.diarioimagen.net\/index.php?rest_route=\/wp\/v2\/users\/3"}],"replies":[{"embeddable":true,"href":"https:\/\/www.diarioimagen.net\/index.php?rest_route=%2Fwp%2Fv2%2Fcomments&post=570726"}],"version-history":[{"count":0,"href":"https:\/\/www.diarioimagen.net\/index.php?rest_route=\/wp\/v2\/posts\/570726\/revisions"}],"wp:attachment":[{"href":"https:\/\/www.diarioimagen.net\/index.php?rest_route=%2Fwp%2Fv2%2Fmedia&parent=570726"}],"wp:term":[{"taxonomy":"category","embeddable":true,"href":"https:\/\/www.diarioimagen.net\/index.php?rest_route=%2Fwp%2Fv2%2Fcategories&post=570726"},{"taxonomy":"post_tag","embeddable":true,"href":"https:\/\/www.diarioimagen.net\/index.php?rest_route=%2Fwp%2Fv2%2Ftags&post=570726"}],"curies":[{"name":"wp","href":"https:\/\/api.w.org\/{rel}","templated":true}]}}