{"id":570728,"date":"2023-01-09T00:02:38","date_gmt":"2023-01-09T06:02:38","guid":{"rendered":"https:\/\/www.diarioimagen.net\/?p=570728"},"modified":"2023-01-09T04:52:23","modified_gmt":"2023-01-09T10:52:23","slug":"gobierno-de-estados-unidos-harto-de-abrazos-no-balazos-de-lopez-obrador","status":"publish","type":"post","link":"https:\/\/www.diarioimagen.net\/?p=570728","title":{"rendered":"Gobierno de Estados Unidos, harto de \u201cabrazos, no balazos\u201d de L\u00f3pez Obrador"},"content":{"rendered":"<h2>La Retaguardia<\/h2>\n<h5>Adriana Moreno Cordero<\/h5>\n<p><strong><em>\u00a0<\/em><\/strong><\/p>\n<p><strong><em>* Ebrard se frota las manos por irresponsabilidades de Claudia Sheinbaum<\/em><\/strong><\/p>\n<p><strong><em>\u00a0<\/em><\/strong><\/p>\n<p>Estamos de regreso.<\/p>\n<p>El manotazo, tanto en la mesa de la Casa Blanca como en la DEA, fue contundente. No es ninguna novedad que el gobierno de los Estados Unidos y sus agencias de inteligencia, est\u00e9n hartos de la \u201cpol\u00edtica\u201d para combatir la inseguridad y la delincuencia organizada de esta errada y llamada Cuarta Transformaci\u00f3n y que se resume en una frase que sigue prevaleciendo a\u00fan despu\u00e9s de haber aprehendido ni m\u00e1s ni menos que a <strong>Ovidio Guzm\u00e1n<\/strong>, conocido tambi\u00e9n como \u201cEl Rat\u00f3n\u201d y \u00e9sta es la de \u201cabrazos, no balazos\u201d.<\/p>\n<p>Una vez que se supo la noticia, se empez\u00f3 a especular respecto a que esta captura fue un regalo para el gobierno de Washington, sobre todo ahora que el presidente de Estados Unidos, <strong>Joe Biden<\/strong> est\u00e1 en nuestro pa\u00eds, junto con el primer ministro de Canad\u00e1, <strong>Justin Trudeau<\/strong>, en el marco de la Cumbre de los L\u00edderes del Norte, y a cambio, el mandatario estadounidense ofreci\u00f3 llegar al Aeropuerto Internacional Felipe \u00c1ngeles, no as\u00ed su esposa, <strong>Jil Biden<\/strong>, que arrib\u00f3 a la terminal a\u00e9rea de la Ciudad de M\u00e9xico.<\/p>\n<p>Otra versi\u00f3n apunta a que el gobierno del vecino pa\u00eds del norte presion\u00f3 y presion\u00f3 hasta que consigui\u00f3 que el presidente <strong>Andr\u00e9s Manuel L\u00f3pez Obrador<\/strong> no tuviera m\u00e1s remedio que capturar a Ovidio Guzm\u00e1n. Entonces, no s\u00f3lo por las \u201cex benditas redes sociales\u201d, se habl\u00f3 de una presunta traici\u00f3n del tabasque\u00f1o al C\u00e1rtel de Sinaloa y que esta organizaci\u00f3n delictiva ir\u00eda ahora por el desquite. \u00bfSer\u00e1?<\/p>\n<p>En fin, el caso es que de cualquier manera, quienes han pertenecido al FBI o a la DEA, coinciden en algo: En que no precisamente emulando a su padre, Joaqu\u00edn \u201cel Chapo\u201d Guzm\u00e1n, \u201cEl Rat\u00f3n\u201d podr\u00eda escapar del penal del Altiplano, a donde fue llevado con diagn\u00f3stico de depresi\u00f3n y ansiedad.<\/p>\n<p>Coinciden los especialistas en que como Ovidio es mexicano y aqu\u00ed en nuestro pa\u00eds no est\u00e1 acusado pr\u00e1cticamente de nada, \u2014los cargos son en Estados Unidos\u2014, tendr\u00eda oportunidad de dar largas e interponer amparo tras amparo para posponer su deportaci\u00f3n al vecino del norte, lo que se podr\u00eda llevar en promedio, algo as\u00ed como dos a\u00f1os m\u00ednimo.<\/p>\n<p>De ah\u00ed, la prisa que tiene el gobierno de Washington para llevarse al hijo de \u201cEl Chapo\u201d Guzm\u00e1n, por lo que es de esperarse que cuando el presidente Biden sea recibido por L\u00f3pez Obrador y \u00e9ste \u00faltimo se suba al veh\u00edculo conocido como \u201cLa bestia\u201d para conversar \u201cen corto\u201d con su hom\u00f3logo norteamericano, se toque este tema y escuche la insistencia de Biden para llevarse a \u201cEl Rat\u00f3n\u201d, pues finalmente el mandatario estadunidense cedi\u00f3 y al final accedi\u00f3 llegar al AIFA, esto tambi\u00e9n en una din\u00e1mica en la que se supone que se quieren recomponer las relaciones entre M\u00e9xico y Estados Unidos, que han tenido algunos devaneos, que iniciaron cuando el tabasque\u00f1o no felicit\u00f3 a Biden por su triunfo; luego vino la aprehensi\u00f3n del exsecretario de la Defensa Nacional, <strong>Salvador Cienfuegos<\/strong>, situaci\u00f3n de la que finalmente sali\u00f3 bien librado el general y aquella supuesta amistad entre, casi hermandad, entre L\u00f3pez Obrador y el ex presidente de EU, <strong>Donald Trump<\/strong>.<\/p>\n<p>No es osado que otro punto que toque Biden sea precisamente el que el inquilino de Palacio Nacional cambie su famos\u00edsima e irracional frase de \u201cabrazos, no balazos\u201d, por una real estrategia de combate a la inseguridad y a la delincuencia organizada y en esto \u00faltimo tendr\u00e1 mucho que ver c\u00f3mo le va al tabasque\u00f1o cuando el presidente Biden haya estado en la frontera entre M\u00e9xico y Estados Unidos, en Ciudad Ju\u00e1rez, donde, por cierto, tambi\u00e9n se han registrado acciones muy violentas.<\/p>\n<p>Por otra parte, especialistas en cuestiones de delincuencia organizada, coinciden en se\u00f1alar que sin pretender restarle m\u00e9rito a esta acci\u00f3n, que deriv\u00f3 en la captura de Ovidio Guzm\u00e1n, no resulta suficiente en un escenario en el que nuestro pa\u00eds se convulsiona y debate en medio de una galopante y creciente inseguridad y muerte. En todo caso, si esta errada y llamada Cuarta Transformaci\u00f3n actu\u00f3, fue porque as\u00ed lo exigi\u00f3 el gobierno de Estados Unidos, que con algo habr\u00e1 amenazado a L\u00f3pez Obrador, cuesti\u00f3n de recordar un detalle que no debe perderse de vista.<\/p>\n<p>En junio del a\u00f1o pasado, los senadores <strong>Ted Cruz<\/strong> y <strong>Marco Rubio<\/strong>, acusaron al Presidente de M\u00e9xico de tener v\u00ednculos con el crimen organizado. Acto seguido, el inquilino de Palacio Nacional los emplaz\u00f3 a presentar pruebas y les envi\u00f3 el mensaje, visiblemente enojado de que \u00e9l no es <strong>Felipe Calder\u00f3n<\/strong>. Eso s\u00ed, la obsesi\u00f3n que tiene el de Tepetit\u00e1n por el ex presidente, ya toca el l\u00edmite de lo delirante, pero es previsible que no tendr\u00eda otra forma de empezar el a\u00f1o.<\/p>\n<p>Incluso, L\u00f3pez Obrador acus\u00f3 al senador Cruz y dijo tener pruebas \u201cde que a \u00e9l (Cruz) le han dado dinero los que est\u00e1n a favor de la fabricaci\u00f3n de armas en Estados Unidos y que no haya ninguna prohibici\u00f3n para la venta, yo tengo las pruebas\u201d. Este suceso no escal\u00f3 a m\u00e1s, pero ahora, vuelve a tomar vigencia. Y otro asunto aparte, es que habr\u00e1 que ver c\u00f3mo se desarrolla la cumbre de los L\u00edderes del Norte, que por cierto, tambi\u00e9n le queda muy, pero muy grande a L\u00f3pez Obrador.<\/p>\n<p style=\"text-align: center;\"><strong>Municiones<\/strong><\/p>\n<p>*** Alguien muy gustoso se est\u00e1 frotando las manos luego del tr\u00e1gico acontecimiento del s\u00e1bado pasado, cuando se registr\u00f3 un choque de trenes en la L\u00ednea 3 del Sistema de Transporte Colectivo Metro, que dej\u00f3 un saldo de una mujer muerta y decenas de heridos, cuando la flamante jefa de Gobierno de la Ciudad de M\u00e9xico, <strong>Claudia Sheinbaum<\/strong>, como es ya su costumbre, dej\u00f3 botada la casa y se fue de campa\u00f1a a Michoac\u00e1n, de pasada a comer carnitas y se tuvo que regresar en un helic\u00f3ptero que le facilit\u00f3 el gobernador de aquella entidad, <strong>Alfredo Bedolla<\/strong> y de ah\u00ed de la manera m\u00e1s estoica posible la siempre eficiente funcionaria hubo de resistir la andanada de cr\u00edticas y se\u00f1alamientos que le llovieron \u201cduro y tupido\u201d por otra tragedia que bien puede atribu\u00edrsele a ella, a su irresponsabilidad. Como es la vida, el \u201cnegrito en el arroz\u201d para la jefa de Gobierno se llama Metro, sistema de transporte que, como puede observarse, ser\u00e1 su tumba pol\u00edtica ya que de entrada, la est\u00e1 alejando de la ansiada candidatura presidencial de Morena. Bueno, pero \u00bfqui\u00e9n ser\u00e1 el que se est\u00e9 frotando las manos? Obvio, el secretario de Relaciones Exteriores, <strong>Marcelo Ebrard Casaubon<\/strong>, que tendr\u00e1 activa participaci\u00f3n en la Cumbre de los L\u00edderes del Norte, especialmente como traductor y edec\u00e1n oficial.<\/p>\n<p>*** En una acci\u00f3n muy similar a la que despleg\u00f3 el expresidente de Estados Unidos, Donald Trump hace 2 a\u00f1os, ciudadanos brasile\u00f1os que apoyan a <strong>Jair Bolsonaro<\/strong>, tomaron las sedes de los poderes de manera violenta. El presidente <strong>Luiz In\u00e1cio Lula Da Silva<\/strong>, en un discurso, se\u00f1al\u00f3 que los fascistas pagar\u00e1n con la fuerza de la ley este acto a todas luces antidemocr\u00e1tico. Por su parte, el canciller Ebrard, por las redes, manifest\u00f3 \u201cpleno respaldo de M\u00e9xico al gobierno del presidente Lula, electo por voluntad popular\u201d.<\/p>\n<p><u><a href=\"mailto:morcora@gmail.com\" target=\"_blank\" rel=\"noopener noreferrer\"><em>morcora@gmail.com<\/em><\/a><\/u><\/p>\n","protected":false},"excerpt":{"rendered":"<p><span style=\"color: #005497;\"><strong>Adriana Moreno Cordero<\/strong><\/span><\/p>\n","protected":false},"author":3,"featured_media":0,"comment_status":"open","ping_status":"open","sticky":false,"template":"","format":"standard","meta":{"_monsterinsights_skip_tracking":false,"_monsterinsights_sitenote_active":false,"_monsterinsights_sitenote_note":"","_monsterinsights_sitenote_category":0,"footnotes":""},"categories":[69370],"tags":[69369,69368,43674],"class_list":["post-570728","post","type-post","status-publish","format-standard","hentry","category-adriana-moreno-cordero","tag-adriana-moreno-cordero","tag-la-retaguardia","tag-opinion"],"_links":{"self":[{"href":"https:\/\/www.diarioimagen.net\/index.php?rest_route=\/wp\/v2\/posts\/570728","targetHints":{"allow":["GET"]}}],"collection":[{"href":"https:\/\/www.diarioimagen.net\/index.php?rest_route=\/wp\/v2\/posts"}],"about":[{"href":"https:\/\/www.diarioimagen.net\/index.php?rest_route=\/wp\/v2\/types\/post"}],"author":[{"embeddable":true,"href":"https:\/\/www.diarioimagen.net\/index.php?rest_route=\/wp\/v2\/users\/3"}],"replies":[{"embeddable":true,"href":"https:\/\/www.diarioimagen.net\/index.php?rest_route=%2Fwp%2Fv2%2Fcomments&post=570728"}],"version-history":[{"count":0,"href":"https:\/\/www.diarioimagen.net\/index.php?rest_route=\/wp\/v2\/posts\/570728\/revisions"}],"wp:attachment":[{"href":"https:\/\/www.diarioimagen.net\/index.php?rest_route=%2Fwp%2Fv2%2Fmedia&parent=570728"}],"wp:term":[{"taxonomy":"category","embeddable":true,"href":"https:\/\/www.diarioimagen.net\/index.php?rest_route=%2Fwp%2Fv2%2Fcategories&post=570728"},{"taxonomy":"post_tag","embeddable":true,"href":"https:\/\/www.diarioimagen.net\/index.php?rest_route=%2Fwp%2Fv2%2Ftags&post=570728"}],"curies":[{"name":"wp","href":"https:\/\/api.w.org\/{rel}","templated":true}]}}