{"id":570731,"date":"2023-01-09T00:05:14","date_gmt":"2023-01-09T06:05:14","guid":{"rendered":"https:\/\/www.diarioimagen.net\/?p=570731"},"modified":"2023-01-09T04:55:55","modified_gmt":"2023-01-09T10:55:55","slug":"pobres-como-esposas-golpeadas","status":"publish","type":"post","link":"https:\/\/www.diarioimagen.net\/?p=570731","title":{"rendered":"Pobres, como esposas golpeadas"},"content":{"rendered":"<h2>Perfil de M\u00e9xico<\/h2>\n<h5>Armando R\u00edos Ruiz<\/h5>\n<p>&nbsp;<\/p>\n<p>Hace tiempo circul\u00f3 en las redes sociales un video en el que aparece el actual Presidente profiriendo denuestos contra los pobres. Se difundi\u00f3 con profusi\u00f3n, pero no hizo la menor mella, ni en el mandatario ni en los aludidos, quienes continuaron inalterables con ofrendas de amor y reconocimiento a quien los injuriaba. El primero debe haber celebrado y los segundos, seguramente no se enteraron o si conocieron esos hechos, demostraron que era m\u00e1s grande su amor que su verg\u00fcenza. Como las mujeres que defienden al marido que las golpea.<\/p>\n<p>Despu\u00e9s, en una de sus ma\u00f1aneras manifest\u00f3 que a los neoliberales no les gustaban los programas asistenciales de su gobierno y que la justicia consiste en atender a la gente humilde. A los pobres. \u201cEsa es la funci\u00f3n del gobierno\u201d. Compar\u00f3 a la clase humilde con los animales: ni modo que se le diga a una mascota, a ver, vete a buscar tu alimento. Entonces se lo tienes que dar\u201d.<\/p>\n<p>Es imposible pensar que no siente o que no sabe lo que dice. Lo expresa porque lo siente. Se trata de ideas que est\u00e1n metidas en el fondo de su mente, porque toda su vida las acarici\u00f3 y las madur\u00f3, como una forma de manipular a la clase m\u00e1s vulnerable, a la que basta dar dinero para ganar su voluntad incondicional. Tambi\u00e9n es cierto que las escuch\u00f3 de otros mandatarios latinoamericanos que expresaron lo mismo, lo que acab\u00f3 por convencerlo.<\/p>\n<p>Y tambi\u00e9n conoci\u00f3 el catecismo del Foro de Sao Paulo, que aconseja tales pr\u00e1cticas para conservar el poder. En un video, tambi\u00e9n aparece su incondicional Yeidkol Polevnsky o Citlali Ib\u00e1\u00f1ez Camacho, en el que sostiene que a los pobres hay que mantenerlos pobres para que obedezcan, porque cuando dejan de serlo, entonces se convierten en clase media y es m\u00e1s dif\u00edcil convencerlos y manipularlos. \u00a1Esa es la moderna clase gobernante en M\u00e9xico!<\/p>\n<p>En otra ocasi\u00f3n habl\u00f3 de la\u00a0crisis econ\u00f3mica que ha dejado el COVID-19\u00a0 y para variar, del modelo econ\u00f3mico neoliberal\u00a0en M\u00e9xico y recomend\u00f3 la importancia de empezar a ahorrar y dejar de ostentar lujos. Se\u00f1al\u00f3 que no debemos \u201cconsumir de manera enfermiza. Si ya tenemos zapatos \u00bfPara qu\u00e9 m\u00e1s?\u00a0Si ya se tiene la ropa indispensable, s\u00f3lo eso. Si se puede tener un veh\u00edculo modesto para el traslado \u00bfPor qu\u00e9 el lujo?\u201d, expres\u00f3 al tratar de explicar la austeridad republicana\u201d.<\/p>\n<p>La pregunta asom\u00f3 inmediatamente: \u00bfpor qu\u00e9 \u00e9l mismo no usa siempre el mismo par de zapatos, que cuestan unos 20 mil pesos? \u00bfPor qu\u00e9 usa trajes diferentes que cuestan igualmente lo que sus pares de zapatos e inclusive m\u00e1s? \u00bfPor qu\u00e9 no recomienda a sus hijos un poco de humildad y dejar de exhibirse para la foto en los lugares m\u00e1s cros del mundo, siempre de paseo en sitios que s\u00f3lo visita en jet set mundial, por los precios m\u00e1s inaccesibles que all\u00ed se pagan?<\/p>\n<p>\u00bfPor qu\u00e9 permit\u00eda que su hijo mayor viviera en una lujosa mansi\u00f3n, que tuviera que dejar debido a la exhibici\u00f3n de ese pasaje que realiz\u00f3 un medio informativo? \u00bfPor qu\u00e9 su hijo menor estudia en una escuela muy cara de Londres? En suma, \u00bfpor qu\u00e9 no predica con el ejemplo?<\/p>\n<p>Pues acaba de arremeter nuevamente contra la clase pobre. Muchos mexicanos lo escucharon decir que Ayudarlos es una \u2018estrategia pol\u00edtica\u2019. A\u00f1adi\u00f3 que con ellos va a la segura, no como con los sectores de clase media, los de arriba o la \u201cintelectualidad\u201d. Insisti\u00f3 en que ayudarlos es parte de su estrategia pol\u00edtica, porque regresan el apoyo respaldando a la Cuarta Transformaci\u00f3n.<\/p>\n<p>Habl\u00f3 pues como el que dice lo que piensa y no piensa lo que dice. Un medio lo desmiente de manera absoluta. Manifiesta: Del total asignado en programas sociales,\u00a0las personas m\u00e1s pobres recibieron el 10% en 2020, cuando en 2018 hab\u00edan recibido 18%; en cambio, los hogares m\u00e1s ricos obtuvieron el 7%, cuando antes concentraban solo el 2%, seg\u00fan un an\u00e1lisis de INDESIG.<\/p>\n<p>Y el Inegi exhibe que en los dos primeros a\u00f1os de esta administraci\u00f3n, el gobierno\u00a0aument\u00f3 el n\u00famero de personas en situaci\u00f3n de pobreza que no reciben programas sociales. Prueba absoluta de que el gobernante es ignorancia pura.<\/p>\n<p><a href=\"mailto:ariosruiz@gmail.com\" target=\"_blank\" rel=\"noopener noreferrer\"><em>ariosruiz@gmail.com<\/em><\/a><\/p>\n","protected":false},"excerpt":{"rendered":"<p><span style=\"color: #005497;\"><strong>Armando R\u00edos Ruiz<\/strong><\/span><\/p>\n","protected":false},"author":3,"featured_media":0,"comment_status":"open","ping_status":"open","sticky":false,"template":"","format":"standard","meta":{"_monsterinsights_skip_tracking":false,"_monsterinsights_sitenote_active":false,"_monsterinsights_sitenote_note":"","_monsterinsights_sitenote_category":0,"footnotes":""},"categories":[88405],"tags":[88407,43674,91193],"class_list":["post-570731","post","type-post","status-publish","format-standard","hentry","category-armando-rios-ruiz","tag-armando-rios-ruiz","tag-opinion","tag-perfil-de-mexico"],"_links":{"self":[{"href":"https:\/\/www.diarioimagen.net\/index.php?rest_route=\/wp\/v2\/posts\/570731","targetHints":{"allow":["GET"]}}],"collection":[{"href":"https:\/\/www.diarioimagen.net\/index.php?rest_route=\/wp\/v2\/posts"}],"about":[{"href":"https:\/\/www.diarioimagen.net\/index.php?rest_route=\/wp\/v2\/types\/post"}],"author":[{"embeddable":true,"href":"https:\/\/www.diarioimagen.net\/index.php?rest_route=\/wp\/v2\/users\/3"}],"replies":[{"embeddable":true,"href":"https:\/\/www.diarioimagen.net\/index.php?rest_route=%2Fwp%2Fv2%2Fcomments&post=570731"}],"version-history":[{"count":0,"href":"https:\/\/www.diarioimagen.net\/index.php?rest_route=\/wp\/v2\/posts\/570731\/revisions"}],"wp:attachment":[{"href":"https:\/\/www.diarioimagen.net\/index.php?rest_route=%2Fwp%2Fv2%2Fmedia&parent=570731"}],"wp:term":[{"taxonomy":"category","embeddable":true,"href":"https:\/\/www.diarioimagen.net\/index.php?rest_route=%2Fwp%2Fv2%2Fcategories&post=570731"},{"taxonomy":"post_tag","embeddable":true,"href":"https:\/\/www.diarioimagen.net\/index.php?rest_route=%2Fwp%2Fv2%2Ftags&post=570731"}],"curies":[{"name":"wp","href":"https:\/\/api.w.org\/{rel}","templated":true}]}}