{"id":570735,"date":"2023-01-09T00:08:57","date_gmt":"2023-01-09T06:08:57","guid":{"rendered":"https:\/\/www.diarioimagen.net\/?p=570735"},"modified":"2023-01-09T04:58:49","modified_gmt":"2023-01-09T10:58:49","slug":"bajo-el-signo-de-la-violencia","status":"publish","type":"post","link":"https:\/\/www.diarioimagen.net\/?p=570735","title":{"rendered":"Bajo el signo de la violencia"},"content":{"rendered":"<h2>Punto por punto<\/h2>\n<h5>Augusto Corro<\/h5>\n<p>&nbsp;<\/p>\n<p>M\u00e9xico contin\u00faa bajo el signo de la violencia que empez\u00f3 hace varios sexenios. Los gobiernos de diferente corriente pol\u00edtica no pudieron ofrecer seguridad a la poblaci\u00f3n. Iniciamos, pues, el a\u00f1o 2023, con acciones criminales que no parecen tener fin, con p\u00e9rdidas de la vida de representantes de la ley y de elementos de la delincuencia organizada.<\/p>\n<p>En esa ola de violencia se incluyen masacre en una c\u00e1rcel, la captura del capo de la droga, Ovidio Guzm\u00e1n, as\u00ed como enfrentamientos armados entre los grupos de la delincuencia organizada que busca apoderarse de las plazas. En las noticias diarias ya es com\u00fan leer, desde hace tiempo, como crece el n\u00famero de personas extorsionadas, secuestradas y asesinados.<\/p>\n<p>En primeros d\u00edas del presente a\u00f1o, van 397 asesinatos en una semana en diferentes lugares de M\u00e9xico. Dos hechos importantes se registraron en Ciudad Ju\u00e1rez y en Culiac\u00e1n, Sinaloa. En el primer caso, un mot\u00edn y fuga en el Centro de Readaptaci\u00f3n Social (Cereso) dej\u00f3 un saldo de 17 muertos y 30 internos fugados, entre ellos Ernesto Alfredo Pi\u00f1\u00f3n de la Cruz (a) \u201cEl Neto\u201d.<\/p>\n<p>Tras la fuga, fue abatido \u201cEl Neto\u201d. La estrategia de la delincuencia organizada se basa en la distracci\u00f3n. Cuando se realizaba el rescate en la prisi\u00f3n, algunas calles de Ciudad Ju\u00e1rez fueron bloqueadas y los delincuentes robaron e incendiaron veh\u00edculos. Esas escenas de violencia se repiten en las acciones criminales.<\/p>\n<p>El otro hecho violento ocurri\u00f3 en Culiac\u00e1n. En un operativo encabezado por el Ej\u00e9rcito fue detenido Ovidio Guzm\u00e1n, el hijo de \u201cEl Chapo\u201d Guzm\u00e1n, uno de los l\u00edderes del C\u00e1rtel de Sinaloa. Se trata del capo m\u00e1s importante detenido durante el gobierno de L\u00f3pez Obrador. En la recaptura las autoridades contabilizaron 10 militares y 19 miembros de la delincuencia organizada fallecidos.<\/p>\n<p>Cabe se\u00f1alar que en abril de 2018, la Corte para el distrito de Columbia, en EU, present\u00f3 cargos formales en contra de Ovidio Guzm\u00e1n (el \u201cRat\u00f3n\u201d) y sus hermanos Iv\u00e1n, Joaqu\u00edn y Jes\u00fas Alfredo, como responsables de conspirar, confederar y distribuir coca\u00edna, metanfetamina y marihuana, en el pa\u00eds vecino. Tambi\u00e9n al hijo de \u201cEl Chapo\u201d lo acusan de producir fentanilo, una sustancia que mata a m\u00e1s de cien mil estadounidenses por a\u00f1o.<\/p>\n<p>De acuerdo con las estad\u00edsticas, los estados con m\u00e1s asesinatos son: Chihuahua, Michoac\u00e1n, Estado de M\u00e9xico, Guanajuato, Veracruz, Jalisco y Nuevo Le\u00f3n. En fin, el problema de la violencia continuar\u00e1; pues no se ve por ning\u00fan lado una soluci\u00f3n.<\/p>\n<p style=\"text-align: center;\"><strong>Sheinbaum y sus giras<\/strong><\/p>\n<p>Ojal\u00e1 y las autoridades capitalinas entiendan que no es tan f\u00e1cil gobernar una metr\u00f3poli como lo es la Ciudad de M\u00e9xico. Son m\u00faltiples los problemas que surgen diariamente que exigen una respuesta r\u00e1pida y oportuna de su gobernante. Nos referimos concretamente al accidente del Metro registrado el s\u00e1bado, en el que perdi\u00f3 la vida una joven y decenas de personas resultaron lesionadas.<\/p>\n<p>El hecho tom\u00f3 fuera de la base a la jefa de gobierno Claudia Sheinbaum, quien se encontraba en Morelia. Desde este sitio la funcionaria viaj\u00f3 en helic\u00f3ptero para venir a la Ciudad de M\u00e9xico. El caso se \u201cpolitiz\u00f3\u201d inmediatamente. La oposici\u00f3n le sugiri\u00f3 a la gobernante que atienda primero los problemas de la metr\u00f3poli y luego realice su precampa\u00f1a electoral presidencial.<\/p>\n<p>Como se sabe, Claudia Sheinbaum es una de las \u201ccorcholatas\u201d destapadas por L\u00f3pez Obrador, como favorita para contender por el gobierno de la Rep\u00fablica, raz\u00f3n suficiente para ser objeto de cr\u00edticas por parte de los grupos opositores que no aceptan la precampa\u00f1a de la jefa de gobierno que cada fin de semana realiza giras en el interior del pa\u00eds, sin considerar que la CDMX est\u00e1 expuesta a un sinn\u00famero de problemas.<\/p>\n<p>En esta ocasi\u00f3n, se trat\u00f3 del accidente en el Metro: pero hay otras cuestiones que exigen su presencia ante los nulos resultados de los responsables de resolver los problemas. Por ejemplo, en varias colonias de la alcald\u00eda Gustavo A. Madero durante varios d\u00edas estuvieron sin agua y ninguna autoridad apareci\u00f3 para atender a los vecinos que se quejaron de la falta del l\u00edquido vital.<\/p>\n<p>Las quejas por la falta de agua continuar\u00e1n y tampoco se alcanza a contemplar una soluci\u00f3n. Ojal\u00e1 y que la jefa de Gobierno vaya a la GAM a conocer el sinn\u00famero de problemas que la agobian, antes del fin de semana que abandona la metr\u00f3poli para seguir con su precampa\u00f1a electoral, en el interior del pa\u00eds.<\/p>\n<p>\u00bfUsted qu\u00e9 opina amable lector?<\/p>\n<p><em><a href=\"mailto:aco2742@hotmail.com\" target=\"_blank\" rel=\"noopener noreferrer\">aco2742@hotmail.com<\/a><\/em><\/p>\n","protected":false},"excerpt":{"rendered":"<p><span style=\"color: #005497;\"><strong>Augusto Corro<\/strong><\/span><\/p>\n","protected":false},"author":3,"featured_media":0,"comment_status":"open","ping_status":"open","sticky":false,"template":"","format":"standard","meta":{"_monsterinsights_skip_tracking":false,"_monsterinsights_sitenote_active":false,"_monsterinsights_sitenote_note":"","_monsterinsights_sitenote_category":0,"footnotes":""},"categories":[157],"tags":[43686,43674,11515],"class_list":["post-570735","post","type-post","status-publish","format-standard","hentry","category-augusto-corro","tag-augusto-corro","tag-opinion","tag-punto-por-punto"],"_links":{"self":[{"href":"https:\/\/www.diarioimagen.net\/index.php?rest_route=\/wp\/v2\/posts\/570735","targetHints":{"allow":["GET"]}}],"collection":[{"href":"https:\/\/www.diarioimagen.net\/index.php?rest_route=\/wp\/v2\/posts"}],"about":[{"href":"https:\/\/www.diarioimagen.net\/index.php?rest_route=\/wp\/v2\/types\/post"}],"author":[{"embeddable":true,"href":"https:\/\/www.diarioimagen.net\/index.php?rest_route=\/wp\/v2\/users\/3"}],"replies":[{"embeddable":true,"href":"https:\/\/www.diarioimagen.net\/index.php?rest_route=%2Fwp%2Fv2%2Fcomments&post=570735"}],"version-history":[{"count":0,"href":"https:\/\/www.diarioimagen.net\/index.php?rest_route=\/wp\/v2\/posts\/570735\/revisions"}],"wp:attachment":[{"href":"https:\/\/www.diarioimagen.net\/index.php?rest_route=%2Fwp%2Fv2%2Fmedia&parent=570735"}],"wp:term":[{"taxonomy":"category","embeddable":true,"href":"https:\/\/www.diarioimagen.net\/index.php?rest_route=%2Fwp%2Fv2%2Fcategories&post=570735"},{"taxonomy":"post_tag","embeddable":true,"href":"https:\/\/www.diarioimagen.net\/index.php?rest_route=%2Fwp%2Fv2%2Ftags&post=570735"}],"curies":[{"name":"wp","href":"https:\/\/api.w.org\/{rel}","templated":true}]}}