{"id":570743,"date":"2023-01-09T00:06:33","date_gmt":"2023-01-09T06:06:33","guid":{"rendered":"https:\/\/www.diarioimagen.net\/?p=570743"},"modified":"2023-01-09T05:03:42","modified_gmt":"2023-01-09T11:03:42","slug":"extincion-del-pri","status":"publish","type":"post","link":"https:\/\/www.diarioimagen.net\/?p=570743","title":{"rendered":"\u00bfExtinci\u00f3n del PRI?"},"content":{"rendered":"<h2>Como veo, doy<\/h2>\n<h5>Jorge Luis Galicia Palacios<\/h5>\n<p>&nbsp;<\/p>\n<ul>\n<li><em><strong>Estado de M\u00e9xico, prueba de fuego<\/strong><\/em><\/li>\n<\/ul>\n<p>&nbsp;<\/p>\n<p>En las \u00faltimas d\u00e9cadas, en nuestro sistema de partidos, la gente habla de la desaparici\u00f3n pol\u00edtica del Partido Revolucionario Institucional y aunque el otrora poderoso tricolor sigue ganando elecciones a nivel local, es de todos conocido que su poder ha menguado casi al punto de la aniquilaci\u00f3n y el augurio de d\u00e9cadas atr\u00e1s cada vez parece m\u00e1s cercano. En 2018, perdi\u00f3 la Presidencia y desde entonces las derrotas se han convertido en el s\u00edmbolo que caracteriza al nonagenario instituto partidista.<\/p>\n<p>2023 no pinta nada bien para el PRI, en Coahuila y el Estado de M\u00e9xico se juega su permanencia como opci\u00f3n electoral. El panorama es dif\u00edcil, m\u00e1s a\u00fan si se considera que su dirigencia nacional no las trae todas consigo ni con su militancia ni con sus simpatizantes y mucho menos con sus posibles aliados del PAN y el PRD, donde Alejandro Moreno m\u00e1s de una vez ha mandado al carajo a los dirigentes de esas siglas partidistas con las decisiones que ha tomado en la tribuna legislativa.<\/p>\n<p>Hace unos d\u00edas, en entrevista para el Grupo Radio F\u00f3rmula, escuchamos decir al analista y experto en estudios de opini\u00f3n, Roy Campos, presidente de Consulta Mitofsky, que el PRI empieza a desaparecer ante la p\u00e9rdida de puestos de poder y resalt\u00f3 que en las entidades donde este a\u00f1o habr\u00e1 elecciones para elegir gobernador, Edomex y Coahuila, son los dos estados en los que nunca ha habido alternancia y siempre han sido gobernados por el PRI, son los \u00faltimos dos estados que gan\u00f3 ese partido, puesto que despu\u00e9s de 2017 no ha podido reconquistar ninguna entidad sin ir en alianza.<\/p>\n<p>Apunt\u00f3 que tan s\u00f3lo el Estado de M\u00e9xico tiene al 12 por ciento del electorado, un padr\u00f3n electoral superior num\u00e9ricamente que los seis estados donde se realizaron elecciones en 2022. Por lo que si Morena ganara el Estado de M\u00e9xico, gobernar\u00eda a 3 de cada 4 miembros del padr\u00f3n electoral.<\/p>\n<p>Por otro lado, Roy Campos dijo que Morena gobierna al 63 por ciento de la poblaci\u00f3n; es decir, casi 2 de cada 3 habitantes del pa\u00eds son gobernados a nivel estatal por Morena.<\/p>\n<p>Hasta ah\u00ed la entrevista y los n\u00fameros del consultor en temas demosc\u00f3picos y aunque los datos de una encuesta son fotograf\u00edas del momento, no hay que terquear la realidad que los priistas viven en carne propia y en gran parte el dif\u00edcil panorama que enfrentan se lo deben a su dirigente Alejandro Moreno \u201cAlito\u201d.<\/p>\n<p>Y es que de Moreno C\u00e1rdenas dicen que es muy hablant\u00edn y, como la chimoltrufia, lo mismo dice una cosa que otra, eso sin descontar que como ex mandatario estatal de Campeche, tierra que gobern\u00f3 antes de ser presidente del CEN del PRI, trae una carga pesada de demandas de tipo penal, donde lo mismo se le acusa de enriquecimiento il\u00edcito, actos de corrupci\u00f3n y chantaje.<\/p>\n<p>En ese contexto, la militancia no olvida que su dirigente nacional fue electo en agosto de 2019 para un periodo de cuatro a\u00f1os, mismo que concluye en agosto de 2023, de ah\u00ed que ahora no le perdonen que de manera soterrada, manipulada y por inter\u00e9s personal, el perverso \u201cAlito\u201d les haya cambiado las reglas del juego modificando los estatutos partidistas para ampliar su mandato hasta 2024 y m\u00e1s all\u00e1.<\/p>\n<p>Recuerda a\u00fan la militancia tricolor que, a pesar de la existencia de voces de liderazgos al interior del PRI que ped\u00edan la renuncia anticipada del l\u00edder, por las m\u00faltiples acusaciones que pend\u00edan sobre \u00e9l, \u00e9ste les dijo que respetar\u00eda el mandato de cuatro a\u00f1os otorgado de manera estatutaria y de nada sirvieron advertencias de que su bravucona actitud estaba \u201cllevando entre las patas lo poco que les quedaba de buena imagen a su partido\u201d.<\/p>\n<p>Con las modificaciones a los estatutos del vetusto partido, se da por hecho que \u201cAlito\u201d se queda a dirigir los destinos de la militancia tricolor hasta que se le d\u00e9 la gana, eso si antes no lo desaforan en el Congreso de la Uni\u00f3n y le fincan responsabilidades penales por tanta acusaci\u00f3n que pesa sobre \u00e9l.<\/p>\n<p>En fin, por lo pronto le desean suerte en su situaci\u00f3n personal, porque en lo pol\u00edtico partidista la militancia que a\u00fan le queda al PRI advierte que con Alejandro Moreno la suerte est\u00e1 echada para su partido y en esa ruta lo que les espera es la extinci\u00f3n, de ah\u00ed que muchos vislumbran y exploran otras opciones de participaci\u00f3n pol\u00edtica. Qu\u00e9 tal.<\/p>\n<p><strong>LAS CARTAS HABLAN.-<\/strong> De las elecciones que habr\u00e1 en el Estado de M\u00e9xico, Roy Campos nos recuerda que el territorio mexiquense es el basti\u00f3n m\u00e1s fuerte del tricolor, en tanto que 793 mil 403 de los 2 millones 065 mil 161 de las personas afiliadas al PRI se encuentran en esta demarcaci\u00f3n, es decir 2 de cada 5 priistas son del Edomex, de acuerdo con datos del Instituto Nacional Electoral, correspondientes al a\u00f1o 2020.<\/p>\n<p>Pues s\u00ed, la estad\u00edstica no miente y un escenario de derrota pri\u00edsta en esos lares, ser\u00e1 como una muerte anticipada del partido tricolor, al menos en lo que a nivel de elecciones nacionales y estatales se refiere, porque podr\u00e1 seguir ganando una que otra elecci\u00f3n local pero no como para tener la presencia nacional que durante casi un siglo tuvo.<\/p>\n<p><strong>VA MI RESTO.-<\/strong> \u00danicamente desear un feliz a\u00f1o 2023 a todos nuestros lectores, que sea un a\u00f1o de salud, \u00e9xitos profesionales y bienestar familiar para todos y hasta ah\u00ed, porque como veo doy.<\/p>\n<p><em><a href=\"mailto:jorgelgalicia@yahoo.com.mx\" target=\"_blank\" rel=\"noopener noreferrer\">jorgelgalicia@yahoo.com.mx<\/a><\/em><\/p>\n","protected":false},"excerpt":{"rendered":"<p><span style=\"color: #005497;\"><strong>Jorge Luis Galicia Palacios<\/strong><\/span><\/p>\n","protected":false},"author":3,"featured_media":0,"comment_status":"open","ping_status":"open","sticky":false,"template":"","format":"standard","meta":{"_monsterinsights_skip_tracking":false,"_monsterinsights_sitenote_active":false,"_monsterinsights_sitenote_note":"","_monsterinsights_sitenote_category":0,"footnotes":""},"categories":[63916],"tags":[28722,63917,43674],"class_list":["post-570743","post","type-post","status-publish","format-standard","hentry","category-jorge-luis-galicia-palacios","tag-como-veo-doy","tag-jorge-luis-galicia-palacios","tag-opinion"],"_links":{"self":[{"href":"https:\/\/www.diarioimagen.net\/index.php?rest_route=\/wp\/v2\/posts\/570743","targetHints":{"allow":["GET"]}}],"collection":[{"href":"https:\/\/www.diarioimagen.net\/index.php?rest_route=\/wp\/v2\/posts"}],"about":[{"href":"https:\/\/www.diarioimagen.net\/index.php?rest_route=\/wp\/v2\/types\/post"}],"author":[{"embeddable":true,"href":"https:\/\/www.diarioimagen.net\/index.php?rest_route=\/wp\/v2\/users\/3"}],"replies":[{"embeddable":true,"href":"https:\/\/www.diarioimagen.net\/index.php?rest_route=%2Fwp%2Fv2%2Fcomments&post=570743"}],"version-history":[{"count":0,"href":"https:\/\/www.diarioimagen.net\/index.php?rest_route=\/wp\/v2\/posts\/570743\/revisions"}],"wp:attachment":[{"href":"https:\/\/www.diarioimagen.net\/index.php?rest_route=%2Fwp%2Fv2%2Fmedia&parent=570743"}],"wp:term":[{"taxonomy":"category","embeddable":true,"href":"https:\/\/www.diarioimagen.net\/index.php?rest_route=%2Fwp%2Fv2%2Fcategories&post=570743"},{"taxonomy":"post_tag","embeddable":true,"href":"https:\/\/www.diarioimagen.net\/index.php?rest_route=%2Fwp%2Fv2%2Ftags&post=570743"}],"curies":[{"name":"wp","href":"https:\/\/api.w.org\/{rel}","templated":true}]}}