{"id":570747,"date":"2023-01-09T00:07:45","date_gmt":"2023-01-09T06:07:45","guid":{"rendered":"https:\/\/www.diarioimagen.net\/?p=570747"},"modified":"2023-01-09T05:08:05","modified_gmt":"2023-01-09T11:08:05","slug":"morena-pide-no-politizar-metrazo-pero-aprovecha-para-defender-a-sheinbaum","status":"publish","type":"post","link":"https:\/\/www.diarioimagen.net\/?p=570747","title":{"rendered":"Morena pide no politizar Metrazo, pero aprovecha para defender a Sheinbaum"},"content":{"rendered":"<h2>Clase Pol\u00edtica<\/h2>\n<h5>Miguel \u00c1ngel Rivera<\/h5>\n<p>&nbsp;<\/p>\n<p>La dirigencia de Movimiento Regeneraci\u00f3n Nacional (Morena), incluidos gobernadores y legisladores federales y locales, demand\u00f3 a sus opositores no politizar el accidente ocurrido este s\u00e1bado en la L\u00ednea 3 del Metro de la Ciudad de M\u00e9xico, pero fueron ellos mismos quienes colocaron este desafortunado accidente en la agenda pol\u00edtica nacional, todo con el fin de proteger a la \u201ccorcholata\u201d favorita, la jefa de Gobierno de la Ciudad de M\u00e9xico, Claudia Sheinbaum Pardo.<\/p>\n<p>Para empezar, la defendida (no indiciada) fue la primera en contribuir a que el desastre se convirtiera en tema pol\u00edtico, pues al momento de ocurrir el choque de los trenes estaba a punto de iniciar una gira en Michoac\u00e1n, en su condici\u00f3n de \u201ccorcholata\u201d, como parte de una precampa\u00f1a que ha sido condenada por las autoridades electorales, sin que la aspirante presidencial ni su partido atiendan los llamados de reservarse hasta que empiece el periodo legal de competencia electoral, pues ya se sabe que en la llamada Cuarta Transformaci\u00f3n prevalece el principio de que \u201cno me vengan con que la ley es la ley\u201d.<\/p>\n<p>Por si esos datos no fueran suficientes acerca de la politizaci\u00f3n del accidente en el Metro capitalino, se deben sumar los comunicados o declaraciones de los cuadros del partido oficial. Por ejemplo, el desplegado de los mandatarios estatales de Morena que respaldan la candidatura de Sheinbaum:<\/p>\n<p>\u201cLas y los gobernadores y la dirigencia Nacional de Morena, que somos parte de la Cuarta Transformaci\u00f3n de la vida p\u00fablica de M\u00e9xico, nos solidarizamos con las personas que resultaron heridas y afectadas en el accidente de la L\u00ednea 3 del Metro, y externamos nuestro p\u00e9same a familiares y amigos de la joven que lamentablemente perdi\u00f3 la vida.\u201d<\/p>\n<p>\u201cCondenamos el uso pol\u00edtico y faccioso que la oposici\u00f3n ha hecho de este accidente. Es reprobable e inmoral que se busque lucrar con el dolor de las familias para sacar raja pol\u00edtica atacando al gobierno de la Ciudad\u201d, expresaron en el documento.<\/p>\n<p>Luego de solidarizarse con las personas que resultaron afectadas y dar su p\u00e9same por la muerte de la joven, los gobernadores y los dirigentes nacionales de Morena afirmaron que est\u00e1n seguros de que se llegar\u00e1 al fondo del asunto y se llevar\u00e1 justicia a todas las v\u00edctimas. \u201cEl compromiso de la 4T es y ser\u00e1 siempre con el pueblo\u201d.<\/p>\n<p>El desplegado lo firman Mario Delgado, presidente nacional de Morena, y los gobernadores morenistas de Baja California, Marina del Pilar; de Baja California Sur, V\u00edctor Manuel Castro; de Campeche, Layda Sansores; de Chiapas, Rutilio Escand\u00f3n; De Colima, Indira Vizca\u00edno; de Guerrero, Evelyn Salgado; de Hidalgo, Julio Menchaca; de Michoac\u00e1n, Alfredo Ram\u00edrez; de Morelos, Cuauht\u00e9moc Blanco; de Nayarit, Miguel \u00c1ngel Navarro; de Oaxaca, Salom\u00f3n Jara, y del Puebla, Salom\u00f3n C\u00e9spedes.<\/p>\n<p>Adem\u00e1s, Mar\u00eda Lezama, de Quintana Roo; Ricardo Gallardo, de San Luis Potos\u00ed; Rub\u00e9n Rocha, de Sinaloa; Alfonso Durazo, de Sonora; Carlos Merino, de Tabasco; Am\u00e9rico Villarreal, de Tamaulipas; Lorena Cu\u00e9llar, de Tlaxcala; Cuitl\u00e1huac Garc\u00eda, de Veracruz; y David Monreal, de Zacatecas.<\/p>\n<p style=\"text-align: center;\"><strong>La Fiscal\u00eda capitalina, otras veces tan eficiente,<br \/>\nahora no ha\u00a0dado\u00a0a conocer su dictamen<\/strong><\/p>\n<p>En el mismo documento, luego de la obligada manifestaci\u00f3n de condolencias, los altos mandos de Morena mostraron que su verdadera intenci\u00f3n tiene fines pol\u00edticos, en particular proteger a la \u201ccorcholata\u201d favorita.<\/p>\n<p>En su comunicado, los gobernantes morenistas exponen su apoyo a \u201cla jefa de Gobierno, Claudia Sheinbaum, y a las y a los servidores p\u00fablicos que han priorizado desde el primer momento la atenci\u00f3n a las v\u00edctimas y que trabajan para restablecer el servicio del Metro. Confiamos en que la investigaci\u00f3n iniciada por la Fiscal\u00eda General de la Ciudad de M\u00e9xico, esclarecer\u00e1 los hechos\u201d.<\/p>\n<p>Contra esos buenos deseos, la Fiscal\u00eda encabezada por Ernestina Godoy, otras veces tan eficiente \u2014en horas decret\u00f3 que la ministra Yasm\u00edn Esquivel no plagi\u00f3 su tesis profesional, aunque luego se desminti\u00f3\u2014 ahora no ha dicho nada acerca de las posibles causas del grave accidente que provoc\u00f3 la muerte de una joven y heridas a m\u00e1s de 60 personas.<\/p>\n<p>En el m\u00e1s grave accidente de la L\u00ednea 12 del Metro, la Fiscal\u00eda tambi\u00e9n descart\u00f3 posibles fallas u omisiones de la actual administraci\u00f3n capitalina y determin\u00f3 que las fallas se deben a anteriores gobiernos, por lo cual consign\u00f3 \u00fanicamente a ex funcionarios, sin tocar a nadie del equipo de Sheinbaum, a pesar de que algunos expertos han denunciado faltas en los programas de mantenimiento.<\/p>\n<p>Al respecto, el portal\u00a0<strong><em>La Silla Rota\u00a0<\/em><\/strong>public\u00f3 un recuento de accidentes ocurridos en el Metro de la Ciudad de M\u00e9xico, en el cual destaca que \u201cde los 612 accidentes ocurridos en los \u00faltimos ocho a\u00f1os en la L\u00ednea 3 del Metro de la Ciudad de M\u00e9xico\u00a0se han triplicado los accidentes en los \u00faltimos cuatro a\u00f1os, es decir, durante el gobierno de Claudia Sheinbaum.<\/p>\n<p>\u201cLa L\u00ednea 3 del Metro, que conecta Indios Verdes con Universidad, ocupa el segundo lugar en accidentes de todas las l\u00edneas del Sistema de Transporte Colectivo Metro, con 75, y s\u00f3lo es superada por la L\u00ednea 2, que va de Tasque\u00f1a a Cuatro Caminos, en donde ocurrieron 87 casos.<\/p>\n<p><strong><em>La Silla Rota<\/em><\/strong> public\u00f3 el pasado 1 de enero de 2023 que de acuerdo con datos del Sistema de Transporte Colectivo Metro, en el periodo de 2019 a 2022, durante el gobierno de\u00a0Claudia Sheinbaum,\u00a0han ocurrido 431\u00a0accidentes\u00a0en las 12 L\u00edneas del\u00a0Metro,\u00a0entre ellos\u00a0el colapso de la\u00a0L\u00ednea 12.<\/p>\n<p>En otra informaci\u00f3n, basada en datos obtenidos por el portal <strong><em>La Silla Rota<\/em><\/strong>, v\u00eda transparencia, se recuerda que durante el periodo de 2015 a 2018, bajo la gesti\u00f3n del perredista Miguel \u00c1ngel Mancera, se registraron 181 siniestros; mientras que de 2019 a 2022 se contabilizaron 431 percances; es decir, aumentaron 2.3 veces.<\/p>\n<p>\u201cAhora bien, en lo que va de la actual administraci\u00f3n, las L\u00edneas 2 y 3, que van de Taxque\u00f1a a Cuatro Caminos y de Universidad a Indios Verdes, respectivamente, concentran la mayor parte de accidentes\u201d.<\/p>\n<p>\u201cPor el contrario, la L\u00ednea 6, que va de El Rosario a Mart\u00edn Carrera, es donde han ocurrido el menor n\u00famero de accidentes, ya que se registraron ocho en los \u00faltimos cuatro a\u00f1os. La mitad de estos accidentes ocurrieron en s\u00f3lo dos estaciones: La Villa-Bas\u00edlica y Mart\u00edn Carrera, con dos cada una\u201d.<\/p>\n<p>En el desastre del s\u00e1bado anterior, la administraci\u00f3n de Claudia Sheinbaum admiti\u00f3 en parte la responsabilidad, pues la primera acci\u00f3n en el terreno administrativo fue el despido del subdirector de operaciones del Metro, Alberto Garc\u00eda Lucio.<\/p>\n<p>El director del Sistema de Transporte Colectivo, Guillermo Calder\u00f3n, inform\u00f3 que como parte de las investigaciones que se realizan sobre el choque de trenes de la L\u00ednea 3 del Metro, se separ\u00f3 del cargo a Garc\u00eda Lucio, sin que por el momento se diera a conocer qui\u00e9n lo reemplazar\u00e1.<\/p>\n<p>En el inicio de la conferencia encabezada por la jefa de Gobierno Claudia Sheinbaum, indic\u00f3 que ser\u00e1 la Fiscal\u00eda General de Justicia de la Ciudad de M\u00e9xico (FGJ-CDMX), la encargada de dar a conocer los detalles de la investigaci\u00f3n.<\/p>\n<p>La mandataria capitalina puntualiz\u00f3: \u201cEs absolutamente falso\u201d que haya una reducci\u00f3n del presupuesto a este medio de transporte.<\/p>\n<p>Durante la conferencia de esta tarde, se inform\u00f3 que a\u00fan permanecen hospitalizadas 22 personas en \u201ccondici\u00f3n estable\u201d, as\u00ed como el acompa\u00f1amiento de las autoridades.<\/p>\n<p>Calder\u00f3n se\u00f1al\u00f3 que dio la instrucci\u00f3n para iniciar las labores para la reapertura inmediatamente de operaci\u00f3n en la L\u00ednea 3, lo que implica la verificaci\u00f3n de los equipos de v\u00eda y de se\u00f1alizaci\u00f3n.<\/p>\n<p>Para responder a la reactivaci\u00f3n del servicio, ingenieros y t\u00e9cnicos del Metro de las \u00e1reas de material rodante y v\u00edas estar\u00e1n a cargo de la inspecci\u00f3n y las pruebas para la reapertura, en seguimiento con los protocolos correspondientes.<\/p>\n<p>Mientras tanto, debido a los cada vez m\u00e1s frecuentes accidentes en el Metro, la dirigencia nacional del PRI, propuso regresar de manera urgente a la Ciudad de M\u00e9xico el Fondo de Capitalidad, para que sus recursos sean destinados al mantenimiento del Sistema de Transporte Colectivo (STC) que tan s\u00f3lo en esta administraci\u00f3n que encabeza Claudia Sheinbaum ha registrado cuatro eventos, dos de ellos con v\u00edctimas mortales como el de ayer.<\/p>\n<p>El dirigente nacional del PRI, Alejandro Moreno, se\u00f1al\u00f3 que con el gobierno de Morena el Fondo de Capitalidad ha sido dejado en ceros, cuando en 2018 se le destinaron 2 mil 500 millones de pesos.<\/p>\n<p><em><a href=\"mailto:riparcangel@hotmail.com\" target=\"_blank\" rel=\"noopener noreferrer\">riparcangel@hotmail.com<\/a><\/em><\/p>\n","protected":false},"excerpt":{"rendered":"<p><span style=\"color: #005497;\"><strong>Miguel \u00c1ngel Rivera<\/strong><\/span<\/span><\/p>\n","protected":false},"author":3,"featured_media":0,"comment_status":"open","ping_status":"open","sticky":false,"template":"","format":"standard","meta":{"_monsterinsights_skip_tracking":false,"_monsterinsights_sitenote_active":false,"_monsterinsights_sitenote_note":"","_monsterinsights_sitenote_category":0,"footnotes":""},"categories":[84119],"tags":[84120,84121,43674],"class_list":["post-570747","post","type-post","status-publish","format-standard","hentry","category-miguel-angel-rivera","tag-clase-politica","tag-miguel-angel-rivera","tag-opinion"],"_links":{"self":[{"href":"https:\/\/www.diarioimagen.net\/index.php?rest_route=\/wp\/v2\/posts\/570747","targetHints":{"allow":["GET"]}}],"collection":[{"href":"https:\/\/www.diarioimagen.net\/index.php?rest_route=\/wp\/v2\/posts"}],"about":[{"href":"https:\/\/www.diarioimagen.net\/index.php?rest_route=\/wp\/v2\/types\/post"}],"author":[{"embeddable":true,"href":"https:\/\/www.diarioimagen.net\/index.php?rest_route=\/wp\/v2\/users\/3"}],"replies":[{"embeddable":true,"href":"https:\/\/www.diarioimagen.net\/index.php?rest_route=%2Fwp%2Fv2%2Fcomments&post=570747"}],"version-history":[{"count":0,"href":"https:\/\/www.diarioimagen.net\/index.php?rest_route=\/wp\/v2\/posts\/570747\/revisions"}],"wp:attachment":[{"href":"https:\/\/www.diarioimagen.net\/index.php?rest_route=%2Fwp%2Fv2%2Fmedia&parent=570747"}],"wp:term":[{"taxonomy":"category","embeddable":true,"href":"https:\/\/www.diarioimagen.net\/index.php?rest_route=%2Fwp%2Fv2%2Fcategories&post=570747"},{"taxonomy":"post_tag","embeddable":true,"href":"https:\/\/www.diarioimagen.net\/index.php?rest_route=%2Fwp%2Fv2%2Ftags&post=570747"}],"curies":[{"name":"wp","href":"https:\/\/api.w.org\/{rel}","templated":true}]}}