{"id":570795,"date":"2023-01-10T00:01:20","date_gmt":"2023-01-10T06:01:20","guid":{"rendered":"https:\/\/www.diarioimagen.net\/?p=570795"},"modified":"2023-01-10T01:27:19","modified_gmt":"2023-01-10T07:27:19","slug":"inflacion-en-diciembre-de-7-82-anual-la-variacion-mas-alta-en-un-cierre-de-ano","status":"publish","type":"post","link":"https:\/\/www.diarioimagen.net\/?p=570795","title":{"rendered":"Inflaci\u00f3n en diciembre, de 7.82% anual, la variaci\u00f3n m\u00e1s alta en un cierre de a\u00f1o"},"content":{"rendered":"<p>&nbsp;<\/p>\n<h3 style=\"text-align: center;\">Nunca vista desde el 2000: Inegi<\/h3>\n<p>&nbsp;<\/p>\n<ul>\n<li><strong><em>Impulsada por alza de alimentos, bebidas, tabacos, mercanc\u00edas no alimenticias y otros servicios\u00a0<\/em><\/strong><\/li>\n<\/ul>\n<p>&nbsp;<\/p>\n<div id=\"attachment_570883\" style=\"width: 470px\" class=\"wp-caption aligncenter\"><a href=\"https:\/\/www.diarioimagen.net\/?attachment_id=570883\" rel=\"attachment wp-att-570883\"><img loading=\"lazy\" decoding=\"async\" aria-describedby=\"caption-attachment-570883\" class=\"size-full wp-image-570883\" src=\"https:\/\/www.diarioimagen.net\/wp-content\/uploads\/2023\/01\/INFLACION.jpg\" alt=\"\" width=\"460\" height=\"270\" \/><\/a><p id=\"caption-attachment-570883\" class=\"wp-caption-text\">La inflaci\u00f3n general cerr\u00f3 el a\u00f1o pasado en niveles no vistos desde hace 22 a\u00f1os, cuando en 2000 registr\u00f3 una tasa anual de 8.96 por ciento.<\/p><\/div>\n<p>&nbsp;<\/p>\n<p>De acuerdo a datos del Instituto Nacional de Estad\u00edstica y Geograf\u00eda (Inegi), la inflaci\u00f3n general en M\u00e9xico cerr\u00f3 2022 en 7.82 por ciento, su variaci\u00f3n anual m\u00e1s alta para un cierre de a\u00f1o desde 2000.<\/p>\n<p>Impulsada por el incremento de precios de alimentos, bebidas y tabacos, as\u00ed como de mercanc\u00edas no alimenticias y otros servicios (que incluye loncher\u00edas, fondas y taquer\u00edas, restaurantes y similares, servicio de telefon\u00eda m\u00f3vil, mantenimiento de autom\u00f3vil, consulta m\u00e9dica, servicios tur\u00edsticos en paquete, entre otros), principalmente, la inflaci\u00f3n general cerr\u00f3 el a\u00f1o pasado en niveles no vistos desde hace 22 a\u00f1os, cuando en el 2000 registr\u00f3 una tasa anual de 8.96 por ciento.<\/p>\n<p>La inflaci\u00f3n general de diciembre se ubic\u00f3 en 0.38 por ciento mensual, con lo en su medici\u00f3n anual aument\u00f3, luego de dos meses seguidos de haber descendido, al pasar de 7.80 por ciento en noviembre a 7.82 por ciento en el \u00faltimo mes de 2022, de acuerdo con \u00cdndice Nacional de Precios al Consumidor (INPC).<\/p>\n<p>El incremento de precios al consumidor del a\u00f1o pasado acumul\u00f3 22 meses de ubicarse por arriba de la meta de estabilidad de precios del Banco de M\u00e9xico (BdeM) de entre 3.0 y 4.0 por ciento.<\/p>\n<p>Mientras tanto, la subyacente que excluye de su medici\u00f3n los productos de alta volatilidad de precios como son los energ\u00e9ticos y los agropecuarios, se desaceler\u00f3, por primera vez tras 24 meses de incrementos. La inflaci\u00f3n subyacente, la que tambi\u00e9n determina la trayectoria de la inflaci\u00f3n en el mediano y largo plazo, fue de 0.65 por ciento mensual, por lo que se ubic\u00f3 en 8.35 por ciento anual, su mayor tasa anual desde 1999, cuando cerr\u00f3 el a\u00f1o en 14.41 por ciento.<\/p>\n<p>\u201cLa inflaci\u00f3n subyacente presenta resistencia a bajar porque a pesar de que la tasa anual disminuy\u00f3, el aumento mensual de precios fue mayor 0.65 por ciento en diciembre con respecto al 0.45 por ciento de noviembre. Mientras que si bien la general anual se mantuvo en 7.8 por ciento en el \u00faltimo mes del a\u00f1o pasado, present\u00f3 un alza en la segunda quincena a 7.86 por ciento\u201d, describi\u00f3 Alfredo Couti\u00f1o, director de Moody\u2019s Analytics.<\/p>\n","protected":false},"excerpt":{"rendered":"<p>De acuerdo a datos del Instituto Nacional de Estad\u00edstica y Geograf\u00eda (Inegi), la inflaci\u00f3n general en M\u00e9xico cerr\u00f3 2022 en 7.82 por ciento, su variaci\u00f3n anual m\u00e1s alta para un cierre de a\u00f1o desde 2000.\u00a0<\/p>\n","protected":false},"author":3,"featured_media":570883,"comment_status":"open","ping_status":"open","sticky":false,"template":"","format":"standard","meta":{"_monsterinsights_skip_tracking":false,"_monsterinsights_sitenote_active":false,"_monsterinsights_sitenote_note":"","_monsterinsights_sitenote_category":0,"footnotes":""},"categories":[8],"tags":[43678,932,97148],"class_list":["post-570795","post","type-post","status-publish","format-standard","has-post-thumbnail","hentry","category-finanzas","tag-finanzas","tag-inflacion","tag-variacion"],"_links":{"self":[{"href":"https:\/\/www.diarioimagen.net\/index.php?rest_route=\/wp\/v2\/posts\/570795","targetHints":{"allow":["GET"]}}],"collection":[{"href":"https:\/\/www.diarioimagen.net\/index.php?rest_route=\/wp\/v2\/posts"}],"about":[{"href":"https:\/\/www.diarioimagen.net\/index.php?rest_route=\/wp\/v2\/types\/post"}],"author":[{"embeddable":true,"href":"https:\/\/www.diarioimagen.net\/index.php?rest_route=\/wp\/v2\/users\/3"}],"replies":[{"embeddable":true,"href":"https:\/\/www.diarioimagen.net\/index.php?rest_route=%2Fwp%2Fv2%2Fcomments&post=570795"}],"version-history":[{"count":0,"href":"https:\/\/www.diarioimagen.net\/index.php?rest_route=\/wp\/v2\/posts\/570795\/revisions"}],"wp:featuredmedia":[{"embeddable":true,"href":"https:\/\/www.diarioimagen.net\/index.php?rest_route=\/wp\/v2\/media\/570883"}],"wp:attachment":[{"href":"https:\/\/www.diarioimagen.net\/index.php?rest_route=%2Fwp%2Fv2%2Fmedia&parent=570795"}],"wp:term":[{"taxonomy":"category","embeddable":true,"href":"https:\/\/www.diarioimagen.net\/index.php?rest_route=%2Fwp%2Fv2%2Fcategories&post=570795"},{"taxonomy":"post_tag","embeddable":true,"href":"https:\/\/www.diarioimagen.net\/index.php?rest_route=%2Fwp%2Fv2%2Ftags&post=570795"}],"curies":[{"name":"wp","href":"https:\/\/api.w.org\/{rel}","templated":true}]}}