{"id":570915,"date":"2023-01-11T00:00:25","date_gmt":"2023-01-11T06:00:25","guid":{"rendered":"https:\/\/www.diarioimagen.net\/?p=570915"},"modified":"2023-01-10T22:59:01","modified_gmt":"2023-01-11T04:59:01","slug":"encuestas-de-viajeros-internacionales-a-noviembre-2022","status":"publish","type":"post","link":"https:\/\/www.diarioimagen.net\/?p=570915","title":{"rendered":"Encuestas de viajeros internacionales, a noviembre 2022"},"content":{"rendered":"<h2>Hora 14<\/h2>\n<h5>Mauricio Conde Olivares<\/h5>\n<p>&nbsp;<\/p>\n<p>\u00bfNo podr\u00edamos producir en Am\u00e9rica lo que consumimos? Claro que s\u00ed. Es asunto de definici\u00f3n y de planear conjuntamente nuestro desarrollo futuro. Unirnos y asociarnos en Am\u00e9rica equivale a consolidar en definitiva la regi\u00f3n m\u00e1s importante del mundo. Las ventajas son muchas; entre otras, contamos con fuerza de trabajo joven y creativa, con desarrollo tecnol\u00f3gico y con una gran riqueza de recursos naturales; las distancias entre nuestros pa\u00edses nos permiten ahorrar en transporte y existe suficiente demanda en nuestros mercados.<\/p>\n<p>El consumo <em>per c\u00e1pita<\/em> de Am\u00e9rica es de 18 mil 100 d\u00f3lares anuales, mientras que el de Asia es de 4 mil 400 d\u00f3lares.\u00a0\u00a0 As\u00ed se expres\u00f3 el presidente Andr\u00e9s Manuel L\u00f3pez Obrador ante su hom\u00f3logo de Estados Unidos, Joe Biden, a quien expuso que no obstante, la integraci\u00f3n productiva debe contar con el respaldo de inversi\u00f3n p\u00fablica y privada para el bienestar de todos los pueblos de Am\u00e9rica, sin excluir a nadie.<\/p>\n<p>Recordemos que -dijo AMLO-, el 13 de marzo de 1961, el presidente John F. Kennedy dio a conocer en la Casa Blanca, ante embajadores de Am\u00e9rica Latina y el Caribe, el plan conocido como Alianza para el Progreso. En ese entonces, Estados Unidos invirti\u00f3, en 10 a\u00f1os, 10 mil millones de d\u00f3lares, que a los precios de hoy ser\u00edan 82 mil millones de d\u00f3lares, en beneficio de los pueblos de Am\u00e9rica Latina y el Caribe.<\/p>\n<p>Sin embargo, ha sido lo \u00fanico importante, en realidad, que se ha hecho en materia de cooperaci\u00f3n para el desarrollo en nuestro continente en m\u00e1s de medio siglo.<\/p>\n<p>En consecuencia, expres\u00f3 el titular del Ejecutivo, sostengo que es el momento de terminar con ese olvido, ese abandono, ese desd\u00e9n hacia Am\u00e9rica Latina y el Caribe, opuesto a la pol\u00edtica de la buena vecindad de ese tit\u00e1n de la libertad que fue el presidente Franklin Delano Roosevelt y comenzar con usted (Joe Biden), porque no habr\u00eda otro dirigente que pudiera llevar a cabo esta empresa, comenzar con usted una etapa nueva entre los pueblos y naciones del continente, a partir del respeto y la ayuda mutua.<\/p>\n<p>\u201cPresidente Biden: Usted tiene la llave para abrir y mejorar sustancialmente las relaciones entre todos los pa\u00edses del continente americano. S\u00e9 que es una iniciativa compleja, pol\u00e9mica y estoy consciente de que su puesta en pr\u00e1ctica implica numerosas dificultades. Pero, a mi juicio, no hay un mejor camino para garantizar el porvenir pr\u00f3spero, pac\u00edfico y justo que merecen nuestros pueblos, nuestros compatriotas,\u00a0 as\u00ed como todos los pueblos del continente y las futuras generaciones\u201d, argument\u00f3.<\/p>\n<p>La propuesta, presidente Biden, es integral, a\u00f1adi\u00f3. \u201cImplica consolidarnos como regi\u00f3n econ\u00f3mica en el mundo, fortalecer la hermandad en el continente americano, respetar nuestras diferencias y nuestras soberan\u00edas, y procurar que nadie se quede atr\u00e1s y que juntos vayamos en busca de la bella utop\u00eda de la libertad, la igualdad y la verdadera democracia\u201d, cit\u00f3.<\/p>\n<p>\u201cSomos muchos los que no hemos dejado de so\u00f1ar en una integraci\u00f3n justa y fraterna entre todos los pueblos y pa\u00edses de nuestro continente, porque como dec\u00eda Sim\u00f3n Bol\u00edvar, el libertador: Si el cielo nos concede el deseo de Ia Am\u00e9rica unida, este continente podr\u00eda llamarse la Reina de las naciones y la madre de las rep\u00fablicas\u201d, propuso finalmente.<\/p>\n<p>En otro orden, le participo que el a\u00f1o 2023 inici\u00f3 para el Instituto Mexicano del Seguro Social (IMSS) Quintana Roo con acciones que podr\u00e1n mejorar la calidad de vida de las personas que necesitan un trasplante de \u00f3rganos y tejidos, gracias a la generosidad de unos hermanos que decidieron donar las c\u00f3rneas de su madre, qui\u00e9n perdi\u00f3 la vida.<\/p>\n<p>Amada N., de 58 a\u00f1os de edad, madre, hija, esposa, amiga, pero sobre todo humana, inculc\u00f3 a sus hijos ayudar al pr\u00f3jimo siempre que puedan, por lo que pese a atravesar una dif\u00edcil situaci\u00f3n con la p\u00e9rdida de su mam\u00e1, el par de hermanos, decidieron donar sus c\u00f3rneas en el Hospital General Regional (HGR) 17, en la ciudad de Canc\u00fan.<\/p>\n<p>Pablo N., uno de los hijos, quien adem\u00e1s es donador altruista de sangre,\u00a0 se\u00f1al\u00f3 que su madre era una mujer dedicada a su hogar, que enviud\u00f3 hace varios a\u00f1os, por lo que ha sido el soporte de su familia, comenta que era una persona muy emp\u00e1tica, amorosa, a la que le gustaba ayudar a las personas, por lo que no dud\u00f3 en acceder a la donaci\u00f3n de sus \u00f3rganos, una decisi\u00f3n que no fue f\u00e1cil para su hermano.<\/p>\n<p>Refiere que luego de platicar con \u00e9l,\u00a0 comprendieron que era una forma de que su madre siguiera ayudado a otras personas, tal como lo hizo en vida y era una manera de honrar su memoria, ya que \u201ces como si ella siguiera en este mundo, en alg\u00fan lugar\u201d, se\u00f1al\u00f3, lo que tambi\u00e9n ayud\u00f3 a su hermano a sobrellevar la situaci\u00f3n, dando su visto bueno, y reconfort\u00e1ndolo.<\/p>\n<p>Se\u00f1alan que, esta es una forma en la que les gustar\u00eda pensar que su madre trascendi\u00f3 despu\u00e9s de la muerte para poder ayudar a otras personas que lo necesitan para mejorar su calidad de vida, por lo que aprovech\u00f3 la ocasi\u00f3n para enviar un mensaje a la poblaci\u00f3n, diciendo que si bien es un momento dif\u00edcil perder un familiar, es propicio meditar y darnos cuenta que donar \u00f3rganos es una forma de ayudar a alguien.<\/p>\n<p>El coordinador Hospitalario de Donaci\u00f3n de \u00d3rganos y Tejidos, Mois\u00e9s Campos Navarro, expres\u00f3 que esta es la primera procuraci\u00f3n de tejidos que realizan en 2023, lo que habla de que cada vez m\u00e1s, la sociedad se sensibiliza sobre la importancia de acceder a la donaci\u00f3n.<\/p>\n<p>En el 2022 Quintana Roo cerr\u00f3 con 28 familias que dijeron s\u00ed, a la donaci\u00f3n de \u00f3rganos de sus familiares, logrando la procuraci\u00f3n de cuatro ri\u00f1ones, 56 c\u00f3rneas, as\u00ed como una de piel y tejido musculoesquel\u00e9tico, los cuales son enviados en su mayor\u00eda a Banco de Tejido de Cornea de la Unidad M\u00e9dica de Alta Especialidad (UMAE) Hospital General \u201cDr. Gaudencio Gonz\u00e1lez Garza\u201d Centro M\u00e9dico Nacional (CMN) La Raza, a la Unidad de Trasplantes de la UMAE Hospital de Especialidades No. 14 CMN Veracruz y de la UMAE Hospital de Especialidades CMN en M\u00e9rida, Yucat\u00e1n, del IMSS, donde tambi\u00e9n han beneficiado a derechohabientes de Quintana Roo.<\/p>\n<p>Para ser donador voluntario de \u00f3rganos y tejidos solo se debe consultar la p\u00e1gina de internet del Centro Nacional de Trasplantes: https:\/\/www.gob.mx\/cenatra\/ o visitar la p\u00e1gina del IMSS en la liga: http:\/\/www.imss.gob.mx\/salud-en-linea\/donacion-organos, donde se podr\u00e1 registrar la persona interesada para acreditarse como donadora voluntaria.<\/p>\n<p>Tambi\u00e9n le comento que desde el pasado 9 de enero y hasta el 15 de marzo, el Ayuntamiento de Benito Ju\u00e1rez, cuya cabecera es Canc\u00fan, realizar\u00e1 el refrendo declarativo anual de la licencia de funcionamiento para establecimientos comerciales, el cual podr\u00e1 ser totalmente en l\u00ednea sin costo, a trav\u00e9s de la p\u00e1gina oficial del Ayuntamiento que es: www. cancun.gob.mx, lo cual hace m\u00e1s eficiente y reduce los tiempos de gesti\u00f3n de dichos procedimientos administrativos.<\/p>\n<p>El titular de Ingresos, Yuri Salazar Ceballos, inform\u00f3 que la instrucci\u00f3n de la presidenta municipal Ana Patricia Peralta, es facilitar la conformaci\u00f3n de un expediente \u00fanico para que los ciudadanos tengan todos sus documentos de manera digital, lo que representa un ahorro en costos de traslado e impresiones.<\/p>\n<p>Puntualiz\u00f3 que para el tr\u00e1mite se contar\u00e1 con cuatro m\u00f3dulos de orientaci\u00f3n para hacer este tr\u00e1mite que son las oficinas en el Palacio Municipal, Ventanilla \u00danica de Tr\u00e1mites y Servicios, Plaza Mis H\u00e9roes y Canaco, adem\u00e1s de que en la plataforma digital hay videos, gu\u00edas y secci\u00f3n de preguntas frecuentes para que la persona pueda hacerlo desde la comodidad de su casa o negocio.<\/p>\n<p>Los requisitos para dicho refrendo son: Permiso de utilizaci\u00f3n de uso de suelo, que emite Desarrollo Urbano; dictamen aprobatorio para locales comerciales, que proporciona Protecci\u00f3n Civil; as\u00ed como pago de impuesto predial al corriente, los cuales tambi\u00e9n pueden hacerse totalmente en l\u00ednea, a lo que se suma pago del servicio de recolecci\u00f3n de residuos s\u00f3lidos ante Siresol, cuyo pase de caja se puede descargar tambi\u00e9n en la misma p\u00e1gina.<\/p>\n<p>Detall\u00f3 que al entrar al portal en l\u00ednea, el ciudadano es enviado al micrositio del Sistema Integral de Tr\u00e1mites Electr\u00f3nicos (SITE) para que se registre como persona f\u00edsica, persona moral o haga el tr\u00e1mite sin RFC, y de esta forma siga los pasos que le piden como es subir los documentos complementarios de cada requisito.<\/p>\n<p>Explic\u00f3 que una vez que todo el expediente sea validado, se le responder\u00e1 por el mismo mecanismo digital, para que se emita sin costo el refrendo de la licencia de funcionamiento correspondiente al establecimiento con c\u00f3digo QR, el cual deber\u00e1 exhibir en el establecimiento en un lugar visible para acreditar que cumpli\u00f3 con dicha obligaci\u00f3n en tiempo y forma.<\/p>\n<p>Para mayores informes o aclaraci\u00f3n de dudas, los ciudadanos pueden llamar al n\u00famero 998 881 28 00 extensiones 6713, 6715 y 6719 de Ingresos.<\/p>\n<p>Por otra parte, le informo que seg\u00fan los resultados de las Encuesta de Viajeros Internacionales (EVI), Encuesta de Turismo de Internaci\u00f3n (ETI) y Encuesta de Viajeros Fronterizos (EVF), durante noviembre de 2022, ingresaron al pa\u00eds 6 millones 093 mil 982 visitantes. De estos, 3 millones 353 mil\u00a0 482 fueron turistas internacionales. En el d\u00e9cimo primer mes de 2022, el ingreso de divisas referente al gasto total de las y los visitantes internacionales ascendi\u00f3 a 2 mil 434.9 millones de d\u00f3lares. En el mismo mes de 2021, el monto fue de 2 mil 130.7 millones y en noviembre de 2020, de 857 millones de d\u00f3lares.<\/p>\n<p>En noviembre pasado, el gasto medio de las y los turistas de internaci\u00f3n que ingresaron v\u00eda a\u00e9rea fue de 1,080.75 d\u00f3lares. En el mismo mes de 2021, de 1,149.43 d\u00f3lares y en noviembre de 2020 alcanz\u00f3 877.79 d\u00f3lares. En el mes de referencia, las y los residentes en M\u00e9xico que visitaron el extranjero gastaron un monto equivalente a 680.1 millones de d\u00f3lares. En noviembre de 2021, gastaron 537.3 millones y en el mismo mes de 2020, 240.5 millones de d\u00f3lares.<\/p>\n<p>La tasa de respuesta de las Encuestas de Viajeros Internacionales (EVI), para noviembre de 2022, registr\u00f3 porcentajes apropiados, lo que permiti\u00f3 la generaci\u00f3n de estad\u00edsticas con niveles altos de calidad; empero, lo anterior ser\u00e1 motivo de otro an\u00e1lisis en posterior entrega de <strong><em>Hora 14<\/em><\/strong>.<\/p>\n<p><em><a href=\"mailto:%20mauricio_conde@msn.com\" target=\"_blank\" rel=\"noopener noreferrer\">mauricioconde59@outlook.com<\/a><\/em><br \/>\n<em>Twitter: <a href=\"https:\/\/twitter.com\/mauconde\" target=\"_blank\" rel=\"noopener\">@mauconde<\/a><\/em><\/p>\n","protected":false},"excerpt":{"rendered":"<p><span style=\"color: #005497;\"><strong>Mauricio Conde Olivares<\/strong><\/span><\/p>\n","protected":false},"author":3,"featured_media":0,"comment_status":"open","ping_status":"open","sticky":false,"template":"","format":"standard","meta":{"_monsterinsights_skip_tracking":false,"_monsterinsights_sitenote_active":false,"_monsterinsights_sitenote_note":"","_monsterinsights_sitenote_category":0,"footnotes":""},"categories":[35889],"tags":[43712,43674,44860],"class_list":["post-570915","post","type-post","status-publish","format-standard","hentry","category-mauricio-conde-olivares","tag-mauricio-conde-olivares","tag-opinion","tag-hora-14"],"_links":{"self":[{"href":"https:\/\/www.diarioimagen.net\/index.php?rest_route=\/wp\/v2\/posts\/570915","targetHints":{"allow":["GET"]}}],"collection":[{"href":"https:\/\/www.diarioimagen.net\/index.php?rest_route=\/wp\/v2\/posts"}],"about":[{"href":"https:\/\/www.diarioimagen.net\/index.php?rest_route=\/wp\/v2\/types\/post"}],"author":[{"embeddable":true,"href":"https:\/\/www.diarioimagen.net\/index.php?rest_route=\/wp\/v2\/users\/3"}],"replies":[{"embeddable":true,"href":"https:\/\/www.diarioimagen.net\/index.php?rest_route=%2Fwp%2Fv2%2Fcomments&post=570915"}],"version-history":[{"count":0,"href":"https:\/\/www.diarioimagen.net\/index.php?rest_route=\/wp\/v2\/posts\/570915\/revisions"}],"wp:attachment":[{"href":"https:\/\/www.diarioimagen.net\/index.php?rest_route=%2Fwp%2Fv2%2Fmedia&parent=570915"}],"wp:term":[{"taxonomy":"category","embeddable":true,"href":"https:\/\/www.diarioimagen.net\/index.php?rest_route=%2Fwp%2Fv2%2Fcategories&post=570915"},{"taxonomy":"post_tag","embeddable":true,"href":"https:\/\/www.diarioimagen.net\/index.php?rest_route=%2Fwp%2Fv2%2Ftags&post=570915"}],"curies":[{"name":"wp","href":"https:\/\/api.w.org\/{rel}","templated":true}]}}