{"id":571129,"date":"2023-01-12T00:03:19","date_gmt":"2023-01-12T06:03:19","guid":{"rendered":"https:\/\/www.diarioimagen.net\/?p=571129"},"modified":"2023-01-12T01:50:49","modified_gmt":"2023-01-12T07:50:49","slug":"cumbre-de-lideres-la-inteligencia-de-la-brevedad","status":"publish","type":"post","link":"https:\/\/www.diarioimagen.net\/?p=571129","title":{"rendered":"Cumbre de l\u00edderes, la inteligencia de la brevedad"},"content":{"rendered":"<h2>Espacio Electoral<\/h2>\n<h5>Eleazar Flores<\/h5>\n<p>&nbsp;<\/p>\n<p><strong>DOBLETEARON TIEMPO-.<\/strong> Ni usted ni yo estamos en condiciones para diagnosticar y menos predecir resultados de los ACUERDOS a que llegaron Estados Unidos, Canad\u00e1 y M\u00e9xico, por lo que s\u00f3lo nos queda observar comportamientos del estadounidense Joe Biden, el canadiense Justin Trudeau y de nuestro presidente Andr\u00e9s Manuel L\u00f3pez Obrador, del evento que ya es historia.<\/p>\n<p>A juicio de los observadores y opin\u00f3logos, el diario <em>REFORMA<\/em> fue el inteligentemente sint\u00e9tico del comportamiento de los mandatarios, al publicar que mientras el primer ministro Justin Trudeau habl\u00f3 solamente doce minutos, el presidente\u00a0 Joe Biden lleg\u00f3 a catorce, a cambio del presidente L\u00f3pez Obrador que \u201capenas\u201d habl\u00f3 cuarenta minutos, m\u00e1s del doble de cada uno de sus invitados.<\/p>\n<p>Esto es exclusivamente en cuanto al tiempo de los oradores ante el micr\u00f3fono, sin entrar al tema de los contenidos, pues el alguien podr\u00eda quedar en desventaja.<\/p>\n<p>No crea que el uso del micr\u00f3fono sea cosa menor en eventos como el de la CUMBRE DE NORTEAM\u00c9RICA, al contrario, se vuelve algo sustancial, pues m\u00e1s para bien que para mal, im\u00e1genes y contenidos llegan a todo el mundo, por el peso pol\u00edtico de los visitantes, el presidente de la naci\u00f3n m\u00e1s poderosa del mundo, Estados Unidos, y el primer ministro de una naci\u00f3n de primer mundo como lo es Canad\u00e1.<\/p>\n<p>Antes de que \u201cdos que tres\u201d lectores amigos me cuestionen lo de \u201cla naci\u00f3n m\u00e1s poderosa del mundo\u201d debo direccionar el calificativo en cuanto al sistema pol\u00edtico imperante, pues en relaci\u00f3n a peso pol\u00edtico, son inevitables las comparaciones con China o Rusia, en cuyos pa\u00edses los sistemas de gobierno son \u201cun poco\u201d diferentes, hasta donde sabemos o nos llegan referencias, pues recuerde que por esos lares el control medi\u00e1tico es diferente.<\/p>\n<p>Pero da la geogr\u00e1fica casualidad que M\u00e9xico es el vecino m\u00e1s pr\u00f3ximo de la Uni\u00f3n Americana y por extensi\u00f3n, tambi\u00e9n de Canad\u00e1, pa\u00edses a los que viajan con m\u00e1s facilidad hermanos mexicanos, la mayor parte en busca de trabajo o el \u201csue\u00f1o americano\u201d, pocos por cuestiones de estudios, y eso si logran una beca de nuestro gobierno con renuencia mayor a esto conforme pasa el tiempo.<\/p>\n<p>Por edades, para evitar malentendidos, el presidente dem\u00f3crata Joe Biden encabeza la lista de esta CUMBRE, con 80 a\u00f1os de edad; en segundo lugar el anfitri\u00f3n Andr\u00e9s Manuel L\u00f3pez Obrador con 69 y el m\u00e1s \u201cchaval\u201d resulta ser el canadiense, que ejerce un segundo periodo, Justin Trudeau con apenas 51 a\u00f1os.<\/p>\n<p>Podr\u00eda ser bofetada con guante blanco el pronunciamiento del primer ministro Trudeau quien en defensa de su empresariado instalado en M\u00e9xico, remat\u00f3 \u201cM\u00e9xico y Canad\u00e1 son pa\u00edses progresistas que buscan la justicia e igualdad\u201d, nom\u00e1s.<\/p>\n<p><em><a href=\"mailto:elefa44@gmail.com\" target=\"_blank\" rel=\"noopener noreferrer\">lefa44@gmail.com<\/a><\/em><\/p>\n","protected":false},"excerpt":{"rendered":"<p><span style=\"color: #005497;\"><strong>Eleazar Flores<\/strong><\/span><\/p>\n","protected":false},"author":3,"featured_media":0,"comment_status":"open","ping_status":"open","sticky":false,"template":"","format":"standard","meta":{"_monsterinsights_skip_tracking":false,"_monsterinsights_sitenote_active":false,"_monsterinsights_sitenote_note":"","_monsterinsights_sitenote_category":0,"footnotes":""},"categories":[81743],"tags":[81744,81776,43674],"class_list":["post-571129","post","type-post","status-publish","format-standard","hentry","category-eleazar-flores","tag-eleazar-flores","tag-espacio-electoral","tag-opinion"],"_links":{"self":[{"href":"https:\/\/www.diarioimagen.net\/index.php?rest_route=\/wp\/v2\/posts\/571129","targetHints":{"allow":["GET"]}}],"collection":[{"href":"https:\/\/www.diarioimagen.net\/index.php?rest_route=\/wp\/v2\/posts"}],"about":[{"href":"https:\/\/www.diarioimagen.net\/index.php?rest_route=\/wp\/v2\/types\/post"}],"author":[{"embeddable":true,"href":"https:\/\/www.diarioimagen.net\/index.php?rest_route=\/wp\/v2\/users\/3"}],"replies":[{"embeddable":true,"href":"https:\/\/www.diarioimagen.net\/index.php?rest_route=%2Fwp%2Fv2%2Fcomments&post=571129"}],"version-history":[{"count":0,"href":"https:\/\/www.diarioimagen.net\/index.php?rest_route=\/wp\/v2\/posts\/571129\/revisions"}],"wp:attachment":[{"href":"https:\/\/www.diarioimagen.net\/index.php?rest_route=%2Fwp%2Fv2%2Fmedia&parent=571129"}],"wp:term":[{"taxonomy":"category","embeddable":true,"href":"https:\/\/www.diarioimagen.net\/index.php?rest_route=%2Fwp%2Fv2%2Fcategories&post=571129"},{"taxonomy":"post_tag","embeddable":true,"href":"https:\/\/www.diarioimagen.net\/index.php?rest_route=%2Fwp%2Fv2%2Ftags&post=571129"}],"curies":[{"name":"wp","href":"https:\/\/api.w.org\/{rel}","templated":true}]}}