{"id":571147,"date":"2023-01-12T00:10:58","date_gmt":"2023-01-12T06:10:58","guid":{"rendered":"https:\/\/www.diarioimagen.net\/?p=571147"},"modified":"2023-01-12T02:01:58","modified_gmt":"2023-01-12T08:01:58","slug":"y-la-oposicion","status":"publish","type":"post","link":"https:\/\/www.diarioimagen.net\/?p=571147","title":{"rendered":"\u00bfY la oposici\u00f3n?"},"content":{"rendered":"<h2>De frente y de perfil<\/h2>\n<h5>Ram\u00f3n Zurita Sahag\u00fan<\/h5>\n<p>&nbsp;<\/p>\n<p>La realidad pol\u00edtica de M\u00e9xico muestra signos contrastantes en los que la oposici\u00f3n pareciera ser el gobernante y el partido en el poder, la oposici\u00f3n.<\/p>\n<p>Comenz\u00f3 el a\u00f1o de las definiciones para que los partidos pol\u00edticos enfilen sus cartas hacia el hombre o la mujer que abanderar\u00e1 sus colores y siglas en los comicios federales del a\u00f1o pr\u00f3ximo y el \u00fanico que lo hace es el partido que gobierna.<\/p>\n<p>Los dem\u00e1s se encuentran aletargados, sin posicionamientos de ninguna clase y enfrascados en los comicios del presente a\u00f1o que ense\u00f1ar\u00e1n parte de la ruta a seguir en 2024.<\/p>\n<p>Pareciera ser que los partidos de la alianza Va por M\u00e9xico se conformar\u00edan con mantener los dos estados (Coahuila y M\u00e9xico) que actualmente gobierna el PRI.<\/p>\n<p>La atenci\u00f3n se encuentra centrada en ellos y ven demasiado lejano el proceso presidencial del pr\u00f3ximo a\u00f1o.<\/p>\n<p>Toda la efervescencia que hab\u00edan desatado a mediados del a\u00f1o pasado cuando el PAN dio a conocer a sus aspirantes y el PRI hizo lo propio con los suyos se evapor\u00f3 s\u00fabitamente.<\/p>\n<p>De esos numerosos grupos de panistas, priistas y hasta un perredista que mostraron emoci\u00f3n de participar en una contienda interna poco queda.<\/p>\n<p>Las panistas Mar\u00eda Eugenia Campos, Lilly T\u00e9llez y sus compa\u00f1eros varones Santiago Creel, Mauricio Kuri, Mauricio Vila y otros m\u00e1s apagaron su \u00edmpetu y se refugiaron en el ostracismo. Si acaso Santiago, desde la presidencia de la C\u00e1mara de Diputados, y Lilly T\u00e9llez, desde el Senado, recuerda que siguen siendo aspirantes.<\/p>\n<p>Entre los priistas las cosas no son mejores, Claudia Ruiz, Miguel \u00c1ngel Riquelme, Omar Fayad, Alejandro Murat, Enrique de la Madrid, Jos\u00e9 \u00c1ngel Gurr\u00eda, Idelfonso Guajardo y Beatriz Paredes se anotaron en una numerosa lista de prospectos.<\/p>\n<p>Actualmente, solamente en forma eventual Beatriz Paredes y Enrique de la Madrid, muestran alg\u00fan destello de seguir participando. Alejandro Murat anunci\u00f3 un recorrido por todo el pa\u00eds para posicionarse en cuanto dejara el gobierno de Oaxaca, lo que hizo desde el primero de diciembre pasado y a\u00fan no tiene fecha para su recorrido, si es que todav\u00eda lo har\u00e1.<\/p>\n<p>Silvano Aureoles anunci\u00f3 un recorrido similar, aunque, tal vez, se decepcion\u00f3 que el dirigente nacional de su partido, Jes\u00fas Zambrano, anunciar\u00e1 que ve\u00edan con buenos ojos impulsar la candidatura de Ricardo Monreal, descartando a Silvano de entre los prospectos perredistas.<\/p>\n<p>Lo que s\u00ed parece estar firme es la alianza que conformar\u00edan panistas, priistas y perredistas en torno a un candidato presidencial de la alianza para 2024.<\/p>\n<p>Sin embargo, de acuerdo con lo que se aprecia, dif\u00edcilmente alguno o alguna de ellos o ellas pudieran poner en riesgo la capacidad de respuesta ciudadana que tendr\u00eda quien resulte abanderado de Morena.<\/p>\n<p>Pero si los prospectos de la oposici\u00f3n se encuentran pasmados no sucede lo mismo con las tres \u201ccorcholatas\u201d de Morena, donde Claudia Sheinbaum, Marcelo Ebrard y Ad\u00e1n Augusto L\u00f3pez, manifiestan su inter\u00e9s por la candidatura y buscan el menor pretexto para manifestar su b\u00fasqueda del respaldo popular, primero en las encuestas y despu\u00e9s en quien recaiga el voto ciudadano, para continuar con el proyecto de la 4T.<\/p>\n<p>Por lo pronto, aunque Claudia anunci\u00f3 la suspensi\u00f3n de sus recorridos por los diversos estados del pa\u00eds, su activismo contin\u00faa y su estrategia contin\u00faa caminando, sin grandes altibajos. Marcelo conf\u00eda en que le abonen puntos la reuni\u00f3n de los tres gobernantes, el de M\u00e9xico, Estados Unidos y el primer ministro de Canad\u00e1.<\/p>\n<p style=\"text-align: center;\"><strong>*****<\/strong><\/p>\n<p>Aparentemente el gobierno de la Ciudad de M\u00e9xico realiz\u00f3 bien su trabajo en la investigaci\u00f3n para conocer a los responsables del atentado al periodista Ciro G\u00f3mez Leyva, aunque ahora falta conocer el m\u00f3vil del ataque y si hay una mano que mece la cuna.<\/p>\n<p><a href=\"mailto:ramonzurita44@hotmail.com\" target=\"_blank\" rel=\"noopener noreferrer\"><em>ramonzurita44@hotmail.com<\/em><\/a><\/p>\n","protected":false},"excerpt":{"rendered":"<p><span style=\"color: #005497;\"><strong>Ram\u00f3n Zurita Sahag\u00fan<\/strong><\/span><\/p>\n","protected":false},"author":3,"featured_media":0,"comment_status":"open","ping_status":"open","sticky":false,"template":"","format":"standard","meta":{"_monsterinsights_skip_tracking":false,"_monsterinsights_sitenote_active":false,"_monsterinsights_sitenote_note":"","_monsterinsights_sitenote_category":0,"footnotes":""},"categories":[234],"tags":[304,43674,43687],"class_list":["post-571147","post","type-post","status-publish","format-standard","hentry","category-ramon-zurita-sahagun","tag-de-frente-y-de-perfil","tag-opinion","tag-ramon-zurita-sahagun"],"_links":{"self":[{"href":"https:\/\/www.diarioimagen.net\/index.php?rest_route=\/wp\/v2\/posts\/571147","targetHints":{"allow":["GET"]}}],"collection":[{"href":"https:\/\/www.diarioimagen.net\/index.php?rest_route=\/wp\/v2\/posts"}],"about":[{"href":"https:\/\/www.diarioimagen.net\/index.php?rest_route=\/wp\/v2\/types\/post"}],"author":[{"embeddable":true,"href":"https:\/\/www.diarioimagen.net\/index.php?rest_route=\/wp\/v2\/users\/3"}],"replies":[{"embeddable":true,"href":"https:\/\/www.diarioimagen.net\/index.php?rest_route=%2Fwp%2Fv2%2Fcomments&post=571147"}],"version-history":[{"count":0,"href":"https:\/\/www.diarioimagen.net\/index.php?rest_route=\/wp\/v2\/posts\/571147\/revisions"}],"wp:attachment":[{"href":"https:\/\/www.diarioimagen.net\/index.php?rest_route=%2Fwp%2Fv2%2Fmedia&parent=571147"}],"wp:term":[{"taxonomy":"category","embeddable":true,"href":"https:\/\/www.diarioimagen.net\/index.php?rest_route=%2Fwp%2Fv2%2Fcategories&post=571147"},{"taxonomy":"post_tag","embeddable":true,"href":"https:\/\/www.diarioimagen.net\/index.php?rest_route=%2Fwp%2Fv2%2Ftags&post=571147"}],"curies":[{"name":"wp","href":"https:\/\/api.w.org\/{rel}","templated":true}]}}