{"id":571176,"date":"2023-01-13T00:05:45","date_gmt":"2023-01-13T06:05:45","guid":{"rendered":"https:\/\/www.diarioimagen.net\/?p=571176"},"modified":"2023-01-12T23:14:31","modified_gmt":"2023-01-13T05:14:31","slug":"mexico-obedece-con-sonrisas","status":"publish","type":"post","link":"https:\/\/www.diarioimagen.net\/?p=571176","title":{"rendered":"M\u00e9xico obedece con sonrisas"},"content":{"rendered":"<h2>Perfil de M\u00e9xico<\/h2>\n<h5>Armando R\u00edos Ruiz<\/h5>\n<p>&nbsp;<\/p>\n<p>Mientras la \u201cchairiza\u201d rabiosa festejaba con encono revuelto con exaltaci\u00f3n de alegr\u00eda el arribo de los presidentes Joe Biden y Justin Trudeau, de Estados Unidos y de Canad\u00e1, respectivamente, al aeropuerto de Santa Luc\u00eda (la Casa Blanca comunic\u00f3 que el avi\u00f3n presidencial aterrizar\u00eda en el aeropuerto Benito Ju\u00e1rez), los \u201cconservadores, fif\u00edes, pirrurris, se\u00f1oritingos, clasemedieros,\u00a0 etc., se mostraban interesados en los temas que tratar\u00edan en la Reuni\u00f3n de L\u00edderes de Am\u00e9rica del Norte, conjuntamente con el Presidente mexicano.<\/p>\n<p>No es trascendente. Ya conocemos las sobradas limitaciones de esa clase que abunda en nuestro pa\u00eds. Pero llam\u00f3 la atenci\u00f3n de muchos otros, porque festejaron con toda la fuerza de su exultante manifestaci\u00f3n, que finalmente, el primer mandatario de la naci\u00f3n vecina hubiera decidido aterrizar en el AIFA, como se lo solicit\u00f3 su par mexicano. Claro est\u00e1, entre ellos seguramente no hubo nadie que pensara que se trat\u00f3 de un mero obsequio\u00a0 diplom\u00e1tico.<\/p>\n<p>Los asuntos que m\u00e1s inquietan al gobierno vecino, son el narcotr\u00e1fico y la migraci\u00f3n, temas forzosamente abordados y que se anticiparon desde la segunda detenci\u00f3n de Ovidio Guzm\u00e1n, \u201cEl Chapito\u201d, que por cierto y de vuelta a los chairos, festejaron con un sonoro \u00a1s\u00ed se puede! \u00a1Se pudo y se pod\u00eda desde 2019, cuando el primer mandatario dio la orden de soltarlo!<\/p>\n<p>La disculpa fue el costo de vidas inocentes. El primer operativo se realiz\u00f3 a plena luz del d\u00eda. Lo que hace pensar que quienes lo consumaron no ten\u00edan conocimiento al respecto. No concibieron que se practican en la noche o en la madrugada, como \u00e9ste \u00faltimo, para evitar balas perdidas asesinas de incautos.<\/p>\n<p>El narcotr\u00e1fico ha superado todas las expectativas durante el presente sexenio. La raz\u00f3n es f\u00e1cil: El mismo Ejecutivo ha permitido con la entrega de una especie de patente de corso, la proliferaci\u00f3n de la delincuencia organizada, como nunca en la historia de M\u00e9xico. Es f\u00e1cil advertir en muchos lugares, tur\u00edsticos inclusive; en los llamados pueblos m\u00e1gicos, el control que ejercen las huestes del crimen organizado.<\/p>\n<p>Han impuesto renta de piso al comerciante m\u00e1s humilde. Han obligado a los ayuntamientos que ellos mismos fabricaron y administran, a cobrar multas a los autom\u00f3viles que se estacionan hasta en los lugares m\u00e1s rec\u00f3nditos, en donde visiblemente no estorban a nadie. Han sentado sus reales gracias a la pol\u00edtica m\u00e1s absurda jam\u00e1s concebida: \u201cabrazos, no balazos\u201d y esas son las consecuencias.<\/p>\n<p>Tan sabido es en M\u00e9xico, igual que en Estados Unidos, en Canad\u00e1 y en muchos pa\u00edses que se localizan al otro lado del Atl\u00e1ntico y a pesar de todo soslayado este problema por los mismos mexicanos que a\u00fan guardan un amor inusitado a quien paulatinamente, hunde su propio suelo. Pero con un da\u00f1o colateral a nuestros vecinos que, preocupados, trazaron la log\u00edstica impecable para detener a Ovidio, el primero de la lista.<\/p>\n<p>Los estragos de esa estrategia irracional llegan forzosamente a Estados Unidos. Las matanzas entre bandos opuestos han estallado en la frontera. M\u00e9xico es uno de los proveedores m\u00e1s importantes de fentanilo, la droga que en los dos \u00faltimos a\u00f1os ha quitado la vida a m\u00e1s de 200 mil norteamericanos por sobredosis. Luego entonces, la concepci\u00f3n del mandatario del norte es acabar con el mal.<\/p>\n<p>A eso vino. A imponer sus condiciones al pie de la letra. No a sonre\u00edr y a contarse chistes los tres participantes. Esto es para la foto. Para la parte diplom\u00e1tica. Lo importante se dirime con el car\u00e1cter y la fuerza necesarios y no es M\u00e9xico, para nada, quien asume esa postura. Es el que sumisamente obedece.<\/p>\n<p>El otro tema importante es la migraci\u00f3n, que ya tambi\u00e9n alcanza niveles inconcebibles. El mexicano acept\u00f3 \u201cgustoso\u201d, la deportaci\u00f3n de 30 mil migrantes ilegales cada mes a nuestro querido territorio nacional, que seguramente har\u00e1n competencia con nuestros compatriotas en condici\u00f3n de pobreza extrema. M\u00e9xico, pues, tendr\u00e1 que afrontar otro problema: El de protecci\u00f3n y alimentaci\u00f3n de otros latinoamericanos, por si no fueran suficientes los que ya padecemos.<\/p>\n<p><a href=\"mailto:ariosruiz@gmail.com\" target=\"_blank\" rel=\"noopener noreferrer\"><em>ariosruiz@gmail.com<\/em><\/a><\/p>\n","protected":false},"excerpt":{"rendered":"<p><span style=\"color: #005497;\"><strong>Armando R\u00edos Ruiz<\/strong><\/span><\/p>\n","protected":false},"author":3,"featured_media":0,"comment_status":"open","ping_status":"open","sticky":false,"template":"","format":"standard","meta":{"_monsterinsights_skip_tracking":false,"_monsterinsights_sitenote_active":false,"_monsterinsights_sitenote_note":"","_monsterinsights_sitenote_category":0,"footnotes":""},"categories":[88405],"tags":[88407,43674,91193],"class_list":["post-571176","post","type-post","status-publish","format-standard","hentry","category-armando-rios-ruiz","tag-armando-rios-ruiz","tag-opinion","tag-perfil-de-mexico"],"_links":{"self":[{"href":"https:\/\/www.diarioimagen.net\/index.php?rest_route=\/wp\/v2\/posts\/571176","targetHints":{"allow":["GET"]}}],"collection":[{"href":"https:\/\/www.diarioimagen.net\/index.php?rest_route=\/wp\/v2\/posts"}],"about":[{"href":"https:\/\/www.diarioimagen.net\/index.php?rest_route=\/wp\/v2\/types\/post"}],"author":[{"embeddable":true,"href":"https:\/\/www.diarioimagen.net\/index.php?rest_route=\/wp\/v2\/users\/3"}],"replies":[{"embeddable":true,"href":"https:\/\/www.diarioimagen.net\/index.php?rest_route=%2Fwp%2Fv2%2Fcomments&post=571176"}],"version-history":[{"count":0,"href":"https:\/\/www.diarioimagen.net\/index.php?rest_route=\/wp\/v2\/posts\/571176\/revisions"}],"wp:attachment":[{"href":"https:\/\/www.diarioimagen.net\/index.php?rest_route=%2Fwp%2Fv2%2Fmedia&parent=571176"}],"wp:term":[{"taxonomy":"category","embeddable":true,"href":"https:\/\/www.diarioimagen.net\/index.php?rest_route=%2Fwp%2Fv2%2Fcategories&post=571176"},{"taxonomy":"post_tag","embeddable":true,"href":"https:\/\/www.diarioimagen.net\/index.php?rest_route=%2Fwp%2Fv2%2Ftags&post=571176"}],"curies":[{"name":"wp","href":"https:\/\/api.w.org\/{rel}","templated":true}]}}