{"id":571197,"date":"2023-01-13T00:07:54","date_gmt":"2023-01-13T06:07:54","guid":{"rendered":"https:\/\/www.diarioimagen.net\/?p=571197"},"modified":"2023-01-12T23:37:57","modified_gmt":"2023-01-13T05:37:57","slug":"la-teoria-de-la-conspiracion-se-valida-con-la-guardia-nacional-en-el-metro","status":"publish","type":"post","link":"https:\/\/www.diarioimagen.net\/?p=571197","title":{"rendered":"La teor\u00eda de la conspiraci\u00f3n se valida con la Guardia Nacional en el Metro"},"content":{"rendered":"<h2>Clase Pol\u00edtica<\/h2>\n<h5>Miguel \u00c1ngel Rivera<\/h5>\n<p><strong>\u00a0<\/strong><\/p>\n<p>En defensa de la aspiraci\u00f3n de la \u201ccorcholata\u201d favorita de obtener la candidatura presidencial de Morena, el presidente Andr\u00e9s Manuel L\u00f3pez Obrador y la jefa de Gobierno de la Ciudad de M\u00e9xico, Claudia Sheinbaum Pardo, llevaron la teor\u00eda de la conspiraci\u00f3n al l\u00edmite y, como resultado pr\u00e1ctico, desde ayer el Metro de la gran metr\u00f3poli qued\u00f3 al cuidado de la militarizada Guardia Nacional.<\/p>\n<p>Desde el pasado d\u00eda 8 del presente mes, en su esfuerzo de evitar que su potencial heredera fuera acusada de incumplimiento de su tarea de gobernar a la capital del pa\u00eds y, en particular, de que prosperara la hip\u00f3tesis de que los accidentes en el Metro \u2014incluido el choque ocurrido un d\u00eda antes en la L\u00ednea 3\u2014 se derivan de un inadecuado mantenimiento en ese vital sistema de transporte colectivo.<\/p>\n<p>Las sospechas surgieron con fuerza luego del incendio que se registr\u00f3 el principal centro de control del Metro de la Ciudad de M\u00e9xico, ocurrida el 9 de enero de 2021. Una de las suposiciones que tom\u00f3 fuerza fue la falta de mantenimiento, hip\u00f3tesis que se reforz\u00f3 casi cuatro meses despu\u00e9s, a ra\u00edz del desplome de un tren del Metro en la L\u00ednea 12 del Metro, ocurrido el d\u00eda 3 de mayo de 2021, tragedia en la que murieron 26 personas y resultaron heridas casi cien m\u00e1s.<\/p>\n<p>\u201cAqu\u00ed no se ocultan las cosas, se habla con la verdad\u201d, dijo L\u00f3pez Obrador en su primer comentario acerca de esa tragedia y desde ese momento expres\u00f3 su respaldo a Sheinbaum.<\/p>\n<p>Desde entonces, L\u00f3pez Obrador arremeti\u00f3 contra los integrantes del \u201cpartido conservador\u201d por querer sacar \u201craja pol\u00edtica\u201d del accidente.<\/p>\n<p>\u201cYa he dicho que respaldamos su postura (de Sheinbaum); se va a hacer una investigaci\u00f3n a fondo, sin miramientos de ninguna \u00edndole, buscando conocer la verdad, qu\u00e9 fue realmente lo que sucedi\u00f3 y a partir de ese dictamen\u201d se llevar\u00e1 a cabo una investigaci\u00f3n profunda y \u201ca partir de eso se va a fincar la responsabilidad\u201d.<\/p>\n<p>Una semana despu\u00e9s, el jefe del Ejecutivo Federal sostuvo que la jefa de Gobierno es incorruptible, honesta e incapaz de mentir, por lo que pronto se tendr\u00e1 el dictamen con las causas del desplome de una trabe en la l\u00ednea 12 del Metro \u2014ya sea la construcci\u00f3n o el mantenimiento\u2014 y habr\u00e1 justicia.<\/p>\n<p>La \u201caut\u00f3noma\u201d Fiscal\u00eda General de Justicia de la Ciudad de M\u00e9xico, encabezada por la incondicional Ernestina Godoy, se encarg\u00f3 de inmediato de descartar como posible causa del desplome el inadecuado mantenimiento, pero su dictamen no fue decisivo ni para los m\u00e1s recalcitrantes seguidores de la llamada Cuarta Transformaci\u00f3n y por eso, tanto L\u00f3pez Obrador como Sheinbaum llamaron a esperar el dictamen definitivo de la empresa Det Norske Veritas (DNV), que hab\u00eda sido contratada por el propio gobierno capitalino para tener un dictamen imparcial y cumplir con lo ofrecido por AMLO en el sentido de que \u201caqu\u00ed no se ocultan las cosas, se habla con la verdad\u201d.<\/p>\n<p>El diario espa\u00f1ol <strong><em>El Pa\u00eds, <\/em><\/strong>en su edici\u00f3n para M\u00e9xico, consigui\u00f3 un adelanto del dictamen, en el cual se se\u00f1alaban fallas en el mantenimiento del Metro y ante eso el estudio fue repudiado por la administraci\u00f3n de Sheinbaum, quien acus\u00f3 un conflicto de inter\u00e9s con el representante legal de la empresa. El estudio ya no fue dado a conocer y el gobierno metropolitano negoci\u00f3 con DNV para ya no pagarle el total de lo convenido.<\/p>\n<p>El primer mandatario tambi\u00e9n adopt\u00f3 la sospecha de que la tragedia de la L\u00ednea 12 se utilizaba como parte de una conspiraci\u00f3n contra su gobierno y en particular contra su \u201ccorcholata\u201d favorita.<\/p>\n<p style=\"text-align: center;\"><strong>AMLO renueva sus quejas por una \u201cconspiraci\u00f3n\u201d contra su gobierno<\/strong><\/p>\n<p>Luego del accidente del pasado d\u00eda 7, el presidente L\u00f3pez Obrador retom\u00f3 sus cr\u00edticas contra los conservadores que aprovechan la tragedia con fines electorales, que obviamente afectan a quien parece su favorita para sucederlo.<\/p>\n<p>El primer mandatario conden\u00f3 la \u201cpolitiquer\u00eda\u201d que se ha desatado para encuadrar el accidente en t\u00e9rminos electorales y lucrar con el dolor humano. Expres\u00f3 su solidaridad al gobierno capitalino y la jefa de gobierno, Claudia Sheinbaum.<\/p>\n<p>Otra vez pidi\u00f3 esperar los resultados de los dict\u00e1menes de expertos y de paso aprovech\u00f3 para insistir en su teor\u00eda de la conspiraci\u00f3n.<\/p>\n<p>\u201cSe tiene que ver si fue pues falta de mantenimiento, si se debi\u00f3 a una falla el\u00e9ctrica, <em>a un acto premeditado<\/em>. En fin, se tiene que saber qu\u00e9 sucedi\u00f3, qu\u00e9 origin\u00f3 el accidente y si quiero aprovechar porque se alborotan los zopilotes, con todo respeto, quiero aprovechar para expresar mi solidaridad y apoyo, todo lo que necesite, el gobierno de la ciudad y la jefa de Gobierno, que es una mujer trabajadora, integra, honesta\u201d.<\/p>\n<p>Advirti\u00f3 que \u201ctodos tenemos la obligaci\u00f3n de actuar con rectitud y asumir responsabilidades, pero no deja de haber ingredientes, lo que antes se le conoc\u00eda coloquialmente como grilla\u201d e insisti\u00f3 en denunciar que hay sectores que act\u00faan sin \u201cescr\u00fapulos morales\u201d.<\/p>\n<p>La teor\u00eda de la conspiraci\u00f3n tambi\u00e9n ha sido asumida por Sheinbaum, quien desde el desplome de la L\u00ednea 12 acus\u00f3 a la organizaci\u00f3n civil Mexicanos Contra la Corrupci\u00f3n y la Impunidad de formar parte de una conspiraci\u00f3n con empleados de la empresa noruega DNV y otros actores partidistas para perjudicar a su gobierno.<\/p>\n<p>Ahora, luego del choque en la L\u00ednea 3, aparentemente Sheinbaum pide no hacer caso de rumores acerca de un posible sabotaje para manchar su nombre, pero en realidad ha dado validez a esas sospechas, al revelar que una de las cajas negras de los trenes que chocaron hab\u00eda sido encontrada dentro de un veh\u00edculo particular, es decir, que fue sustra\u00edda antes de que empezaran los peritajes.<\/p>\n<p>Tambi\u00e9n as\u00ed, con aparente intenci\u00f3n de invalidar las sospechas de un atentado, el presidente L\u00f3pez Obrador hizo un llamado a que \u201cno haya psicosis y preocupaci\u00f3n\u201d.<\/p>\n<p>\u201cLo que queremos es que no haya psicosis y que encima de todos los problemas cotidianos que tienen que enfrentar, tenga la preocupaci\u00f3n de alg\u00fan accidente en el Metro que pueda ser provocado. Vamos a tener vigilancia y si a eso le llaman militarizaci\u00f3n o como le llamen, asumimos la responsabilidad\u201d, coment\u00f3 por su parte L\u00f3pez Obrador.<\/p>\n<p>Pero, en contra de esas recomendaciones de no caer en p\u00e1nico, en la pr\u00e1ctica los gobiernos federal y capitalino tomaron la decisi\u00f3n de encargar la seguridad en las instalaciones del Metro a la Guardia Nacional, lo cual hace suponer, en primer t\u00e9rmino, que hay riesgos no revelados a los cuales no puede hacer frente el cuerpo de seguridad de ese sistema de transporte.<\/p>\n<p style=\"text-align: center;\"><strong>Es un hecho, PAN, PRI y PRD van aliados en las elecciones de 2023 y 2024<\/strong><\/p>\n<p>Tal como se hab\u00eda anticipado, los dirigentes nacionales del PAN, PRI y PRD confirmaron que se mantendr\u00e1 vigente la coalici\u00f3n <strong>Va por M\u00e9xico <\/strong>no s\u00f3lo para las elecciones de este a\u00f1o para gobernadores de los estados de M\u00e9xico y Coahuila.<\/p>\n<p>El PRI ser\u00e1 el encargado de establecer las reglas democr\u00e1ticas para elegir a los candidatos a contender por las gubernaturas mencionadas, mientras que el PAN ser\u00e1 qui\u00e9n dirija el rumbo y elija a los aspirantes a la Jefatura de Gobierno de la Ciudad de M\u00e9xico y la Presidencia de la Rep\u00fablica, que estar\u00e1n en disputa en 2024.<\/p>\n<p>Estamos m\u00e1s firmes y unidos que nunca. No hay obst\u00e1culos para construir la mejor alianza de <strong><em>Va por M\u00e9xico<\/em><\/strong>, una coalici\u00f3n potente construida por partidos y ciudadanos, que va por la defensa de nuestro modelo democr\u00e1tico, afirm\u00f3 Alejandro Moreno, presidente del PRI.<\/p>\n<p>\u201cNi nos van a doblar ni nos van a echar para atr\u00e1s\u201d, repiti\u00f3 el dirigente del tricolor, frase que ha convertido en lema.<\/p>\n<p>Por su parte, el presidente nacional del PAN, Marko Cort\u00e9s Mendoza, inform\u00f3 que, bajo reglas democr\u00e1ticas contenidas en sus respectivos\u00a0 estatutos, el PAN y el PRI pactaron garantizar la posibilidad de participar en los procesos de selecci\u00f3n a todos los interesados con independencia de su afiliaci\u00f3n partidista, por lo que abrieron la puerta para postular a alg\u00fan candidato que proceda de la sociedad civil.<\/p>\n<p>\u201cVamos a ganar, vamos a redignificar la investidura presidencial, vamos a hablarle a la gente con la verdad, vamos a evitar la divisi\u00f3n y la polarizaci\u00f3n, vamos a regresar la paz y la tranquilidad a las familias, vamos a combatir la violencias sin pactos con el crimen organizado, vamos a aplicar y respetar el Estado de derecho, vamos a restablecer la interlocuci\u00f3n de la pluralidad garantizando el di\u00e1logo y respeto entre todos los sectores de la sociedad, muy especial con las mujeres y los sectores m\u00e1s desprotegidos\u201d, asent\u00f3 Marko Cort\u00e9s.<\/p>\n<p><em><a href=\"mailto:riparcangel@hotmail.com\" target=\"_blank\" rel=\"noopener noreferrer\">riparcangel@hotmail.com<\/a><\/em><\/p>\n","protected":false},"excerpt":{"rendered":"<p><span style=\"color: #005497;\"><strong>Miguel \u00c1ngel Rivera<\/strong><\/span<\/span><\/p>\n","protected":false},"author":3,"featured_media":0,"comment_status":"open","ping_status":"open","sticky":false,"template":"","format":"standard","meta":{"_monsterinsights_skip_tracking":false,"_monsterinsights_sitenote_active":false,"_monsterinsights_sitenote_note":"","_monsterinsights_sitenote_category":0,"footnotes":""},"categories":[84119],"tags":[84120,84121,43674],"class_list":["post-571197","post","type-post","status-publish","format-standard","hentry","category-miguel-angel-rivera","tag-clase-politica","tag-miguel-angel-rivera","tag-opinion"],"_links":{"self":[{"href":"https:\/\/www.diarioimagen.net\/index.php?rest_route=\/wp\/v2\/posts\/571197","targetHints":{"allow":["GET"]}}],"collection":[{"href":"https:\/\/www.diarioimagen.net\/index.php?rest_route=\/wp\/v2\/posts"}],"about":[{"href":"https:\/\/www.diarioimagen.net\/index.php?rest_route=\/wp\/v2\/types\/post"}],"author":[{"embeddable":true,"href":"https:\/\/www.diarioimagen.net\/index.php?rest_route=\/wp\/v2\/users\/3"}],"replies":[{"embeddable":true,"href":"https:\/\/www.diarioimagen.net\/index.php?rest_route=%2Fwp%2Fv2%2Fcomments&post=571197"}],"version-history":[{"count":0,"href":"https:\/\/www.diarioimagen.net\/index.php?rest_route=\/wp\/v2\/posts\/571197\/revisions"}],"wp:attachment":[{"href":"https:\/\/www.diarioimagen.net\/index.php?rest_route=%2Fwp%2Fv2%2Fmedia&parent=571197"}],"wp:term":[{"taxonomy":"category","embeddable":true,"href":"https:\/\/www.diarioimagen.net\/index.php?rest_route=%2Fwp%2Fv2%2Fcategories&post=571197"},{"taxonomy":"post_tag","embeddable":true,"href":"https:\/\/www.diarioimagen.net\/index.php?rest_route=%2Fwp%2Fv2%2Ftags&post=571197"}],"curies":[{"name":"wp","href":"https:\/\/api.w.org\/{rel}","templated":true}]}}