{"id":571217,"date":"2023-01-13T00:03:16","date_gmt":"2023-01-13T06:03:16","guid":{"rendered":"https:\/\/www.diarioimagen.net\/?p=571217"},"modified":"2023-01-15T19:58:04","modified_gmt":"2023-01-16T01:58:04","slug":"mas-de-6-mil-militares-vigilan-las-instalaciones-del-metro-en-la-cdmx","status":"publish","type":"post","link":"https:\/\/www.diarioimagen.net\/?p=571217","title":{"rendered":"M\u00e1s de 6 mil militares vigilan las instalaciones del Metro en la CDMX"},"content":{"rendered":"<p>&nbsp;<\/p>\n<h3 style=\"text-align: center;\">A partir de este jueves<\/h3>\n<p>&nbsp;<\/p>\n<ul>\n<li><strong><em>Sheinbaum pidi\u00f3 apoyo del gobierno federal, tras incidentes calificados fuera de lo normal<\/em><\/strong><\/li>\n<\/ul>\n<p>&nbsp;<\/p>\n<div id=\"attachment_571270\" style=\"width: 470px\" class=\"wp-caption aligncenter\"><a href=\"https:\/\/www.diarioimagen.net\/?attachment_id=571270\" rel=\"attachment wp-att-571270\"><img loading=\"lazy\" decoding=\"async\" aria-describedby=\"caption-attachment-571270\" class=\"size-full wp-image-571270\" src=\"https:\/\/www.diarioimagen.net\/wp-content\/uploads\/2023\/01\/metro.jpg\" alt=\"\" width=\"460\" height=\"270\" \/><\/a><p id=\"caption-attachment-571270\" class=\"wp-caption-text\">M\u00e1s de 6 mil elementos de la Guardia Nacional se hacen cargo de la vigilancia del Sistema de Transporte Colectivo Metro de la Ciudad de M\u00e9xico, desde este jueves.<\/p><\/div>\n<p>&nbsp;<\/p>\n<p>Desde este jueves se desplegaron 6,060 elementos de la Guardia Nacional en todas las instalaciones del Sistema de Transporte Colectivo (STC) Metro, tras los \u201cincidentes fuera de lo normal\u201d de los \u00faltimos d\u00edas, inform\u00f3 la jefa de Gobierno, Claudia Sheinbaum Pardo.<\/p>\n<p>Cuestionada sobre si su gobierno presume sabotaje en los incidentes del pasado s\u00e1bado 7 de enero, donde muri\u00f3 una joven y hubo m\u00e1s de 106 heridos tras colisionar dos convoyes en la L\u00ednea 3, as\u00ed como la ponchadura de una llanta en un convoy en la L\u00ednea 5, Sheinbaum Pardo se\u00f1al\u00f3 que se est\u00e1n haciendo las investigaciones, pero urgi\u00f3 la necesidad de vigilancia.<\/p>\n<p>\u201cHay que hacer todas las investigaciones, lo que s\u00ed podemos decir es que son episodios que est\u00e1n digamos fuera de lo que normalmente ocurre, hay presupuesto, evidentemente, se est\u00e1 haciendo todo el diagn\u00f3stico, el trabajo con los trabajadores del Metro, de manera muy importante, para si es necesario m\u00e1s presupuesto, otorgarlo.<\/p>\n<p>\u201cPero a\u00fan as\u00ed, por seguridad y sobre todo la preocupaci\u00f3n de la ciudadan\u00eda, de los usuarios del Metro, hemos tomado la decisi\u00f3n de pedir este apoyo, solicitar este apoyo, de tal manera que a partir de hoy a las 2:00 de la tarde, se instala el apoyo de la Guardia Nacional para la vigilancia del Metro\u201d, coment\u00f3 la mandataria capitalina.<\/p>\n<p>Sheinbaum Pardo afirm\u00f3 que este sistema de transporte tiene el presupuesto suficiente para garantizar su funcionamiento y seguridad de los usuarios y que actualmente se est\u00e1n haciendo diversas inversiones como la recuperaci\u00f3n de la L\u00ednea 1 del Metro, que tiene una antig\u00fcedad de 54 a\u00f1os.<\/p>\n<p>\u201cHan venido ocurriendo en los \u00faltimos meses episodios que nosotros catalogamos como fuera de lo normal que no son lo que normalmente ocurre en el Metro, despu\u00e9s del tr\u00e1gico accidente, del terrible accidente que tuvimos en donde falleci\u00f3 una joven\u2026 ese mismo d\u00eda en la tarde tuvimos un problema en la L\u00ednea 3 de una zapata del tren, al siguiente d\u00eda se tuvo un problema en la L\u00ednea 8, el d\u00eda de ayer en la L\u00ednea 5 con una llanta lateral que fue revisada un d\u00eda antes y por esta raz\u00f3n me permit\u00ed hablar con el presidente de la Rep\u00fablica y solicitarle la presencia de la Guardia Nacional en el Metro de la Ciudad de M\u00e9xico, esto fue aceptado de tal manera que a partir de hoy de las dos de la tarde, agradezco el apoyo, la Guardia Nacional estar\u00e1 presente\u201d, se\u00f1al\u00f3 la mandataria capitalina.<\/p>\n","protected":false},"excerpt":{"rendered":"<p>Desde este jueves se desplegaron 6,060 elementos de la Guardia Nacional en todas las instalaciones del Sistema de Transporte Colectivo (STC) Metro, tras los \u201cincidentes fuera de lo normal\u201d de los \u00faltimos d\u00edas, inform\u00f3 la jefa de Gobierno, Claudia Sheinbaum Pardo.<\/p>\n","protected":false},"author":3,"featured_media":571270,"comment_status":"open","ping_status":"open","sticky":false,"template":"","format":"standard","meta":{"_monsterinsights_skip_tracking":false,"_monsterinsights_sitenote_active":false,"_monsterinsights_sitenote_note":"","_monsterinsights_sitenote_category":0,"footnotes":""},"categories":[6],"tags":[34444,4160,163],"class_list":["post-571217","post","type-post","status-publish","format-standard","has-post-thumbnail","hentry","category-cd-de-mexico","tag-cdmx","tag-guardia-nacional","tag-metro"],"_links":{"self":[{"href":"https:\/\/www.diarioimagen.net\/index.php?rest_route=\/wp\/v2\/posts\/571217","targetHints":{"allow":["GET"]}}],"collection":[{"href":"https:\/\/www.diarioimagen.net\/index.php?rest_route=\/wp\/v2\/posts"}],"about":[{"href":"https:\/\/www.diarioimagen.net\/index.php?rest_route=\/wp\/v2\/types\/post"}],"author":[{"embeddable":true,"href":"https:\/\/www.diarioimagen.net\/index.php?rest_route=\/wp\/v2\/users\/3"}],"replies":[{"embeddable":true,"href":"https:\/\/www.diarioimagen.net\/index.php?rest_route=%2Fwp%2Fv2%2Fcomments&post=571217"}],"version-history":[{"count":0,"href":"https:\/\/www.diarioimagen.net\/index.php?rest_route=\/wp\/v2\/posts\/571217\/revisions"}],"wp:featuredmedia":[{"embeddable":true,"href":"https:\/\/www.diarioimagen.net\/index.php?rest_route=\/wp\/v2\/media\/571270"}],"wp:attachment":[{"href":"https:\/\/www.diarioimagen.net\/index.php?rest_route=%2Fwp%2Fv2%2Fmedia&parent=571217"}],"wp:term":[{"taxonomy":"category","embeddable":true,"href":"https:\/\/www.diarioimagen.net\/index.php?rest_route=%2Fwp%2Fv2%2Fcategories&post=571217"},{"taxonomy":"post_tag","embeddable":true,"href":"https:\/\/www.diarioimagen.net\/index.php?rest_route=%2Fwp%2Fv2%2Ftags&post=571217"}],"curies":[{"name":"wp","href":"https:\/\/api.w.org\/{rel}","templated":true}]}}