{"id":571222,"date":"2023-01-13T00:01:08","date_gmt":"2023-01-13T06:01:08","guid":{"rendered":"https:\/\/www.diarioimagen.net\/?p=571222"},"modified":"2023-01-13T02:24:36","modified_gmt":"2023-01-13T08:24:36","slug":"lopez-obrador-celebra-resultados-de-la-cumbre-de-lideres-del-norte","status":"publish","type":"post","link":"https:\/\/www.diarioimagen.net\/?p=571222","title":{"rendered":"L\u00f3pez Obrador celebra resultados de la Cumbre de L\u00edderes del Norte"},"content":{"rendered":"<p>&nbsp;<\/p>\n<h3 style=\"text-align: center;\">Pondera la buena vecindad que hay entre los tres pa\u00edses<\/h3>\n<p>&nbsp;<\/p>\n<ul>\n<li><strong><em>Destaca el fortalecimiento de nuestro peso, como no se ve\u00eda en medio siglo<\/em><\/strong><\/li>\n<\/ul>\n<p>&nbsp;<\/p>\n<div id=\"attachment_571281\" style=\"width: 470px\" class=\"wp-caption aligncenter\"><a href=\"https:\/\/www.diarioimagen.net\/?attachment_id=571281\" rel=\"attachment wp-att-571281\"><img loading=\"lazy\" decoding=\"async\" aria-describedby=\"caption-attachment-571281\" class=\"size-full wp-image-571281\" src=\"https:\/\/www.diarioimagen.net\/wp-content\/uploads\/2023\/01\/amlo-5.jpg\" alt=\"\" width=\"460\" height=\"270\" \/><\/a><p id=\"caption-attachment-571281\" class=\"wp-caption-text\">El presidente Andr\u00e9s Manuel L\u00f3pez destac\u00f3 que la cumbre fue una muy buena reuni\u00f3n, tanto en lo bilateral como en lo que tiene que ver con el Tratado (T-MEC).<\/p><\/div>\n<p>&nbsp;<\/p>\n<p>Al hacer un breve balance de la Cumbre de L\u00edderes de Am\u00e9rica del Norte, el presidente Andr\u00e9s Manuel L\u00f3pez destac\u00f3 que \u201cfue una muy buena reuni\u00f3n, tanto en lo bilateral como en lo que tiene que ver con el Tratado (T-MEC)\u201d, y afirm\u00f3 que \u201cfue muy bueno que se haya llevado a cabo este encuentro, muy bueno para nuestros pueblos, y dir\u00eda que en beneficio del pueblo de Canad\u00e1, de Estados Unidos y del pueblo de M\u00e9xico\u201d. Adem\u00e1s, ponder\u00f3 que fue fraterno y en el marco de la buena vecindad.<\/p>\n<p>El mandatario destac\u00f3 este jueves que \u201chay elementos muy favorables, nuestra econom\u00eda est\u00e1 muy estable entre otras cosas por esta buena relaci\u00f3n con Canad\u00e1 y Estados Unidos, ya ustedes saben que nuestro peso est\u00e1 fortalecido como no se ve\u00eda en medio siglo, o en m\u00e1s de medio siglo\u201d.<\/p>\n<p>Se\u00f1al\u00f3 que el peso mexicano es la moneda que m\u00e1s se ha apreciado con relaci\u00f3n al d\u00f3lar en el mundo, en el periodo que va de su administraci\u00f3n. A la par, dijo que \u201cest\u00e1n creciendo las inversiones, tanto de Estados Unidos como de Canad\u00e1 y de todo el mundo, la inversi\u00f3n extranjera es r\u00e9cord y esto se traduce en empleos y bienestar en M\u00e9xico\u201d.<\/p>\n<p>Recalc\u00f3 que en la cumbre se abord\u00f3 el tema migratorio, en el que se expuso \u201cel inter\u00e9s de que no haya persecuci\u00f3n\u201d en Estados Unidos y Canad\u00e1, y que el pa\u00eds vecino del norte siga insistiendo en la regularizaci\u00f3n \u201cde nuestros paisanos\u201d, ante lo cual, dijo que el presidente Biden mostr\u00f3 una actitud positiva.<\/p>\n<p>Tambi\u00e9n, sostuvo que \u201cno hubo ninguna discrepancia como a lo mejor se lleg\u00f3 a pensar, sobre todo por nuestros adversarios. Todo se dio en un ambiente de respeto mutuo, eso fue \u00e9ste encuentro\u201d.<\/p>\n<p>En el caso de las relaciones comerciales con Canad\u00e1, expuso que en estos cuatro a\u00f1os se increment\u00f3 la inversi\u00f3n extranjera de ese pa\u00eds en M\u00e9xico. Se logr\u00f3, dijo, mantener esa relaci\u00f3n de cooperaci\u00f3n, integraci\u00f3n e inversi\u00f3n extranjera, y para seguir trabajando de manera conjunta y en t\u00e9rminos de amistad.<\/p>\n<p style=\"text-align: center;\"><strong>Arremete contra rector de la UNAM por plagio de tesis de Yasm\u00edn Esquivel<\/strong><\/p>\n<p>Luego de la confirmaci\u00f3n del plagio de la tesis de licenciatura de Yasm\u00edn Esquivel, el presidente L\u00f3pez Obrador se quej\u00f3 que el rector de la UNAM, como Poncio Pilatos se lav\u00f3 las manos, y que ahora la decisi\u00f3n de retirar el t\u00edtulo a la ministra corresponde a la Secretar\u00eda de Educaci\u00f3n P\u00fablica (SEP).<\/p>\n<p>Dijo que el lunes se podr\u00eda resolver esta situaci\u00f3n, porque dijo que se tendr\u00e1 que analizar legalmente c\u00f3mo est\u00e1 la situaci\u00f3n, \u201cpero no vamos a evadir si tenemos responsabilidad y se va a actuar\u201d.<\/p>\n<p>El mandatario federal agreg\u00f3: \u201cLo vamos a resolver, aqu\u00ed nada m\u00e1s d\u00e9jenme ver que yo vea es que resolvi\u00f3 la UNAM. Dice \u2018hubo plagio y no nos toca a nosotros sancionar sino a la SEP\u2019\u201d.<\/p>\n<p>Por esta raz\u00f3n se lanz\u00f3 contra el rector Graue Wiechers: \u201cPero claro que est\u00e1 metido, hablando en plata, porque ya basta de simulaci\u00f3n y de hipocres\u00edas\u201d.<\/p>\n<p>Consider\u00f3 que el plagio es una pr\u00e1ctica que no se debe permitir \u201cy mucho menos la corrupci\u00f3n o plagio es corrupci\u00f3n o deshonestidad, porque es un concepto m\u00e1s amplio. La corrupci\u00f3n es robar, la deshonestidad es robar y ser incongruentes. Se va a ver\u201d, advirti\u00f3.<\/p>\n<p>Sin embargo, en torno a si por esta deshonestidad deber\u00eda permanecer como ministra de la Corte el Presidente se deslind\u00f3: \u201cNo sabemos o sea eso la autoridad competente, lo mejor es que la UNAM diga s\u00ed o no, es v\u00e1lido su t\u00edtulo o no es v\u00e1lido su t\u00edtulo. Si es plagio, pero lo que nos tiene que decir es que s\u00ed es v\u00e1lido el t\u00edtulo o no y ahora lo que quiere es que seamos nosotros los que decidamos\u201d.<\/p>\n<p>El Presidente o desaprovech\u00f3 la oportunidad para afirmar qu\u00e9 hay se\u00f1alamientos est\u00e1n muy vinculados a\u00a0 la politiquer\u00eda.<\/p>\n<p>\u201cLo que no tengo duda y quiero aclarar es que el conservadurismo que tiene como doctrina la hipocres\u00eda, porque son muy corruptos ahora enarbola la bandera de la \u00e9tica (\u2026) Es \u2018el INE no se toca\u2019, \u2018cuidado con el cerro del aeropuerto Felipe \u00c1ngeles\u2019, \u2018el Tren Maya le cambia el color del agua hasta el caribe ya no va a haber azul turquesa\u2019, \u2018compren sus d\u00f3lares porque se va a ir a 25\u2019\u201d.<\/p>\n<p style=\"text-align: center;\"><strong>BMW abrir\u00e1 planta de autos el\u00e9ctricos en SLP con 800 mde, informa AMLO<\/strong><\/p>\n<p>El presidente L\u00f3pez Obrador tambi\u00e9n inform\u00f3 que BMW Group decidi\u00f3 abrir una planta para la producci\u00f3n de autom\u00f3viles el\u00e9ctricos en San Luis Potos\u00ed, misma que significar\u00e1 una inversi\u00f3n de alrededor de 800 millones de euros.<\/p>\n<p>El mandatario federal adelant\u00f3 que estar\u00e1 en la entidad en febrero, junto al canciller Marcelo Ebrard, para dar cuenta del anuncio de inversi\u00f3n de la armadora alemana y destac\u00f3 que este acontecimiento es una prueba del buen \u00e1nimo para las inversiones que hay en M\u00e9xico.<\/p>\n<p>\u201cHay ya un flujo de inversi\u00f3n extranjera hacia Am\u00e9rica del Norte, de todas partes del mundo, voy a estar con Ebrard en febrero en San Luis Potos\u00ed porque BMW de Alemania decidi\u00f3 poner su planta, es una inversi\u00f3n de 800 millones de euros\u201d, coment\u00f3.<\/p>\n","protected":false},"excerpt":{"rendered":"<p>Al hacer un breve balance de la Cumbre de L\u00edderes de Am\u00e9rica del Norte, el presidente Andr\u00e9s Manuel L\u00f3pez destac\u00f3 que \u201cfue una muy buena reuni\u00f3n, tanto en lo bilateral como en lo que tiene que ver con el Tratado (T-MEC)\u201d, y afirm\u00f3 que \u201cfue muy bueno que se haya llevado a cabo este encuentro, muy bueno para nuestros pueblos, y dir\u00eda que en beneficio del pueblo de Canad\u00e1, de Estados Unidos y del pueblo de M\u00e9xico\u201d. Adem\u00e1s, ponder\u00f3 que fue fraterno y en el marco de la buena vecindad.<\/p>\n","protected":false},"author":3,"featured_media":571281,"comment_status":"open","ping_status":"open","sticky":false,"template":"","format":"standard","meta":{"_monsterinsights_skip_tracking":false,"_monsterinsights_sitenote_active":false,"_monsterinsights_sitenote_note":"","_monsterinsights_sitenote_category":0,"footnotes":""},"categories":[3],"tags":[2545,97167,43673],"class_list":["post-571222","post","type-post","status-publish","format-standard","has-post-thumbnail","hentry","category-nacional","tag-amlo","tag-cumbre-de-lideres-del-norte","tag-nacional"],"_links":{"self":[{"href":"https:\/\/www.diarioimagen.net\/index.php?rest_route=\/wp\/v2\/posts\/571222","targetHints":{"allow":["GET"]}}],"collection":[{"href":"https:\/\/www.diarioimagen.net\/index.php?rest_route=\/wp\/v2\/posts"}],"about":[{"href":"https:\/\/www.diarioimagen.net\/index.php?rest_route=\/wp\/v2\/types\/post"}],"author":[{"embeddable":true,"href":"https:\/\/www.diarioimagen.net\/index.php?rest_route=\/wp\/v2\/users\/3"}],"replies":[{"embeddable":true,"href":"https:\/\/www.diarioimagen.net\/index.php?rest_route=%2Fwp%2Fv2%2Fcomments&post=571222"}],"version-history":[{"count":0,"href":"https:\/\/www.diarioimagen.net\/index.php?rest_route=\/wp\/v2\/posts\/571222\/revisions"}],"wp:featuredmedia":[{"embeddable":true,"href":"https:\/\/www.diarioimagen.net\/index.php?rest_route=\/wp\/v2\/media\/571281"}],"wp:attachment":[{"href":"https:\/\/www.diarioimagen.net\/index.php?rest_route=%2Fwp%2Fv2%2Fmedia&parent=571222"}],"wp:term":[{"taxonomy":"category","embeddable":true,"href":"https:\/\/www.diarioimagen.net\/index.php?rest_route=%2Fwp%2Fv2%2Fcategories&post=571222"},{"taxonomy":"post_tag","embeddable":true,"href":"https:\/\/www.diarioimagen.net\/index.php?rest_route=%2Fwp%2Fv2%2Ftags&post=571222"}],"curies":[{"name":"wp","href":"https:\/\/api.w.org\/{rel}","templated":true}]}}