{"id":571227,"date":"2023-01-13T00:03:47","date_gmt":"2023-01-13T06:03:47","guid":{"rendered":"https:\/\/www.diarioimagen.net\/?p=571227"},"modified":"2023-01-17T23:08:13","modified_gmt":"2023-01-18T05:08:13","slug":"confirma-unam-que-esquivel-plagio-tesis-pero-no-puede-invalidar-su-titulo","status":"publish","type":"post","link":"https:\/\/www.diarioimagen.net\/?p=571227","title":{"rendered":"Confirma UNAM que Esquivel plagi\u00f3 tesis, pero no puede invalidar su t\u00edtulo"},"content":{"rendered":"<p><em>\u00a0<\/em><\/p>\n<ul>\n<li><strong><em>Anunci\u00f3 que enviar\u00e1 el contenido de la resoluci\u00f3n a la SEP, para los fines a que haya lugar<\/em><\/strong><\/li>\n<\/ul>\n<p>&nbsp;<\/p>\n<div id=\"attachment_571277\" style=\"width: 470px\" class=\"wp-caption aligncenter\"><a href=\"https:\/\/www.diarioimagen.net\/?attachment_id=571277\" rel=\"attachment wp-att-571277\"><img loading=\"lazy\" decoding=\"async\" aria-describedby=\"caption-attachment-571277\" class=\"size-full wp-image-571277\" src=\"https:\/\/www.diarioimagen.net\/wp-content\/uploads\/2023\/01\/TESIS-YASMIN-UNAM.jpg\" alt=\"\" width=\"460\" height=\"270\" \/><\/a><p id=\"caption-attachment-571277\" class=\"wp-caption-text\">La Facultad de Estudios Superiores (FES) Arag\u00f3n, de la UNAM, determin\u00f3 que la tesis de Yasm\u00edn Esquivel, presentada en 1987, es una \u201ccopia sustancial\u201d de la publicada en 1986 por \u00c9dgar Ulises B\u00e1ez.<\/p><\/div>\n<p>&nbsp;<\/p>\n<p>Tras un an\u00e1lisis de la tesis de la ministra de la Suprema Corte de Justicia de la Naci\u00f3n (SCJN), Yasm\u00edn Esquivel, la Facultad de Estudios Superiores (FES) Arag\u00f3n de la Universidad Nacional Aut\u00f3noma de M\u00e9xico (UNAM), determin\u00f3 que es una \u201ccopia sustancial\u201d de la publicada en 1986 por el ex alumno \u00c9dgar Ulises B\u00e1ez.<\/p>\n<p>Sin embargo, la UNAM inform\u00f3 que \u201cla normatividad universitaria carece de los mecanismos para invalidar un t\u00edtulo expedido, a\u00fan y cuando el plagio de una tesis est\u00e9 documentado\u201d.<\/p>\n<p>La FES Arag\u00f3n detall\u00f3 que la decisi\u00f3n la tom\u00f3 el Comit\u00e9 de Integridad Acad\u00e9mica y Cient\u00edfica, ante los se\u00f1alamientos del 21 de diciembre de 2022 en los que se hace menci\u00f3n de un plagio entre dos tesis con nombres similares, una presentada en la Facultad de Derecho de 1986 y otra en la FES Arag\u00f3n en 1987. \u201cEste Comit\u00e9 valor\u00f3 los elementos de constituci\u00f3n, desarrollo, estilo, contenido, temporalidad, congruencia y manejo de la informaci\u00f3n de ambas tesis, as\u00ed como el an\u00e1lisis de los archivos f\u00edsicos y digitales institucionales. A partir de ello, el Comit\u00e9 informa que la tesis elaborada en 1987 es copia sustancial de la original presentada en 1986\u201d, sostiene la FES.<\/p>\n<p>Aunque la FES Arag\u00f3n inform\u00f3 a la UNAM sobre la comprobaci\u00f3n del plagio de la ministra Yasm\u00edn Esquivel, la m\u00e1xima Casa de Estudios dijo que \u201cel contenido de la resoluci\u00f3n ser\u00e1 enviado a la Secretar\u00eda de Educaci\u00f3n P\u00fablica (SEP), para los fines a que haya lugar\u201d.<\/p>\n<p>Sobre la actuaci\u00f3n y participaci\u00f3n de la asesora en ambos trabajos de titulaci\u00f3n, la FES mencion\u00f3 que \u201cse analiz\u00f3 y document\u00f3 respecto a su posible falta en el cumplimiento de los principios \u00e9ticos universitarios y el apego a la normatividad institucional\u201d.<\/p>\n<p>\u201cEst\u00e1 en curso la investigaci\u00f3n administrativa, como lo establecen la legislaci\u00f3n universitaria y los compromisos contractuales, a la profesora Martha Rodr\u00edguez Ortiz, quien fungi\u00f3 como directora de las tesis mencionadas, para que explique las razones de su actuar\u201d, detall\u00f3 la Facultad.<\/p>\n<p>\u201cNuestra Universidad considera que siempre ser\u00e1 mejor prevenir casos tan lamentables y penosos como \u00e9stos, por lo que en acuerdo con el Colegio de Directores de Facultades y Escuelas, se han tomado ya las primeras medidas en ese sentido, as\u00ed como el estudio de las alternativas que permitan fortalecer nuestra normatividad para prevenir asuntos como el que nos ocupa\u201d, se lee en el comunicado.<\/p>\n","protected":false},"excerpt":{"rendered":"<p>Tras un an\u00e1lisis de la tesis de la ministra de la Suprema Corte de Justicia de la Naci\u00f3n (SCJN), Yasm\u00edn Esquivel, la Facultad de Estudios Superiores (FES) Arag\u00f3n de la Universidad Nacional Aut\u00f3noma de M\u00e9xico (UNAM), determin\u00f3 que es una \u201ccopia sustancial\u201d de la publicada en 1986 por el ex alumno \u00c9dgar Ulises B\u00e1ez.<\/p>\n","protected":false},"author":3,"featured_media":571277,"comment_status":"open","ping_status":"open","sticky":false,"template":"","format":"standard","meta":{"_monsterinsights_skip_tracking":false,"_monsterinsights_sitenote_active":false,"_monsterinsights_sitenote_note":"","_monsterinsights_sitenote_category":0,"footnotes":""},"categories":[3],"tags":[97168,459,570,83607],"class_list":["post-571227","post","type-post","status-publish","format-standard","has-post-thumbnail","hentry","category-nacional","tag-plago","tag-sep","tag-unam","tag-yasmin-esquivel"],"_links":{"self":[{"href":"https:\/\/www.diarioimagen.net\/index.php?rest_route=\/wp\/v2\/posts\/571227","targetHints":{"allow":["GET"]}}],"collection":[{"href":"https:\/\/www.diarioimagen.net\/index.php?rest_route=\/wp\/v2\/posts"}],"about":[{"href":"https:\/\/www.diarioimagen.net\/index.php?rest_route=\/wp\/v2\/types\/post"}],"author":[{"embeddable":true,"href":"https:\/\/www.diarioimagen.net\/index.php?rest_route=\/wp\/v2\/users\/3"}],"replies":[{"embeddable":true,"href":"https:\/\/www.diarioimagen.net\/index.php?rest_route=%2Fwp%2Fv2%2Fcomments&post=571227"}],"version-history":[{"count":0,"href":"https:\/\/www.diarioimagen.net\/index.php?rest_route=\/wp\/v2\/posts\/571227\/revisions"}],"wp:featuredmedia":[{"embeddable":true,"href":"https:\/\/www.diarioimagen.net\/index.php?rest_route=\/wp\/v2\/media\/571277"}],"wp:attachment":[{"href":"https:\/\/www.diarioimagen.net\/index.php?rest_route=%2Fwp%2Fv2%2Fmedia&parent=571227"}],"wp:term":[{"taxonomy":"category","embeddable":true,"href":"https:\/\/www.diarioimagen.net\/index.php?rest_route=%2Fwp%2Fv2%2Fcategories&post=571227"},{"taxonomy":"post_tag","embeddable":true,"href":"https:\/\/www.diarioimagen.net\/index.php?rest_route=%2Fwp%2Fv2%2Ftags&post=571227"}],"curies":[{"name":"wp","href":"https:\/\/api.w.org\/{rel}","templated":true}]}}