{"id":571252,"date":"2023-01-13T00:01:48","date_gmt":"2023-01-13T06:01:48","guid":{"rendered":"https:\/\/www.diarioimagen.net\/?p=571252"},"modified":"2023-01-15T22:49:59","modified_gmt":"2023-01-16T04:49:59","slug":"hoy-inicia-la-feria-de-leon-que-dejara-derrama-economica-de-2-mil-600-millones-de-pesos-juan-jose-alvarez-brunel","status":"publish","type":"post","link":"https:\/\/www.diarioimagen.net\/?p=571252","title":{"rendered":"Hoy inicia la Feria de Le\u00f3n, que dejar\u00e1 derrama econ\u00f3mica de 2 mil 600 millones de pesos: Juan Jos\u00e9 \u00c1lvarez Brunel"},"content":{"rendered":"<h2>De cinco estrellas<\/h2>\n<h5>Victoria Gonz\u00e1lez Prado<\/h5>\n<p>&nbsp;<\/p>\n<ul>\n<li><strong><em>La marca <\/em>AMR Collection<em> cambi\u00f3 oficialmente su nombre a <\/em>Inclusive Collection<\/strong><\/li>\n<li><strong><em>Celebra el D\u00eda Nacional de los Amantes del Queso \u201320 de enero\u2013 en <\/em>All inclusive by Marriott Bonvoy<\/strong><\/li>\n<\/ul>\n<p>&nbsp;<\/p>\n<div id=\"attachment_571253\" style=\"width: 470px\" class=\"wp-caption aligncenter\"><a href=\"https:\/\/www.diarioimagen.net\/?attachment_id=571253\" rel=\"attachment wp-att-571253\"><img loading=\"lazy\" decoding=\"async\" aria-describedby=\"caption-attachment-571253\" class=\"size-full wp-image-571253\" src=\"https:\/\/www.diarioimagen.net\/wp-content\/uploads\/2023\/01\/turismo-5.jpg\" alt=\"\" width=\"460\" height=\"270\" \/><\/a><p id=\"caption-attachment-571253\" class=\"wp-caption-text\">En la presentaci\u00f3n de la Feria de Le\u00f3n que inicia hoy.<\/p><\/div>\n<p>&nbsp;<\/p>\n<p>La Feria de Le\u00f3n \u2018Un mundo por descubrir\u2019 \u2014desde hoy viernes 13 de enero al 7 de febrero\u2014 recibir\u00e1 m\u00e1s de 5 millones de visitantes que dejar\u00e1n derrama de 2 mil 600 millones de pesos, m\u00e1s de 110 mil turistas hospedados en hoteles con ocupaci\u00f3n cercana al 40 por ciento, asegur\u00f3 <strong>Juan Jos\u00e9 \u00c1lvarez<\/strong> <strong>Brunel<\/strong>, secretario de Turismo de Guanajuato en conferencia de prensa.<\/p>\n<p>Acompa\u00f1ado por <strong>Alejandra Guti\u00e9rrez<\/strong>, presidente municipal de Le\u00f3n; <strong>David Novoa Toscano<\/strong>, presidente del Patronato de la Feria de Le\u00f3n; <strong>Guillermo Romero Pacheco<\/strong>, secretario para la Reactivaci\u00f3n Econ\u00f3mica de Le\u00f3n; <strong>Yazmin Quiroz L\u00f3pez<\/strong>, directora general de Hospitalidad y Turismo 2024 en Le\u00f3n; <strong>Alonso Lim\u00f3n Rode<\/strong>, director general de la Feria de Le\u00f3n y <strong>Manuel Mora<\/strong> <strong>MacBeath<\/strong>, director de Comunicaci\u00f3n Social en Le\u00f3n, se dieron a conocer los pormenores de la edici\u00f3n 147 en la que se celebrar\u00e1n \u201420 de enero\u2014 los 447 a\u00f1os de la fundaci\u00f3n de Le\u00f3n.<\/p>\n<p><strong>Romero Pacheco<\/strong>, indic\u00f3 que el costo del boleto de entrada ser\u00e1 de 12 pesos y 70 por ciento de las actividades son gratuitas.<\/p>\n<p>En esta ocasi\u00f3n, dijo, se presentar\u00e1 el espect\u00e1culo <em>Disney Myst, <\/em>en el domo de la feria y cuenta con m\u00e1s de 30 bailarines y acr\u00f3batas, elenco integrado por grandes artistas del teatro musical.<\/p>\n<p>As\u00ed y con la intenci\u00f3n de reactivar la econom\u00eda en Le\u00f3n, despu\u00e9s de las festividades la feria se convierte en motor econ\u00f3mico del estado, gran generador de experiencias que contribuyen a la identidad de los leoneses en espacio donde enlaza la cultura, diversi\u00f3n, emprendimiento y la diversidad por lo que la charrer\u00eda es otro de los imperdibles.<\/p>\n<p>Para preservar la tradici\u00f3n ganadera y de charrer\u00eda, la feria suma a las atracciones \u2018Mundo Animal\u2019, en el que los visitantes conocer\u00e1n la exposici\u00f3n ganadera y podr\u00e1n convivir con los animales.<\/p>\n<p>Tambi\u00e9n se contar\u00e1 con la presencia del espect\u00e1culo sobre hielo de <em>Illusion On Ice<\/em>, evento que crear\u00e1 emoci\u00f3n y revivir\u00e1 historias en mundo de fantas\u00edas. Aqu\u00ed se logra combinar la magia, m\u00fasica y diversi\u00f3n llevando los recuerdos a la realidad.<\/p>\n<p>En este 2023 se retoma nuevamente el tradicional desfile realizado por el aniversario de la ciudad y se esperan divertidas experiencias por lo que se convierte en uno de los eventos m\u00e1s importantes para este a\u00f1o.<\/p>\n<p>En el Teatro del Pueblo \u2014con acceso limitado\u2014 habr\u00e1 conciertos en los que presentan importantes artistas como Matisse, Moenia, Motel entre otros, mientras que en el Palenque estar\u00e1n artistas como Natalia Jim\u00e9nez, Mar\u00eda Jos\u00e9, Pepe Aguilar, Carlos Rivera y m\u00e1s.<\/p>\n<p>En la feria habr\u00e1 siete mundos que integrar\u00e1n todo el contenido de la feria: mundo animal, m\u00e1gico, de compras, musical, del sabor, aventura y tradici\u00f3n desc\u00fabrelos.<\/p>\n<p>\u2730\u2730\u2730\u2730\u2730 La marca <em>AMR Collection<\/em> cambi\u00f3 oficialmente a <em>Inclusive Collection<\/em>, nombre que fue dado a conocer desde mayo pasado, pero a partir del 14 de diciembre de 2022 es su nueva identidad.<\/p>\n<p><strong>Erica Doyne<\/strong>, vicepresidente senior de Marketing y Comunicaciones de <em>Inclusive Collection <\/em>de<em> Hyatt<\/em>, dijo: \u201ctodas las marcas que antes formaban parte de <em>AMR Collection<\/em> ser\u00e1n <em>Inclusive Collection<\/em>, junto con <em>Hyatt Ziva<\/em> y <em>Hyatt Zilara<\/em>. Con este \u00faltimo logro, unificamos nuestras marcas complementarias bajo una misma cartera y seguimos captando la continua demanda de viajes de placer\u201d.<\/p>\n<p>Asimismo record\u00f3 que en 2021 <em>Hyatt<\/em> adquiri\u00f3 <em>Apple Leisure Group<\/em> (APL) con sus siete marcas de <em>hoteles: Alua, Breathless, Dreams, Secrets, Sunscape, Vivid<\/em> y <em>Zo\u00ebtry,<\/em> desde entonces los incluy\u00f3 en su programa de fidelidad <em>World of Hyatt.<\/em><\/p>\n<p>Con el lanzamiento de las marcas <em>Hyatt Ziva<\/em> y <em>Hyatt Zilara<\/em> en 2013 y la introducci\u00f3n de <em>Inclusive Collection<\/em>, los beneficios para <em>Hyatt<\/em> en los \u00faltimos cuatro a\u00f1os son: duplicar el n\u00famero de habitaciones de lujo. Triplicar el n\u00famero de habitaciones en su cartera global.<\/p>\n<p>Los turistas alojados y con membres\u00eda tendr\u00e1n m\u00e1s opciones de resorts todo incluido para elegir en Am\u00e9rica y Europa. La compa\u00f1\u00eda prev\u00e9 que otros resorts europeos de <em>Inclusive Collection<\/em> se unan a <em>World of Hyatt <\/em>y las pr\u00f3ximas aperturas en Europa ser\u00e1n con la marca <em>Inclusive Collection.<\/em><\/p>\n<p>Entre 2023 y 2024 abrir\u00e1 cinco resorts todo incluido en destinos b\u00falgaros del Mar Negro, <em>Sunny Beach<\/em> y <em>Obzor<\/em>. Operar\u00e1n con las marcas <em>Alua, Breathlees, Dreams<\/em> y <em>Secrets. <\/em>En 2024 se prev\u00e9 la inauguraci\u00f3n del primer <em>Dreams Resorts &amp; Spa<\/em> en la isla portuguesa de Porto Santo, en Madeira.<\/p>\n<p>\u2730\u2730\u2730\u2730\u2730 Para conmemorar el D\u00eda Nacional de los Amantes del Queso \u201420 de enero\u2014 de las 31 propiedades del portafolio <em>All inclusive by Marriott Bonvoy, <\/em>cada destino trae platos y sabores locales a la mesa desde el desayuno a la cena.<\/p>\n<p>De estos el restaurante de Positano, en la costa oeste de Barbados, ofrece emocionante opci\u00f3n gastron\u00f3mica incluida para los hu\u00e9spedes de The House by Elegant Hotels All Inclusive y Tamarind by Elegant Hotels All Inclusive, tambi\u00e9n abierto para visitantes fuera de estos hoteles. Los amantes del queso disfrutar\u00e1n del entorno del restaurante junto al oc\u00e9ano y de la interpretaci\u00f3n \u00fanica de la costa de Amalfi que sirven la comida aut\u00e9ntica italiana en ambiente casual. Pastas con queso hechas a mano con salsas italianas, ensaladas cl\u00e1sicas, y pizzas hechas a mano del exclusivo <em>Pizza Bar<\/em> equipado con su propio horno r\u00fastico de <em>pizza.<\/em> Los invitados saborear\u00e1n base de <em>pizza <\/em>reci\u00e9n hecha, queso de calidad y salsas especiales en horno digno de\u00a0 <em>pizzer\u00eda<\/em> italiana tradicional.<\/p>\n<p>Huichol Cocina, en <em>Delta Hotels by Marriott Riviera Nayarit all inclusive, <\/em>en el restaurante principal de cocina mexicana e internacional los viajeros podr\u00e1s disfrutar de experiencia llena de variedad de quesos desde el aperitivo al postre.<\/p>\n<p><em>Gourmet Marche<\/em> en <em>Royalton Luxury Resorts<\/em> ofrece sensaci\u00f3n especializada llena de variedad de quesos en <em>The Unlimited Cheese Bar<\/em>. Los hu\u00e9spedes pueden acompa\u00f1ar su desayuno con gouda, reques\u00f3n, cheddar o cualquier otro favorito y acompa\u00f1ado con lo que prefieras: huevos, sandwich, frutas y m\u00e1s.<\/p>\n<p>Con propiedades en el Caribe y Am\u00e9rica Latina, los viajeros que visiten Antigua, Granada, Jamaica y otros destinos podr\u00e1s saborear deliciosos quesos.<\/p>\n<p>&nbsp;<\/p>\n<blockquote>\n<p style=\"text-align: right;\">\u201c<strong>El<\/strong> <strong>\u00e1ngel de la fama tiene sus alas hechas de papel&#8230; peri\u00f3dico\u201d.<br \/>\n<\/strong><\/p>\n<\/blockquote>\n<p>&nbsp;<\/p>\n<p><em><span class=\"Apple-converted-space\"><a href=\"mailto:victoriagprado@gmail.com\" target=\"_blank\" rel=\"noopener noreferrer\">victoriagprado@gmail.com<\/a><br \/>\nTwitter: <a href=\"https:\/\/twitter.com\/victoriagprado\" target=\"_blank\" rel=\"noopener noreferrer\">@victoriagprado<\/a><\/span><\/em><\/p>\n","protected":false},"excerpt":{"rendered":"<p>La Feria de Le\u00f3n \u2018Un mundo por descubrir\u2019 \u2014desde hoy viernes 13 de enero al 7 de febrero\u2014 recibir\u00e1 m\u00e1s de 5 millones de visitantes que dejar\u00e1n derrama de 2 mil 600 millones de pesos, m\u00e1s de 110 mil turistas hospedados en hoteles con ocupaci\u00f3n cercana al 40 por ciento, asegur\u00f3 <strong>Juan Jos\u00e9 \u00c1lvarez<\/strong> <strong>Brunel<\/strong>, secretario de Turismo de Guanajuato en conferencia de prensa.<\/p>\n","protected":false},"author":3,"featured_media":571253,"comment_status":"open","ping_status":"open","sticky":false,"template":"","format":"standard","meta":{"_monsterinsights_skip_tracking":false,"_monsterinsights_sitenote_active":false,"_monsterinsights_sitenote_note":"","_monsterinsights_sitenote_category":0,"footnotes":""},"categories":[11],"tags":[107,43674,43681,106],"class_list":["post-571252","post","type-post","status-publish","format-standard","has-post-thumbnail","hentry","category-turismo","tag-de-cinco-estrellas","tag-opinion","tag-turismo","tag-victoria-gonzalez-prado"],"_links":{"self":[{"href":"https:\/\/www.diarioimagen.net\/index.php?rest_route=\/wp\/v2\/posts\/571252","targetHints":{"allow":["GET"]}}],"collection":[{"href":"https:\/\/www.diarioimagen.net\/index.php?rest_route=\/wp\/v2\/posts"}],"about":[{"href":"https:\/\/www.diarioimagen.net\/index.php?rest_route=\/wp\/v2\/types\/post"}],"author":[{"embeddable":true,"href":"https:\/\/www.diarioimagen.net\/index.php?rest_route=\/wp\/v2\/users\/3"}],"replies":[{"embeddable":true,"href":"https:\/\/www.diarioimagen.net\/index.php?rest_route=%2Fwp%2Fv2%2Fcomments&post=571252"}],"version-history":[{"count":0,"href":"https:\/\/www.diarioimagen.net\/index.php?rest_route=\/wp\/v2\/posts\/571252\/revisions"}],"wp:featuredmedia":[{"embeddable":true,"href":"https:\/\/www.diarioimagen.net\/index.php?rest_route=\/wp\/v2\/media\/571253"}],"wp:attachment":[{"href":"https:\/\/www.diarioimagen.net\/index.php?rest_route=%2Fwp%2Fv2%2Fmedia&parent=571252"}],"wp:term":[{"taxonomy":"category","embeddable":true,"href":"https:\/\/www.diarioimagen.net\/index.php?rest_route=%2Fwp%2Fv2%2Fcategories&post=571252"},{"taxonomy":"post_tag","embeddable":true,"href":"https:\/\/www.diarioimagen.net\/index.php?rest_route=%2Fwp%2Fv2%2Ftags&post=571252"}],"curies":[{"name":"wp","href":"https:\/\/api.w.org\/{rel}","templated":true}]}}