{"id":571332,"date":"2023-01-16T00:02:12","date_gmt":"2023-01-16T06:02:12","guid":{"rendered":"https:\/\/www.diarioimagen.net\/?p=571332"},"modified":"2023-01-17T02:16:11","modified_gmt":"2023-01-17T08:16:11","slug":"la-creciente-inflacion-pone-en-jaque-aumentos-salariales","status":"publish","type":"post","link":"https:\/\/www.diarioimagen.net\/?p=571332","title":{"rendered":"La creciente inflaci\u00f3n pone en jaque aumentos salariales"},"content":{"rendered":"<p>&nbsp;<\/p>\n<div id=\"attachment_571408\" style=\"width: 470px\" class=\"wp-caption aligncenter\"><a href=\"https:\/\/www.diarioimagen.net\/?attachment_id=571408\" rel=\"attachment wp-att-571408\"><img loading=\"lazy\" decoding=\"async\" aria-describedby=\"caption-attachment-571408\" class=\"size-full wp-image-571408\" src=\"https:\/\/www.diarioimagen.net\/wp-content\/uploads\/2023\/01\/SALARIOS.jpg\" alt=\"\" width=\"460\" height=\"270\" \/><\/a><p id=\"caption-attachment-571408\" class=\"wp-caption-text\">La crisis inflacionaria y la desaceleraci\u00f3n de la econom\u00eda han empujado a la baja el crecimiento del salario real en muchos pa\u00edses, de acuerdo a la OIT.<\/p><\/div>\n<p>&nbsp;<\/p>\n<p>Los aumentos salariales a nivel federal en los \u00faltimos meses del a\u00f1o pasado tuvieron un decremento de -1.84% en t\u00e9rminos reales en 2022, el peor comportamiento en casi tres d\u00e9cadas, seg\u00fan datos de la Secretar\u00eda del Trabajo y Previsi\u00f3n Social (STPS).<\/p>\n<p>En diciembre se logr\u00f3 un avance de 0.52% en las revisiones salariales en la jurisdicci\u00f3n federal en t\u00e9rminos reales, sin embargo, este comportamiento no logr\u00f3 compensar el saldo negativo acumulado en el a\u00f1o, el segundo al hilo con decrecimiento. En un contexto de inflaci\u00f3n general elevada, la cual lleg\u00f3 a un nivel de 7.82% en 2022, el dato m\u00e1s alto en m\u00e1s de 20 a\u00f1os, las revisiones salariales quedaron en terreno negativo en el balance anual. Los peores meses fueron octubre, septiembre y abril. De esta manera, aunque en t\u00e9rminos nominales se observ\u00f3 un incremento salarial promedio de 6.0% en los contratos, en t\u00e9rminos reales el dato fue de -1.84 por ciento. Este reporte es el m\u00e1s bajo desde 1996.<\/p>\n<p>De acuerdo a la Organizaci\u00f3n Internacional del Trabajo (OIT), la crisis inflacionaria y la desaceleraci\u00f3n de la econom\u00eda han empujado a la baja el crecimiento del salario real en muchos pa\u00edses y regiones, lo que se ha traducido en la merma del poder adquisitivo, lo que ha afectado principalmente a la clase media y a los grupos de ingresos bajos.<\/p>\n<p>\u201cA menos que los salarios y otros tipos de ingresos laborales se ajusten a la inflaci\u00f3n, es probable que disminuya el nivel de vida de muchos trabajadores y de sus familias\u201d, expres\u00f3 el organismo en el Informe mundial sobre salarios 2022-2023.<\/p>\n<p>En t\u00e9rminos preliminares, la OIT estima que los salarios mensuales en el mundo disminuyeron -0.9% en t\u00e9rminos reales en 2002, el primer retroceso en esta medici\u00f3n desde 2008. Por su parte, dentro del G20, grupo de pa\u00edses al que pertenece M\u00e9xico y que representa el 60% de los trabajadores asalariados a nivel global, se estima que la ca\u00edda fue de -2.2 por ciento.<\/p>\n<p>\u201cLuchar contra el deterioro de los salarios reales puede contribuir a mantener el crecimiento econ\u00f3mico, lo cual, a su vez, puede ayudar a recuperar los niveles de empleo registrados antes de la pandemia. \u00c9sta puede ser una manera eficaz de disminuir la probabilidad o la intensidad de las recesiones en todos los pa\u00edses y regiones\u201d, expres\u00f3 Rosal\u00eda V\u00e1zquez-\u00c1lvarez, analista de la OIT y una de las autoras del informe.<\/p>\n<p>La escalada de precios al consumidor se mantendr\u00e1 como un foco de presi\u00f3n para las empresas y los salarios este a\u00f1o, estim\u00f3 H\u00e9ctor M\u00e1rquez Pitol, presidente de la Asociaci\u00f3n Mexicana de Empresas de Capital Humano (Amech). \u201cLa inflaci\u00f3n no se va a acabar, est\u00e1 previsto que se logre controlar, pero esperaremos un buen rato y, mientras tanto, seguiremos hablando del impacto en los sueldos\u201d.<\/p>\n","protected":false},"excerpt":{"rendered":"<p>Los aumentos salariales a nivel federal en los \u00faltimos meses del a\u00f1o pasado tuvieron un decremento de -1.84% en t\u00e9rminos reales en 2022, el peor comportamiento en casi tres d\u00e9cadas, seg\u00fan datos de la Secretar\u00eda del Trabajo y Previsi\u00f3n Social (STPS).<\/p>\n","protected":false},"author":3,"featured_media":571408,"comment_status":"open","ping_status":"open","sticky":false,"template":"","format":"standard","meta":{"_monsterinsights_skip_tracking":false,"_monsterinsights_sitenote_active":false,"_monsterinsights_sitenote_note":"","_monsterinsights_sitenote_category":0,"footnotes":""},"categories":[8],"tags":[97174,43678,932,6675],"class_list":["post-571332","post","type-post","status-publish","format-standard","has-post-thumbnail","hentry","category-finanzas","tag-aumento-salarial","tag-finanzas","tag-inflacion","tag-stps"],"_links":{"self":[{"href":"https:\/\/www.diarioimagen.net\/index.php?rest_route=\/wp\/v2\/posts\/571332","targetHints":{"allow":["GET"]}}],"collection":[{"href":"https:\/\/www.diarioimagen.net\/index.php?rest_route=\/wp\/v2\/posts"}],"about":[{"href":"https:\/\/www.diarioimagen.net\/index.php?rest_route=\/wp\/v2\/types\/post"}],"author":[{"embeddable":true,"href":"https:\/\/www.diarioimagen.net\/index.php?rest_route=\/wp\/v2\/users\/3"}],"replies":[{"embeddable":true,"href":"https:\/\/www.diarioimagen.net\/index.php?rest_route=%2Fwp%2Fv2%2Fcomments&post=571332"}],"version-history":[{"count":0,"href":"https:\/\/www.diarioimagen.net\/index.php?rest_route=\/wp\/v2\/posts\/571332\/revisions"}],"wp:featuredmedia":[{"embeddable":true,"href":"https:\/\/www.diarioimagen.net\/index.php?rest_route=\/wp\/v2\/media\/571408"}],"wp:attachment":[{"href":"https:\/\/www.diarioimagen.net\/index.php?rest_route=%2Fwp%2Fv2%2Fmedia&parent=571332"}],"wp:term":[{"taxonomy":"category","embeddable":true,"href":"https:\/\/www.diarioimagen.net\/index.php?rest_route=%2Fwp%2Fv2%2Fcategories&post=571332"},{"taxonomy":"post_tag","embeddable":true,"href":"https:\/\/www.diarioimagen.net\/index.php?rest_route=%2Fwp%2Fv2%2Ftags&post=571332"}],"curies":[{"name":"wp","href":"https:\/\/api.w.org\/{rel}","templated":true}]}}