{"id":571334,"date":"2023-01-16T00:01:21","date_gmt":"2023-01-16T06:01:21","guid":{"rendered":"https:\/\/www.diarioimagen.net\/?p=571334"},"modified":"2023-01-17T02:16:19","modified_gmt":"2023-01-17T08:16:19","slug":"viene-alud-de-amparos-contra-restricciones-en-venta-de-tabaco","status":"publish","type":"post","link":"https:\/\/www.diarioimagen.net\/?p=571334","title":{"rendered":"Viene alud de amparos contra restricciones en venta de tabaco"},"content":{"rendered":"<p>&nbsp;<\/p>\n<h3 style=\"text-align: center;\">Prev\u00e9n mercado negro y m\u00e1s \u201cpirater\u00eda\u201d<\/h3>\n<p>&nbsp;<\/p>\n<ul>\n<li><strong><em>En vigor, prohibici\u00f3n de exhibici\u00f3n de cajetillas de cigarros y su consumo en establecimientos<\/em><\/strong><\/li>\n<\/ul>\n<p>&nbsp;<\/p>\n<div id=\"attachment_571406\" style=\"width: 470px\" class=\"wp-caption aligncenter\"><a href=\"https:\/\/www.diarioimagen.net\/?attachment_id=571406\" rel=\"attachment wp-att-571406\"><img loading=\"lazy\" decoding=\"async\" aria-describedby=\"caption-attachment-571406\" class=\"size-full wp-image-571406\" src=\"https:\/\/www.diarioimagen.net\/wp-content\/uploads\/2023\/01\/PROHIBICIONES-CIGARROS.jpg\" alt=\"\" width=\"460\" height=\"270\" \/><\/a><p id=\"caption-attachment-571406\" class=\"wp-caption-text\">Entr\u00f3 en vigor el reglamento de la nueva Ley General para el Control del Tabaco, que proh\u00edbe la exhibici\u00f3n de cajetillas de cigarrillos y el consumo de yabaco en establecimientos.<\/p><\/div>\n<p>&nbsp;<\/p>\n<p>Ante la puesta en marcha del reglamento de la nueva Ley General para el Control del Tabaco \u2014que entr\u00f3 en vigor el 15 de enero, pero comenz\u00f3 a aplicarse desde este lunes en todo el pa\u00eds\u2014 industrias de tabaco, restaurantera, as\u00ed como los sectores de comercio y de servicios prev\u00e9n una \u201clluvia de amparos\u201d por las prohibiciones de exhibici\u00f3n de cajetillas de cigarrillos y el consumo en establecimientos.<\/p>\n<p>Representantes de Canirac, de Concanaco-Servytur, Canacintra, Antad y Conainta advirtieron que los agremiados en sus sectores se amparar\u00e1n contra el reglamento surgido a partir de la nueva ley.<\/p>\n<p>El Conainta, agrupaci\u00f3n que aglutina a British American Tobacco, Philip Morris International y Japan Tobacco International, se\u00f1al\u00f3 que existe preocupaci\u00f3n por las nuevas medidas, que no permiten la exhibici\u00f3n de las cajetillas de cigarros en establecimientos comerciales porque son consideradas como publicidad por el reglamento, pues causar\u00e1 mayor ilegalidad en la venta de cigarrillos de contrabando y pirata. Anot\u00f3 que el mercado negro abarca un 20 por ciento de la venta y el consumo en el pa\u00eds.<\/p>\n<p>De acuerdo con datos de la Secretar\u00eda de Hacienda s\u00f3lo la recaudaci\u00f3n del Impuesto Especial sobre Producci\u00f3n y Servicios (IEPS) aplicado a tabaco se ha reducido en los \u00faltimos a\u00f1os, pues mientras en 2020 se obtuvieron 48 mil 393 millones de pesos, para el siguiente a\u00f1o se redujo a 45 mil 5773 millones y hasta noviembre del 2022 se recaudaron 43 mil 568 mil millones.<\/p>\n<p>Germ\u00e1n Gonz\u00e1lez Bernal, de la Canirac, se\u00f1al\u00f3 que el sector restaurantero recurrir\u00e1 al amparo, pues se esperan afectaciones por la prohibici\u00f3n del consumo de cigarros en establecimientos, ya que obligan a que los fumadores lo hagan a 10 metros de distancia del local. Expuso que esta medida afecta las inversiones que se hicieron para las \u00e1reas de fumadores en terrazas y se estima que hay alrededor de 180 mil establecimientos que ofrecen ese servicio. Agreg\u00f3 que los amparos ser\u00e1n en forma individual y tienen hasta el 24 de febrero de este a\u00f1o para interponerlos.<\/p>\n<p>Mientras que en la Antad rechazan los cambios, pues tambi\u00e9n se ver\u00e1n afectados por las nuevas disposiciones y proceder\u00e1n a ampararse, pues no es una pol\u00edtica efectiva para reducir el consumo de tabaco. Por su parte, la Coparmex estim\u00f3 que la venta de cigarrillos representa para los peque\u00f1os negocios el 25 por ciento de sus ganancias mensuales, monto que se ver\u00e1 impactado por que no pueden exhibir desde el lunes estos productos.<\/p>\n<p>H\u00e9ctor Tejada Shaar, dirigente de la Concanaco-Servytur, dijo que se pueden esperar al menos 220 mil y 500 mil empresas del sector terciario que se amparen, pues el turismo tambi\u00e9n tendr\u00e1 un impacto en estas disposiciones.<\/p>\n<p>Jos\u00e9 Abugaber, de la Concamin, dijo la reglamentaci\u00f3n publicada el 16 de diciembre atenta contra lineamientos y disposiciones internacionales en materia de protecci\u00f3n de inversiones y obstaculiza a la industria para realizar acciones de responsabilidad social, adem\u00e1s de arriesgar la llegada de m\u00e1s inversiones y el crecimiento econ\u00f3mico.<\/p>\n<p>\u201cNos preocupan las repercusiones que este reglamento tendr\u00e1 en la industria tabacalera, porque pone en riesgo miles de empleos, cuando en este momento lo que necesitamos es precisamente generar m\u00e1s y m\u00e1s empleos para enfrentar un a\u00f1o que se vislumbra complicado en materia econ\u00f3mica\u201d, apunt\u00f3.<\/p>\n","protected":false},"excerpt":{"rendered":"<p>Ante la puesta en marcha del reglamento de la nueva Ley General para el Control del Tabaco \u2014que entr\u00f3 en vigor el 15 de enero, pero comenz\u00f3 a aplicarse desde este lunes en todo el pa\u00eds\u2014 industrias de tabaco, restaurantera, as\u00ed como los sectores de comercio y de servicios prev\u00e9n una \u201clluvia de amparos\u201d por las prohibiciones de exhibici\u00f3n de cajetillas de cigarrillos y el consumo en establecimientos.<\/p>\n","protected":false},"author":3,"featured_media":571406,"comment_status":"open","ping_status":"open","sticky":false,"template":"","format":"standard","meta":{"_monsterinsights_skip_tracking":false,"_monsterinsights_sitenote_active":false,"_monsterinsights_sitenote_note":"","_monsterinsights_sitenote_category":0,"footnotes":""},"categories":[8],"tags":[5331,43673,43692,1940,13047],"class_list":["post-571334","post","type-post","status-publish","format-standard","has-post-thumbnail","hentry","category-finanzas","tag-amparo","tag-nacional","tag-salud","tag-tabaco","tag-venta"],"_links":{"self":[{"href":"https:\/\/www.diarioimagen.net\/index.php?rest_route=\/wp\/v2\/posts\/571334","targetHints":{"allow":["GET"]}}],"collection":[{"href":"https:\/\/www.diarioimagen.net\/index.php?rest_route=\/wp\/v2\/posts"}],"about":[{"href":"https:\/\/www.diarioimagen.net\/index.php?rest_route=\/wp\/v2\/types\/post"}],"author":[{"embeddable":true,"href":"https:\/\/www.diarioimagen.net\/index.php?rest_route=\/wp\/v2\/users\/3"}],"replies":[{"embeddable":true,"href":"https:\/\/www.diarioimagen.net\/index.php?rest_route=%2Fwp%2Fv2%2Fcomments&post=571334"}],"version-history":[{"count":0,"href":"https:\/\/www.diarioimagen.net\/index.php?rest_route=\/wp\/v2\/posts\/571334\/revisions"}],"wp:featuredmedia":[{"embeddable":true,"href":"https:\/\/www.diarioimagen.net\/index.php?rest_route=\/wp\/v2\/media\/571406"}],"wp:attachment":[{"href":"https:\/\/www.diarioimagen.net\/index.php?rest_route=%2Fwp%2Fv2%2Fmedia&parent=571334"}],"wp:term":[{"taxonomy":"category","embeddable":true,"href":"https:\/\/www.diarioimagen.net\/index.php?rest_route=%2Fwp%2Fv2%2Fcategories&post=571334"},{"taxonomy":"post_tag","embeddable":true,"href":"https:\/\/www.diarioimagen.net\/index.php?rest_route=%2Fwp%2Fv2%2Ftags&post=571334"}],"curies":[{"name":"wp","href":"https:\/\/api.w.org\/{rel}","templated":true}]}}