{"id":571337,"date":"2023-01-16T00:04:28","date_gmt":"2023-01-16T06:04:28","guid":{"rendered":"https:\/\/www.diarioimagen.net\/?p=571337"},"modified":"2023-01-16T02:40:24","modified_gmt":"2023-01-16T08:40:24","slug":"es-importante-sumar-liderazgos-a-campanas-politicas-copacis","status":"publish","type":"post","link":"https:\/\/www.diarioimagen.net\/?p=571337","title":{"rendered":"Es importante sumar liderazgos a campa\u00f1as pol\u00edticas: Copacis"},"content":{"rendered":"<p>&nbsp;<\/p>\n<p><a href=\"https:\/\/www.diarioimagen.net\/?attachment_id=571413\" rel=\"attachment wp-att-571413\"><img loading=\"lazy\" decoding=\"async\" class=\"aligncenter size-full wp-image-571413\" src=\"https:\/\/www.diarioimagen.net\/wp-content\/uploads\/2023\/01\/importante-sumar.jpg\" alt=\"\" width=\"460\" height=\"270\" \/><\/a><\/p>\n<p>&nbsp;<\/p>\n<p><strong>Valle de M\u00e9xico.\u2014 <\/strong>Al arranque de los procesos electorales del Estado de M\u00e9xico, qui\u00e9n quiera obtener la gubernatura de esa entidad, de entre Morena y la alianza Va por el Edomex, sus operadores pol\u00edticos, necesariamente, deben \u201cechar mano\u201d de grandes liderazgos para garantizar el voto ciudadano.<\/p>\n<p>As\u00ed lo afirmaron por separado delegados y Consejos de Participaci\u00f3n Ciudadana (Copacis) al destacar que \u201cun cuadro importante y con amplia experiencia, es sin duda el ex diputado federal y ex presidente bicamaral de Seguridad Nacional, Ulises Murgu\u00eda Soto\u201d.<\/p>\n<p>Los l\u00edderes sociales, aseguraron que el tambi\u00e9n empresario Ulises Murgu\u00eda, \u201cpuede garantizar miles y miles de votos, tanto a Morena o a la alianza confirmada por el PRI, PAN y PRD, es por ello que los partidos y candidatos en la contienda, deben sumar a gente con trayectoria y experiencia pol\u00edtica \u201c.<\/p>\n","protected":false},"excerpt":{"rendered":"<p>Al arranque de los procesos electorales del Estado de M\u00e9xico, qui\u00e9n quiera obtener la gubernatura de esa entidad, de entre Morena y la alianza Va por el Edomex, sus operadores pol\u00edticos, necesariamente, deben \u201cechar mano\u201d de grandes liderazgos para garantizar el voto ciudadano.<\/p>\n","protected":false},"author":3,"featured_media":571413,"comment_status":"open","ping_status":"open","sticky":false,"template":"","format":"standard","meta":{"_monsterinsights_skip_tracking":false,"_monsterinsights_sitenote_active":false,"_monsterinsights_sitenote_note":"","_monsterinsights_sitenote_category":0,"footnotes":""},"categories":[5],"tags":[84615,20663,34],"class_list":["post-571337","post","type-post","status-publish","format-standard","has-post-thumbnail","hentry","category-estado-de-mexico","tag-copacis","tag-morena","tag-valle-de-mexico"],"_links":{"self":[{"href":"https:\/\/www.diarioimagen.net\/index.php?rest_route=\/wp\/v2\/posts\/571337","targetHints":{"allow":["GET"]}}],"collection":[{"href":"https:\/\/www.diarioimagen.net\/index.php?rest_route=\/wp\/v2\/posts"}],"about":[{"href":"https:\/\/www.diarioimagen.net\/index.php?rest_route=\/wp\/v2\/types\/post"}],"author":[{"embeddable":true,"href":"https:\/\/www.diarioimagen.net\/index.php?rest_route=\/wp\/v2\/users\/3"}],"replies":[{"embeddable":true,"href":"https:\/\/www.diarioimagen.net\/index.php?rest_route=%2Fwp%2Fv2%2Fcomments&post=571337"}],"version-history":[{"count":0,"href":"https:\/\/www.diarioimagen.net\/index.php?rest_route=\/wp\/v2\/posts\/571337\/revisions"}],"wp:featuredmedia":[{"embeddable":true,"href":"https:\/\/www.diarioimagen.net\/index.php?rest_route=\/wp\/v2\/media\/571413"}],"wp:attachment":[{"href":"https:\/\/www.diarioimagen.net\/index.php?rest_route=%2Fwp%2Fv2%2Fmedia&parent=571337"}],"wp:term":[{"taxonomy":"category","embeddable":true,"href":"https:\/\/www.diarioimagen.net\/index.php?rest_route=%2Fwp%2Fv2%2Fcategories&post=571337"},{"taxonomy":"post_tag","embeddable":true,"href":"https:\/\/www.diarioimagen.net\/index.php?rest_route=%2Fwp%2Fv2%2Ftags&post=571337"}],"curies":[{"name":"wp","href":"https:\/\/api.w.org\/{rel}","templated":true}]}}