{"id":571343,"date":"2023-01-16T00:02:41","date_gmt":"2023-01-16T06:02:41","guid":{"rendered":"https:\/\/www.diarioimagen.net\/?p=571343"},"modified":"2023-01-16T02:41:49","modified_gmt":"2023-01-16T08:41:49","slug":"apoyan-simpatizante-del-pvem-ir-en-alianza-con-morena-en-edomex","status":"publish","type":"post","link":"https:\/\/www.diarioimagen.net\/?p=571343","title":{"rendered":"Apoyan simpatizante del PVEM ir en alianza con Morena, en Edomex"},"content":{"rendered":"<p>&nbsp;<\/p>\n<ul>\n<li><em><strong>En el proceso para elegir gobernador<\/strong><\/em><\/li>\n<\/ul>\n<p><strong>\u00a0<\/strong><\/p>\n<h6>Arturo Baena<\/h6>\n<p>&nbsp;<\/p>\n<div id=\"attachment_571417\" style=\"width: 470px\" class=\"wp-caption aligncenter\"><a href=\"https:\/\/www.diarioimagen.net\/?attachment_id=571417\" rel=\"attachment wp-att-571417\"><img loading=\"lazy\" decoding=\"async\" aria-describedby=\"caption-attachment-571417\" class=\"size-full wp-image-571417\" src=\"https:\/\/www.diarioimagen.net\/wp-content\/uploads\/2023\/01\/apoyan-simpatizante.jpg\" alt=\"\" width=\"460\" height=\"270\" \/><\/a><p id=\"caption-attachment-571417\" class=\"wp-caption-text\">El dirigente del PVEM en el Estado de M\u00e9xico, Jos\u00e9 Couttolenc, anunci\u00f3 que ir\u00e1 en alianza con Morena para contender el 4 de junio por la gubernatura mexiquense.<\/p><\/div>\n<p>&nbsp;<\/p>\n<p><strong>Toluca, Estado de M\u00e9xico.\u2014<\/strong> Militantes y simpatizantes del partido del tuc\u00e1n aplaudieron que ese instituto pol\u00edtico vaya en alianza con Movimiento de Regeneraci\u00f3n Nacional para los procesos que se llevar\u00e1n a cabo en este a\u00f1o.<\/p>\n<p>Y es que, el dirigente del PVEM en el Estado de M\u00e9xico, Jos\u00e9 Couttolenc anunci\u00f3 que ir\u00e1 en alianza con Morena para contender el 4 de junio por la gubernatura mexiquense.<\/p>\n<p>En uno de los salones del IEEM, el dirigente estatal del PVEM agradeci\u00f3 al casi medio mill\u00f3n de militantes e indic\u00f3 que aunque le hubiera encantado ser el candidato, en su partido las opiniones de todos cuentan. \u201cEntend\u00ed que no es mi momento. Otros partidos est\u00e1n muy c\u00f3modos y buscar\u00e1n descalificar esta decisi\u00f3n, pero primero est\u00e1 la gobernabilidad frente a cualquier tipo de inter\u00e9s\u201d, afirm\u00f3 Jos\u00e9 Couttolenc.<\/p>\n<p>En el Instituto Electoral del Estado de M\u00e9xico (IEEM), y frente a la militancia, reconoci\u00f3 que en su pasada alianza con el PRI nunca fueron tomados en cuenta, adem\u00e1s que luego de una consulta a los delegados, 74% de la militancia decidi\u00f3 que fueran en candidatura com\u00fan con Morena, el resto opin\u00f3 que compitan solos.<\/p>\n<p>Indic\u00f3 que el PVEM aporta su fuerza y unidad electoral para mejorar la calidad de vida, sobre todo porque 8 de cada 10 mexiquenses quieren que el PRI quede fuera. Asimismo, que busca acabar con 90 a\u00f1os de cacicazgos del PRI.<\/p>\n<p>Asegur\u00f3 que la maestra Delfina G\u00f3mez, \u00fanica precandidata de Morena, cumple con las caracter\u00edsticas pues es ecologista, y confi\u00f3 en que ganaran las pr\u00f3ximas elecciones con ella.<\/p>\n","protected":false},"excerpt":{"rendered":"<p>Militantes y simpatizantes del partido del tuc\u00e1n aplaudieron que ese instituto pol\u00edtic vaya en alianza con Movimiento de Regeneraci\u00f3n Nacional para los procesos que se llevar\u00e1n a cabo en este a\u00f1o.<\/p>\n","protected":false},"author":3,"featured_media":571417,"comment_status":"open","ping_status":"open","sticky":false,"template":"","format":"standard","meta":{"_monsterinsights_skip_tracking":false,"_monsterinsights_sitenote_active":false,"_monsterinsights_sitenote_note":"","_monsterinsights_sitenote_category":0,"footnotes":""},"categories":[5],"tags":[9453,43675,20663,1416,452],"class_list":["post-571343","post","type-post","status-publish","format-standard","has-post-thumbnail","hentry","category-estado-de-mexico","tag-alianza","tag-estado-de-mexico","tag-morena","tag-pvem","tag-toluca"],"_links":{"self":[{"href":"https:\/\/www.diarioimagen.net\/index.php?rest_route=\/wp\/v2\/posts\/571343","targetHints":{"allow":["GET"]}}],"collection":[{"href":"https:\/\/www.diarioimagen.net\/index.php?rest_route=\/wp\/v2\/posts"}],"about":[{"href":"https:\/\/www.diarioimagen.net\/index.php?rest_route=\/wp\/v2\/types\/post"}],"author":[{"embeddable":true,"href":"https:\/\/www.diarioimagen.net\/index.php?rest_route=\/wp\/v2\/users\/3"}],"replies":[{"embeddable":true,"href":"https:\/\/www.diarioimagen.net\/index.php?rest_route=%2Fwp%2Fv2%2Fcomments&post=571343"}],"version-history":[{"count":0,"href":"https:\/\/www.diarioimagen.net\/index.php?rest_route=\/wp\/v2\/posts\/571343\/revisions"}],"wp:featuredmedia":[{"embeddable":true,"href":"https:\/\/www.diarioimagen.net\/index.php?rest_route=\/wp\/v2\/media\/571417"}],"wp:attachment":[{"href":"https:\/\/www.diarioimagen.net\/index.php?rest_route=%2Fwp%2Fv2%2Fmedia&parent=571343"}],"wp:term":[{"taxonomy":"category","embeddable":true,"href":"https:\/\/www.diarioimagen.net\/index.php?rest_route=%2Fwp%2Fv2%2Fcategories&post=571343"},{"taxonomy":"post_tag","embeddable":true,"href":"https:\/\/www.diarioimagen.net\/index.php?rest_route=%2Fwp%2Fv2%2Ftags&post=571343"}],"curies":[{"name":"wp","href":"https:\/\/api.w.org\/{rel}","templated":true}]}}