{"id":571367,"date":"2023-01-16T00:04:09","date_gmt":"2023-01-16T06:04:09","guid":{"rendered":"https:\/\/www.diarioimagen.net\/?p=571367"},"modified":"2023-01-16T01:03:42","modified_gmt":"2023-01-16T07:03:42","slug":"episodios-fuera-de-lo-normal","status":"publish","type":"post","link":"https:\/\/www.diarioimagen.net\/?p=571367","title":{"rendered":"Episodios fuera de lo normal"},"content":{"rendered":"<h2>Desde el portal<\/h2>\n<h5>\u00c1ngel Soriano<\/h5>\n<p>&nbsp;<\/p>\n<p>Una lata de cerveza arrojada a la v\u00eda del Metro es considerado como un episodio fuera de lo normal que justifica la presencia de la Guardia Nacional en el servicio de transporte m\u00e1s importante del pa\u00eds, sin descartar el m\u00e1s grave y lamentable ocurrido en la L\u00ednea 3, entre Potrero y L Raza, que provoc\u00f3 la muerte de una joven y medio centenar de heridos, algunos hospitalizados.<\/p>\n<p>Este, evidentemente, no es el \u00fanico, sino que han ocurrido otros m\u00e1s o menos graves, que determinaron la movilizaci\u00f3n de efectivos de la Guardia Nacional el cual se ha manipulado con fines electorales para desprestigiar o beneficiar a los adversarios en una situaci\u00f3n de lucro pol\u00edtico.por encima de la seguridad de millones de usuarios.<\/p>\n<p>Y m\u00e1s all\u00e1 de la presencia de la Guardia Nacional, lo importante es que las autoridades cumplan con su responsabilidad: si son o no episodios fuera de lo normal, lo que debe garantizarse es el buen funcionamiento del STC para prevenir este tipo de episodios y que si bien puede haber algunos fortuitos o desafortunados por la responsabilidad de alguno de los millones de usuarios, deben preverse.<\/p>\n<p>Lo que es injustificable es que un lamentable acontecimiento que da\u00f1a a las personas y las hace vivir en tensi\u00f3n y zozobra en el uso diario del Metro, se capitalice con fines pol\u00edticos para buscar presuntos culpables en adversarios o hacerse la v\u00edctima, cuando lo que ocurre en realidad es que el Metro carece de mantenimiento y su manejo es m\u00e1s burocr\u00e1tico que eficiente. Se debe voltear la actitud: Ser m\u00e1s responsable y menos protag\u00f3nico.<\/p>\n<p style=\"text-align: center;\"><strong>TURBULENCIAS<br \/>\nLa GN en los estados violentos<\/strong><\/p>\n<p>El senador Ricardo Monreal \u00c1vila consider\u00f3 que la Guardia Nacional hace m\u00e1s falta en las regiones del pa\u00eds con m\u00e1s hechos violentos que en la Ciudad de M\u00e9xico, donde la ineficacia est\u00e1 m\u00e1s que documentada, pero es parte tambi\u00e9n de la pol\u00e9mica en la prestaci\u00f3n de servicios de la capital del pa\u00eds: El lucro pol\u00edtico con el drama de sus habitantes\u2026 Luego de dos a\u00f1os de contracci\u00f3n por la pandemia, el sector inmobiliario en M\u00e9xico espera tener en 2023 un ligero repunte de m\u00e1s del uno por ciento, alentado por el sector vivienda en las grandes ciudades, asegur\u00f3 el nuevo presidente del Consejo Nacional de directores de la Asociaci\u00f3n Mexicana de Profesionales Inmobiliarios (AMPI), ingeniero Ignacio Lacunza Maga\u00f1a\u2026 Y el presidente Andr\u00e9s Manuel L\u00f3pez Obrador estuvo este fin de semana en Oaxaca donde supervis\u00f3 las mega obras en marcha: El corredor trans\u00edstmico y las s\u00faper carreteras a la costa y al Istmo de Tehuantepec, mismas que han sido aplazadas durante d\u00e9cadas, tanto por la insensibilidad de los gobernantes para dar respuesta a las demandas de los lugare\u00f1os, como por falta de presupuesto y decisi\u00f3n para terminarlas. Tal parece que ahora s\u00ed hay la decisi\u00f3n federal para llevarlas a su realizaci\u00f3n final en beneficio de la regi\u00f3n, de la naci\u00f3n y a nivel mundial, pues la regi\u00f3n del Istmo ser\u00e1 paso de mercanc\u00edas que, de acuerdo a los lugare\u00f1os, vendr\u00eda a alterar los usos y costumbres de la regi\u00f3n\u2026 El canciller Marcelo Ebrard sac\u00f3 adelante la Cumbre de L\u00edderes de Am\u00e9rica del Norte de la que resultaron beneficiados los tres pa\u00edses en asuntos tan complejos como la migraci\u00f3n y el tema de los energ\u00e9ticos al ponerse de acuerdo en buenos t\u00e9rminos en beneficio de las corporaciones trasnacionales y de los consumidores de servicios, en momentos dif\u00edciles a nivel mundial por la falta de abasto de combustible y el suministro de materias primas. Ebrard tiene sobrada experiencia al respecto y conoce los temas en buen nivel\u2026<\/p>\n<p><u><a href=\"mailto:asorianocarrasco@yahoo.com\" target=\"_blank\" rel=\"noopener noreferrer\"><em>asorianocarrasco@yahoo.com<\/em><\/a><br \/>\n<em><a href=\"https:\/\/revistabrecha.com\" target=\"_blank\" rel=\"noopener noreferrer\">www.revistabrecha.com<\/a><br \/>\n<\/em><\/u><em>facebook oficial <a href=\"https:\/\/es-la.facebook.com\/RevistaBrecha.Oficial\" target=\"_blank\" rel=\"noopener\">@BrechaRevista<\/a><\/em><\/p>\n","protected":false},"excerpt":{"rendered":"<p><span style=\"color: #005497;\"><strong>\u00c1ngel Soriano<\/strong><\/span><\/p>\n","protected":false},"author":3,"featured_media":0,"comment_status":"open","ping_status":"open","sticky":false,"template":"","format":"standard","meta":{"_monsterinsights_skip_tracking":false,"_monsterinsights_sitenote_active":false,"_monsterinsights_sitenote_note":"","_monsterinsights_sitenote_category":0,"footnotes":""},"categories":[135],"tags":[85,86,43674],"class_list":["post-571367","post","type-post","status-publish","format-standard","hentry","category-angel-soriano-opinion","tag-angel-soriano","tag-desde-el-portal","tag-opinion"],"_links":{"self":[{"href":"https:\/\/www.diarioimagen.net\/index.php?rest_route=\/wp\/v2\/posts\/571367","targetHints":{"allow":["GET"]}}],"collection":[{"href":"https:\/\/www.diarioimagen.net\/index.php?rest_route=\/wp\/v2\/posts"}],"about":[{"href":"https:\/\/www.diarioimagen.net\/index.php?rest_route=\/wp\/v2\/types\/post"}],"author":[{"embeddable":true,"href":"https:\/\/www.diarioimagen.net\/index.php?rest_route=\/wp\/v2\/users\/3"}],"replies":[{"embeddable":true,"href":"https:\/\/www.diarioimagen.net\/index.php?rest_route=%2Fwp%2Fv2%2Fcomments&post=571367"}],"version-history":[{"count":0,"href":"https:\/\/www.diarioimagen.net\/index.php?rest_route=\/wp\/v2\/posts\/571367\/revisions"}],"wp:attachment":[{"href":"https:\/\/www.diarioimagen.net\/index.php?rest_route=%2Fwp%2Fv2%2Fmedia&parent=571367"}],"wp:term":[{"taxonomy":"category","embeddable":true,"href":"https:\/\/www.diarioimagen.net\/index.php?rest_route=%2Fwp%2Fv2%2Fcategories&post=571367"},{"taxonomy":"post_tag","embeddable":true,"href":"https:\/\/www.diarioimagen.net\/index.php?rest_route=%2Fwp%2Fv2%2Ftags&post=571367"}],"curies":[{"name":"wp","href":"https:\/\/api.w.org\/{rel}","templated":true}]}}