{"id":571389,"date":"2023-01-16T00:12:16","date_gmt":"2023-01-16T06:12:16","guid":{"rendered":"https:\/\/www.diarioimagen.net\/?p=571389"},"modified":"2023-01-16T01:28:38","modified_gmt":"2023-01-16T07:28:38","slug":"arrancan-4","status":"publish","type":"post","link":"https:\/\/www.diarioimagen.net\/?p=571389","title":{"rendered":"\u00a1Arrancan!"},"content":{"rendered":"<h2>Tras la puerta del poder<\/h2>\n<h5>Roberto Vizca\u00edno<\/h5>\n<p>&nbsp;<\/p>\n<p>Entre jaloneos y reacomodos, finalmente ayer inici\u00f3 formalmente la contienda electoral de 2023.<\/p>\n<p>Si es cierto que origen es destino y que la contienda por las gubernaturas en el Estado de M\u00e9xico y Coahuila son el pre\u00e1mbulo de la batalla por la Presidencia de la Rep\u00fablica y todas las dem\u00e1s posiciones que se jugar\u00e1n en 2024, hoy las perspectivas pintan p\u00e9simo para el presidente <strong>Andr\u00e9s Manuel L\u00f3pez Obrador<\/strong>, Morena y aliados PT y Verde.<\/p>\n<p>En Coahuila el senador, empresario minero y candidato de Morena, <strong>Armando Guadiana Tijerina,<\/strong> abri\u00f3 ayer su campa\u00f1a como el gran perdedor en esta contienda. Y es que ya nadie da por el un quinto luego de que <strong>Ricardo Mej\u00eda Berdeja, <\/strong>su contendiente interno en Morena, renunci\u00f3 como subsecretario de Seguridad y fue lanzado como candidato del PT en el estado.<\/p>\n<p>Y porque adem\u00e1s, el Verde se separ\u00f3 de la alianza con Morena en ese estado y lanz\u00f3 a su vez como candidato al mismo cargo al ex diputado del PAN, <strong>Lenin P\u00e9rez.<\/strong><\/p>\n<p>Es decir, los aliados de AMLO se separaron y pelear\u00e1n en Coahuila contra de s\u00ed mismos.<\/p>\n<p>Por el contrario la alianza Va por M\u00e9xico, integrada por PRI, PAN y PRD registraron como su candidato al ex secretario de Bienestar el pri\u00ecsta <strong>Manolo Jim\u00e9nez Salinas,<\/strong> quien ayer abri\u00f3 con fuertes concentraciones en Torre\u00f3n, Saltillo, Monclova y Sabinas, las cabezas de las principales cuatro regiones en el estado.<\/p>\n<p>En el Estado de M\u00e9xico, si bien Delfina G\u00f3mez encabez\u00f3 un buen acto masivo a un costado de Palacio de Gobierno en Toluca, acompa\u00f1ada por el dirigente de Morena, Mario Delgado y con la asistencia del senador Higinio Mart\u00ednez, de todos es sabido que el l\u00edder del llamado Grupo Texcoco y ex padrino pol\u00edtico de la hoy candidata, simplemente no la apoya y repudia que esta sea quien competir\u00e1 por un cargo que \u00e9l quer\u00eda y cre\u00eda suyo.<\/p>\n<p>Hay que se\u00f1alar que en el Estado de M\u00e9xico el partido dominante es todav\u00eda el PRI y que la alianza Va por M\u00e9xico entendi\u00f3 que su apoyo a la pri\u00edsta <strong>Alejandra Del Moral era la \u00fanica alternativa para mantener la gubernatura fuera de Morena.<\/strong><\/p>\n<p>Ah\u00ed la contienda va a ser dura y a fondo porque el propio presidente L\u00f3pez Obrador sabe que perder ese estado significar\u00eda un descalabro previo muy determinante para luego competir por la Presidencia en 2024.<\/p>\n<p style=\"text-align: center;\"><strong>La arrogancia domina a Morena<\/strong><\/p>\n<p>En este contexto, quien le ha puesto el cascabel a Morena para anunciar la derrota anticipada es el senador y precandidato presidencial abierto <strong>Ricardo Monreal<\/strong>.<\/p>\n<p>El zacatecano ha insistido durante casi dos a\u00f1os que Morena debe dejar de insistir en aplicar encuestas y abrirse a internas para seleccionar a todos sus candidatos, especialmente el que vaya para competir por la Presidencia de la Rep\u00fablica, porque insistir en sondeos ama\u00f1ados y manipulados para imponer candidatos lo \u00fanico que va a provocar es divisi\u00f3n interna y una derrota anticipada de la 4T.<\/p>\n<p>Ayer, <strong>Monreal<\/strong> consider\u00f3 que en su partido opera la arrogancia y que por ello hoy existe divisi\u00f3n en Coahuila.<\/p>\n<p>Record\u00f3 que si bien Morena resolvi\u00f3 adecuadamente la elecci\u00f3n interna en el Estado de M\u00e9xico, de la que sali\u00f3 <strong>Delfina G\u00f3mez <\/strong>como candidata, en Coahuila no logr\u00f3 unidad entre Morena, PT y PVEM al elegir a <strong>Armando Guadiana<\/strong>.<\/p>\n<p>Y eso provoc\u00f3 la dimisi\u00f3n de <strong>Ricardo Mej\u00eda Berdeja<\/strong>.<\/p>\n<p>\u201cLas elecciones en el Estado de M\u00e9xico y Coahuila ser\u00e1n competidas. Y el exceso de confianza, convertido en arrogancia, no es buen principio.<\/p>\n<p>\u201cMorena resolvi\u00f3 bien para la entidad mexiquense, pero en Coahuila son indispensables el PT y el PVEM para triunfar. La unidad es clave\u201d, afirm\u00f3.<\/p>\n<p style=\"text-align: center;\"><strong>Delgado pide piso parejo a gobernadores, que \u00e9l no da<\/strong><\/p>\n<p>En un sorpresivo encuentro de gobernadores de Morena en Gobernaci\u00f3n, Mario Delgado, presidente de Morena y Citlalli Hern\u00e1ndez, secretaria general, pidieron a las gobernadoras de Campeche, Colima, Guerrero y Tlaxcala, y a los mandatarios de Chiapas, Nayarit, Puebla , Sonora, Tabasco y Veracruz garantizar piso parejo para los aspirantes de Morena a la Presidencia de la Rep\u00fablica.<\/p>\n<p>Delgado les entreg\u00f3 una petici\u00f3n escrita en la que les solicita no intervenir ni a favor ni en contra de los aspirantes a la candidatura de 2024.<\/p>\n<p>\u201cFue una convocatoria del m\u00e1s alto nivel, la invitaci\u00f3n fue del Secretario de Gobernaci\u00f3n, llegaron 16 gobernadores y, del resto, sus representantes. La carta que se entreg\u00f3 contiene una instrucci\u00f3n: Reglas y trato incluyente para los cuatro aspirantes, que est\u00e1n mencionados con nombre y apellido\u201d, revel\u00f3 uno de los asistentes.<\/p>\n<p>Agreg\u00f3:<\/p>\n<p>\u201cEl dirigente pidi\u00f3 a los gobernadores que en los pr\u00f3ximos d\u00edas o semanas establezcan comunicaci\u00f3n con los cuatro aspirantes \u2014<strong>Claudia Sheinbaum, Marcelo Ebrard, Ad\u00e1n Augusto L\u00f3pez y Ricardo Monreal<\/strong>\u2014 para ofrecerles igualdad de condiciones, sin exclusiones. La carta trae la indicaci\u00f3n de que se cuide a los cuatro, que se ofrezcan las mismas garant\u00edas y que la encuesta sea la que decida\u201d.<\/p>\n<p><em><a href=\"mailto:rvizcainoa@gmail.com\" target=\"_blank\" rel=\"noopener noreferrer\">vizcainoa@gmail.com<\/a><a href=\"mailto:rvizcainoa@gmail.com\" target=\"_blank\" rel=\"noopener noreferrer\"><br \/>\n<\/a><a href=\"http:\/\/endirecto.mx\" target=\"_blank\" rel=\"noopener noreferrer\">www.endirecto.mx<\/a><a href=\"mailto:rvizcainoa@gmail.com\" target=\"_blank\" rel=\"noopener noreferrer\"><br \/>\n<\/a><a href=\"https:\/\/twitter.com\/_rvizcaino\" target=\"_blank\" rel=\"noopener noreferrer\">@_RVizcaino<\/a><a href=\"mailto:rvizcainoa@gmail.com\" target=\"_blank\" rel=\"noopener noreferrer\"><br \/>\n<\/a><a href=\"https:\/\/www.facebook.com\/rvizcainoa\" target=\"_blank\" rel=\"noopener noreferrer\">facebook.com\/rvizcainoa<\/a><\/em><\/p>\n","protected":false},"excerpt":{"rendered":"<p><span style=\"color: #005497;\"><strong>Roberto Vizca\u00edno<\/strong><\/span><\/p>\n","protected":false},"author":3,"featured_media":0,"comment_status":"open","ping_status":"open","sticky":false,"template":"","format":"standard","meta":{"_monsterinsights_skip_tracking":false,"_monsterinsights_sitenote_active":false,"_monsterinsights_sitenote_note":"","_monsterinsights_sitenote_category":0,"footnotes":""},"categories":[136],"tags":[43674,93,94],"class_list":["post-571389","post","type-post","status-publish","format-standard","hentry","category-roberto-vizcaino-opinion","tag-opinion","tag-roberto-vizcaino","tag-tras-la-puerta-del-poder"],"_links":{"self":[{"href":"https:\/\/www.diarioimagen.net\/index.php?rest_route=\/wp\/v2\/posts\/571389","targetHints":{"allow":["GET"]}}],"collection":[{"href":"https:\/\/www.diarioimagen.net\/index.php?rest_route=\/wp\/v2\/posts"}],"about":[{"href":"https:\/\/www.diarioimagen.net\/index.php?rest_route=\/wp\/v2\/types\/post"}],"author":[{"embeddable":true,"href":"https:\/\/www.diarioimagen.net\/index.php?rest_route=\/wp\/v2\/users\/3"}],"replies":[{"embeddable":true,"href":"https:\/\/www.diarioimagen.net\/index.php?rest_route=%2Fwp%2Fv2%2Fcomments&post=571389"}],"version-history":[{"count":0,"href":"https:\/\/www.diarioimagen.net\/index.php?rest_route=\/wp\/v2\/posts\/571389\/revisions"}],"wp:attachment":[{"href":"https:\/\/www.diarioimagen.net\/index.php?rest_route=%2Fwp%2Fv2%2Fmedia&parent=571389"}],"wp:term":[{"taxonomy":"category","embeddable":true,"href":"https:\/\/www.diarioimagen.net\/index.php?rest_route=%2Fwp%2Fv2%2Fcategories&post=571389"},{"taxonomy":"post_tag","embeddable":true,"href":"https:\/\/www.diarioimagen.net\/index.php?rest_route=%2Fwp%2Fv2%2Ftags&post=571389"}],"curies":[{"name":"wp","href":"https:\/\/api.w.org\/{rel}","templated":true}]}}