{"id":571481,"date":"2023-01-17T00:01:37","date_gmt":"2023-01-17T06:01:37","guid":{"rendered":"https:\/\/www.diarioimagen.net\/?p=571481"},"modified":"2023-01-18T01:45:51","modified_gmt":"2023-01-18T07:45:51","slug":"ratifica-el-congreso-local-a-seis-magistrados-del-pjcdmx","status":"publish","type":"post","link":"https:\/\/www.diarioimagen.net\/?p=571481","title":{"rendered":"Ratifica el Congreso local a seis magistrados del PJCDMX"},"content":{"rendered":"<p>&nbsp;<\/p>\n<ul>\n<li><strong><em>Los impartidores de justicia ratificados fueron Yohana Ayala Villegas, Jos\u00e9 G\u00f3mez Gonz\u00e1lez, Ernesto Herrera Tovar, Miguel \u00c1ngel Mesa Carrillo, Carlos Vargas Mart\u00ednez y Marco Antonio Velasco Arredondo<\/em><\/strong><\/li>\n<\/ul>\n<p>&nbsp;<\/p>\n<div id=\"attachment_571538\" style=\"width: 470px\" class=\"wp-caption aligncenter\"><a href=\"https:\/\/www.diarioimagen.net\/?attachment_id=571538\" rel=\"attachment wp-att-571538\"><img loading=\"lazy\" decoding=\"async\" aria-describedby=\"caption-attachment-571538\" class=\"size-full wp-image-571538\" src=\"https:\/\/www.diarioimagen.net\/wp-content\/uploads\/2023\/01\/tribunal.jpg\" alt=\"\" width=\"460\" height=\"270\" \/><\/a><p id=\"caption-attachment-571538\" class=\"wp-caption-text\">Se pronuncian las y los legisladores del Congreso de la CDMX en favor de una justicia sin privilegios, sin cuotas, ni corrupci\u00f3n.<\/p><\/div>\n<p>&nbsp;<\/p>\n<p>El presidente del Poder Judicial de la Ciudad de M\u00e9xico (PJCDMX), magistrado Rafael Guerra \u00c1lvarez, estuvo presente en la sesi\u00f3n extraordinaria en la que el pleno del Congreso local ratific\u00f3 de manera un\u00e1nime por parte de todas las fracciones parlamentarias a una magistrada y cinco magistrados del \u00f3rgano judicial capitalino.<\/p>\n<p>En la sesi\u00f3n encabezada por el presidente de la Mesa Directiva del \u00f3rgano legislativo, diputado Fausto Zamorano Esparza, los impartidores de justicia ratificados fueron Yohana Ayala Villegas, Jos\u00e9 G\u00f3mez Gonz\u00e1lez, Ernesto Herrera Tovar, Miguel \u00c1ngel Mesa Carrillo, Carlos Vargas Mart\u00ednez y Marco Antonio Velasco Arredondo.<\/p>\n<p>Los seis dict\u00e1menes fueron sometidos y fundamentados por diputados de las distintas fracciones legislativas que integran la Comisi\u00f3n de Administraci\u00f3n y Procuraci\u00f3n de Justicia, a cargo del diputado Octavio Rivero Villase\u00f1or, y en \u00e9stos se destac\u00f3 la preparaci\u00f3n, trayectoria, experiencia y aportaciones de la magistrada y los magistrados sujetos a ratificaci\u00f3n.<\/p>\n<p>Asimismo, se destac\u00f3 su labor en la docencia, como autores en revistas especializadas y sus posgrados cursados en instituciones educativas tanto nacionales como internacionales.<\/p>\n<p>En la sesi\u00f3n, diputados fijaron sus posiciones; por Morena, la legisladora Guadalupe Morales Rubio subray\u00f3 la honorabilidad de la y los magistrados propuestos para ratificaci\u00f3n, y les pidi\u00f3 mantener su contribuci\u00f3n a la justicia con perspectiva de g\u00e9nero, el respeto a los derechos humanos y una pol\u00edtica humanista.<\/p>\n<p>A nombre de la Asociaci\u00f3n Parlamentaria Mujeres Dem\u00f3cratas, la diputada X\u00f3chitl Bravo Espinosa se pronunci\u00f3 por que haya m\u00e1s mujeres juzgadoras en el Poder Judicial de la ciudad, postura que tambi\u00e9n expres\u00f3 la morenista Ana Francis L\u00f3pez Bayghen Pati\u00f1o.<\/p>\n<p>El panista An\u00edbal Ca\u00f1ez Morales, en tanto, subray\u00f3 la importancia de que haya poderes que hagan contrapeso y cumplan con su obligaci\u00f3n constitucional de brindar certeza jur\u00eddica a los gobernados, a fin de construir acuerdos a favor de la sociedad.<\/p>\n<p>Por el PRD, la diputada Polimnia Sierra B\u00e1rcena se manifest\u00f3 por fortalecer a los \u00f3rganos aut\u00f3nomos, a fin de contar con poderes que impartan justicia y garanticen los derechos construidos desde la izquierda.<\/p>\n<p>Votado uno a uno cada dictamen, los impartidores de justicia sujetos a ratificaci\u00f3n recibieron el respaldo un\u00e1nime de las diputadas y los diputados presentes en la sesi\u00f3n.<\/p>\n<p>En tanto transcurr\u00eda la sesi\u00f3n extraordinaria, la magistrada Ayala Villegas y los magistrados G\u00f3mez Gonz\u00e1lez, Herrera Tovar, Mesa Carrillo, Vargas Mart\u00ednez y Velasco Arredondo, aguardaron en el Sal\u00f3n Heberto Castillo el momento de rendir protesta.<\/p>\n<p>Una vez aprobados los seis dict\u00e1menes de ratificaci\u00f3n, se invit\u00f3 a la magistrada y a los magistrados al pleno del recinto legislativo, a fin de rendir la protesta del cargo ante la soberan\u00eda de la ciudad, hecho presenciado desde los palcos superiores por magistradas y magistrados del Tribunal Superior de Justicia de la Ciudad de M\u00e9xico, y consejeras y consejeros de la Judicatura local.<\/p>\n<p>Al finalizar la sesi\u00f3n, el presidente del \u00f3rgano judicial, magistrado Rafael Guerra \u00c1lvarez, felicit\u00f3 a la magistrada Ayala Villegas, as\u00ed como los magistrados G\u00f3mez Gonz\u00e1lez, Herrera Tovar, Mesa Carrillo, Vargas Mart\u00ednez y Velasco Arredondo, quienes, adem\u00e1s, recibieron felicitaciones de decenas de legisladores y de sus compa\u00f1eros impartidores de justicia que los acompa\u00f1aron en el proceso legislativo de ratificaci\u00f3n.<\/p>\n<p>La magistrada Ayala Villegas y el magistrado Herrera Tovar est\u00e1n adscritos a la Segunda Sala Familiar del PJCDMX; en tanto los magistrados G\u00f3mez Gonz\u00e1lez, Mesa Carrillo, Vargas Mart\u00ednez y Velasco Arredondo, a las Salas Civiles Segunda, Sexta, Cuarta y Primera, respectivamente.<\/p>\n","protected":false},"excerpt":{"rendered":"<p>El presidente del Poder Judicial de la Ciudad de M\u00e9xico (PJCDMX), magistrado Rafael Guerra \u00c1lvarez, estuvo presente en la sesi\u00f3n extraordinaria en la que el pleno del Congreso local ratific\u00f3 de manera un\u00e1nime por parte de todas las fracciones parlamentarias a una magistrada y cinco magistrados del \u00f3rgano judicial capitalino.<\/p>\n","protected":false},"author":3,"featured_media":571538,"comment_status":"open","ping_status":"open","sticky":false,"template":"","format":"standard","meta":{"_monsterinsights_skip_tracking":false,"_monsterinsights_sitenote_active":false,"_monsterinsights_sitenote_note":"","_monsterinsights_sitenote_category":0,"footnotes":""},"categories":[6],"tags":[87379,79059],"class_list":["post-571481","post","type-post","status-publish","format-standard","has-post-thumbnail","hentry","category-cd-de-mexico","tag-pjcdmx","tag-ratifica"],"_links":{"self":[{"href":"https:\/\/www.diarioimagen.net\/index.php?rest_route=\/wp\/v2\/posts\/571481","targetHints":{"allow":["GET"]}}],"collection":[{"href":"https:\/\/www.diarioimagen.net\/index.php?rest_route=\/wp\/v2\/posts"}],"about":[{"href":"https:\/\/www.diarioimagen.net\/index.php?rest_route=\/wp\/v2\/types\/post"}],"author":[{"embeddable":true,"href":"https:\/\/www.diarioimagen.net\/index.php?rest_route=\/wp\/v2\/users\/3"}],"replies":[{"embeddable":true,"href":"https:\/\/www.diarioimagen.net\/index.php?rest_route=%2Fwp%2Fv2%2Fcomments&post=571481"}],"version-history":[{"count":0,"href":"https:\/\/www.diarioimagen.net\/index.php?rest_route=\/wp\/v2\/posts\/571481\/revisions"}],"wp:featuredmedia":[{"embeddable":true,"href":"https:\/\/www.diarioimagen.net\/index.php?rest_route=\/wp\/v2\/media\/571538"}],"wp:attachment":[{"href":"https:\/\/www.diarioimagen.net\/index.php?rest_route=%2Fwp%2Fv2%2Fmedia&parent=571481"}],"wp:term":[{"taxonomy":"category","embeddable":true,"href":"https:\/\/www.diarioimagen.net\/index.php?rest_route=%2Fwp%2Fv2%2Fcategories&post=571481"},{"taxonomy":"post_tag","embeddable":true,"href":"https:\/\/www.diarioimagen.net\/index.php?rest_route=%2Fwp%2Fv2%2Ftags&post=571481"}],"curies":[{"name":"wp","href":"https:\/\/api.w.org\/{rel}","templated":true}]}}