{"id":571594,"date":"2023-01-18T00:01:49","date_gmt":"2023-01-18T06:01:49","guid":{"rendered":"https:\/\/www.diarioimagen.net\/?p=571594"},"modified":"2023-01-17T23:32:09","modified_gmt":"2023-01-18T05:32:09","slug":"se-pelearon-las-comadres","status":"publish","type":"post","link":"https:\/\/www.diarioimagen.net\/?p=571594","title":{"rendered":"Se pelearon las comadres"},"content":{"rendered":"<h2>De pe a pa<\/h2>\n<h5>Alberto Vieyra G.<\/h5>\n<p>&nbsp;<\/p>\n<p>Las comadres se pelearon, se desgre\u00f1an, se dicen sus verdades, parten al partido y sabido es que partido que se parte se la parten en las urnas electorales.<\/p>\n<p>Primero, los morenistas en la C\u00e1mara de Diputados federal tronaron contra \u201cEs Claudia\u201d, quien anda desatada gastando nuestros dineros en actos anticipados de campa\u00f1a electoral y sin poder gobernar siquiera el Metro de la Ciudad de M\u00e9xico, que seg\u00fan ella es blanco de sabotajes terroristas o \u201chechos at\u00edpicos\u201d, cuando la realidad es que el Sistema de Transporte Colectivo lo que requiere con urgencia es mantenimiento y refacciones, pero do\u00f1a Claudia no es capaz de refaccionarlo porque ella est\u00e1 en lo suyo para 2024.<\/p>\n<p>Y en un segundo escenario, las comadres morenistas que van en post de la gubernatura de Coahuila se pelearon y no se bajan de corruptos traidores, hombres sin palabra y, en fin, que desde ahora se puede anticipar que el PRI y sus r\u00e9moras aliadas la tienen ganada en Coahuila y sin mucho despeinarse. El ex subsecretario de Seguridad y Protecci\u00f3n Ciudadana, Ricardo Garc\u00eda Berdeja mand\u00f3 <em>a chiflar a su m\u00e1user<\/em> a AMLO, rompi\u00f3 con el dizque l\u00edder de Morena, Mario Delgado, y con el candidato oficial morenista Armando Guadiana, un hombre corto de ideas, pero largo en las diatribas.<\/p>\n<p>La cuesti\u00f3n es que don Ricardo se fue como las chachas mal educadas, que ni siquiera son capaces de decirle a la patrona \u201cma\u00f1ana me voy, se\u00f1ora\u201d y se fue a la rechintola porque, seg\u00fan \u00e9l, se fue a jugarle las contras a Guadiana y se registr\u00f3 abanderado por el PT, un corrupto partido que no es capaz de obtener m\u00e1s de 1.5 % de las votaciones estatales. M\u00e1s bien, pareciera que Ricardo Garc\u00eda le est\u00e1 haciendo el trabajo sucio al \u201cmoreirato\u201d y a otros hist\u00f3ricos caciques en Coahuila y todo para favorecer al PRI.<\/p>\n<p>Un tercer escenario lo encontramos en el Estado de M\u00e9xico, donde las comadres morenistas tambi\u00e9n est\u00e1n a punto de desgre\u00f1arse y donde a la maestra Delfina G\u00f3mez le pesa su negro pasado de corrupci\u00f3n, pues durante 3 a\u00f1os cuando fue alcaldesa de Texcoco les descontaba un 10% de su salario a m\u00e1s de 500 trabajadores amasando una fortuna de poco m\u00e1s de 13 millones de pesos que fueron a dar a las arcas del llamado <em>Rey del ca$h<\/em>.<\/p>\n<p>No hay duda, que tanto en Coahuila como en el Edomex la victoria ser\u00e1 para la alianza PRI, PAN, PRD. Ello lo sabe muy bien AMLO, quien est\u00e1 dedicado en cuerpo y alma a ser grilla y m\u00e1s grilla electoral para 2024, protagonizando desde hoy una elecci\u00f3n de Estado, pues para hacer ese tipo de barbaridades y de inmoralidad reform\u00f3 por sus pistolas la ley secundaria en materia electoral a trav\u00e9s de su llamado \u201cplan B\u201d, que por cierto ser\u00e1 impugnado ante la Corte como una reforma inconstitucional y de acuerdo con lo que ha dicho todav\u00eda le faltan algunas reformas que la ley le impide, pero \u00e9l las buscar\u00e1 concretar en el periodo ordinario de febrero, pero le adelanto que habr\u00e1n de correr la misma suerte y ante un escenario tan adverso lo \u00fanico que le queda a AMLO es pretextar un fraude electoral, que seg\u00fan \u00e9l le haga el INE. Y cuando su popularidad se ha desplomado en m\u00e1s de 3 puntos en el \u00faltimo mes, sobre todo desde el atentado a Ciro G\u00f3mez Leyva, pasando por el vergonzoso asunto de su pupila la todav\u00eda ministra Yasm\u00edn Esquivel, quien a pesar del dictamen de la UNAM que concluyo, que plagi\u00f3 su tesis, ella declar\u00f3 ayer que no va a renunciar. \u00a1Vaya desverg\u00fcenza!<\/p>\n<p>AMLO la sigue defendiendo a capa y espada, pero el inmoral asunto del plagio se le est\u00e1 revirtiendo peligrosamente mientras en M\u00e9xico avanza la ingobernabilidad y el vac\u00edo de poder, por no poder y como AMLO prometi\u00f3 que mandar\u00eda \u201cal diablo a las instituciones\u201d, pues do\u00f1a Yasm\u00edn sigue cobrando como ministra en la Corte, pues de lo que se trata es de que, a la m\u00e1xima instituci\u00f3n impartidora de justicia en M\u00e9xico se la lleve el diablo. \u00a1Vaya forma de destruir al pa\u00eds!<\/p>\n<p><em><a href=\"mailto:info@agenciamn.com\" target=\"_blank\" rel=\"noopener noreferrer\">info@agenciamn.com<\/a><\/em><\/p>\n","protected":false},"excerpt":{"rendered":"<p><span style=\"color: #005497;\"><strong>Alberto Vieyra G.<\/strong><\/span><\/p>\n","protected":false},"author":3,"featured_media":0,"comment_status":"open","ping_status":"open","sticky":false,"template":"","format":"standard","meta":{"_monsterinsights_skip_tracking":false,"_monsterinsights_sitenote_active":false,"_monsterinsights_sitenote_note":"","_monsterinsights_sitenote_category":0,"footnotes":""},"categories":[4596],"tags":[43697,4597,43674],"class_list":["post-571594","post","type-post","status-publish","format-standard","hentry","category-alberto-vieyra-g","tag-alberto-vieyra-g","tag-de-pe-a-pa","tag-opinion"],"_links":{"self":[{"href":"https:\/\/www.diarioimagen.net\/index.php?rest_route=\/wp\/v2\/posts\/571594","targetHints":{"allow":["GET"]}}],"collection":[{"href":"https:\/\/www.diarioimagen.net\/index.php?rest_route=\/wp\/v2\/posts"}],"about":[{"href":"https:\/\/www.diarioimagen.net\/index.php?rest_route=\/wp\/v2\/types\/post"}],"author":[{"embeddable":true,"href":"https:\/\/www.diarioimagen.net\/index.php?rest_route=\/wp\/v2\/users\/3"}],"replies":[{"embeddable":true,"href":"https:\/\/www.diarioimagen.net\/index.php?rest_route=%2Fwp%2Fv2%2Fcomments&post=571594"}],"version-history":[{"count":0,"href":"https:\/\/www.diarioimagen.net\/index.php?rest_route=\/wp\/v2\/posts\/571594\/revisions"}],"wp:attachment":[{"href":"https:\/\/www.diarioimagen.net\/index.php?rest_route=%2Fwp%2Fv2%2Fmedia&parent=571594"}],"wp:term":[{"taxonomy":"category","embeddable":true,"href":"https:\/\/www.diarioimagen.net\/index.php?rest_route=%2Fwp%2Fv2%2Fcategories&post=571594"},{"taxonomy":"post_tag","embeddable":true,"href":"https:\/\/www.diarioimagen.net\/index.php?rest_route=%2Fwp%2Fv2%2Ftags&post=571594"}],"curies":[{"name":"wp","href":"https:\/\/api.w.org\/{rel}","templated":true}]}}