{"id":571595,"date":"2023-01-18T00:02:10","date_gmt":"2023-01-18T06:02:10","guid":{"rendered":"https:\/\/www.diarioimagen.net\/?p=571595"},"modified":"2023-01-17T23:31:11","modified_gmt":"2023-01-18T05:31:11","slug":"precavido-ricardo-monreal-saluda-que-morena-lo-haya-incluido-como-aspirante","status":"publish","type":"post","link":"https:\/\/www.diarioimagen.net\/?p=571595","title":{"rendered":"Precavido, Ricardo Monreal saluda que Morena lo haya incluido como aspirante"},"content":{"rendered":"<h2>La Retaguardia<\/h2>\n<h5>Adriana Moreno Cordero<\/h5>\n<p>&nbsp;<\/p>\n<ul>\n<li><strong><em>Pero el senador morenista no echa las campanas al vuelo<\/em><\/strong><\/li>\n<\/ul>\n<p>&nbsp;<\/p>\n<p>\u00bfPor qu\u00e9 retener a <strong>Ricardo Monreal<\/strong> en Morena?, esa es la pregunta que muchos, dentro y fuera de ese partido se hacen desde hace tiempo.<\/p>\n<p>En este sentido, hay que recordar que en una conferencia de prensa, el l\u00edder nacional de Movimiento de Regeneraci\u00f3n Nacional, <strong>Mario Mart\u00edn Delgado<\/strong>, reiter\u00f3 la lista de los aspirantes a la candidatura a la Presidencia de la Rep\u00fablica de ese partido para 2024.<\/p>\n<p>Delgado estuvo en el Estado de M\u00e9xico para apoyar ni m\u00e1s ni menos que a su candidata, Delfina G\u00f3mez, quien \u2014no sobra se\u00f1alar\u2014, ha sufrido algunos embates en este trayecto breve que ha recorrido haciendo campa\u00f1a para gobernar la entidad a partir de este a\u00f1o. O sea, puede que no le sea tan f\u00e1cil a la maestra de Texcoco, como ella se lo hab\u00eda imaginado.<\/p>\n<p>El caso es que el l\u00edder morenista fue enf\u00e1tico al se\u00f1alar que la precampa\u00f1a est\u00e1 dirigida a los militantes y simpatizantes de Morena. \u201cEste a\u00f1o es de definiciones, y la clave para el triunfo dentro de dos a\u00f1os, independientemente de los comicios del Estado de M\u00e9xico y Coahuila, debe haber unidad\u201d, dijo.<\/p>\n<p>Bueno, en la memoria a\u00fan est\u00e1 fresco el tema de la salida del subsecretario de Seguridad, Ricardo Mej\u00eda Berdeja y quiz\u00e1 por eso, no quieren perder a quien sin duda es uno de los art\u00edfices de dicho movimiento, el senador Monreal.<\/p>\n<p>Incluso, el l\u00edder del partido oficial, en conferencia de prensa \u201cse amarr\u00f3 el dedo\u201d y arremeti\u00f3 en contra de Mej\u00eda Berdeja, al decir que el ahora ex funcionario, \u201cmordi\u00f3 la mano\u201d ni m\u00e1s ni menos que del presidente <strong>Andr\u00e9s Manuel L\u00f3pez Obrador<\/strong> y en una dur\u00edsima recriminaci\u00f3n, agreg\u00f3 que \u201cel que muerde la mano que le da de comer, acostumbra lamer la bota de quien lo patea\u201d. \u00bfC\u00f3mo le responder\u00e1 Mej\u00eda Berdeja?<\/p>\n<p>De lo anterior se desprende que el l\u00edder de Morena actu\u00f3 por consigna directa de Palacio Nacional y para probar el grado de servilismo y abyecci\u00f3n que tiene para quien habita en dicho Palacio, tambi\u00e9n \u201cle ech\u00f3 de su cosecha\u201d para volverse otro de los instrumentos de L\u00f3pez Obrador para seguir con esta campa\u00f1a de odio a pr\u00e1cticamente todo y atacar. La primera fue la flamante gobernadora de Campeche, <strong>Layda Sansores<\/strong>.<\/p>\n<p>Hay que subrayar, por otra parte, que luego de muchos desaires y hasta groser\u00edas que recibi\u00f3 el zacatecano y que sin duda supo sortear, no es osado indicar que Morena no se puede dar el lujo de perder a una de sus principales piezas que desde su posici\u00f3n, se\u00f1ala los errores que d\u00eda con d\u00eda, por cierto, comete el ala m\u00e1s polarizada del partido oficial.<\/p>\n<p>Mario Delgado dijo que hasta se atrev\u00eda a dar los nombres de quienes han manifestado sus aspiraciones: <strong>Claudia (Sheinbaum)<\/strong>, <strong>Ad\u00e1n<\/strong> (<strong>Augusto L\u00f3pez<\/strong>), <strong>Ricardo (Monreal \u00c1vila)<\/strong> y <strong>Marcelo<\/strong> (<strong>Ebrard<\/strong>) y con ello, el dirigente morenista rectific\u00f3 y reiter\u00f3 para incluir en la mencionada lista al presidente de la Junta de Coordinaci\u00f3n Pol\u00edtica del Senado de la Rep\u00fablica y de facto, reconoci\u00f3 algo que el propio legislador zacatecano\u00a0 tiene un derecho leg\u00edtimo de participar en la contienda presidencial interna de Morena.<\/p>\n<p>Igualmente, el senador Monreal ha venido pugnando porque haya piso parejo en este fundamental proceso y que debe de realizarse de la manera m\u00e1s transparente posible. Vale la pena destacar que el legislador zacatecano salud\u00f3 que al fin se avizorara una contienda morenista pareja, sin embargo, como hombre precavido que es, no \u201cechar\u00e1 las campanas al vuelo\u201d porque todo puede suceder incluso, en el futuro inmediato.<\/p>\n<p>Y efectivamente, el inquilino de Palacio Nacional ha dado sobradas pruebas de c\u00f3mo se las puede llegar a gastar.<\/p>\n<p style=\"text-align: center;\"><strong>Municiones<\/strong><\/p>\n<p>*** La senadora panista <strong>Kenia L\u00f3pez Rabad\u00e1n<\/strong> dio a conocer que los gobiernos encabezados por morenistas registran el mayor incremento en \u00edndices delictivos, siendo las entidades m\u00e1s violentas: Colima, Zacatecas, Baja California, Morelos y Sonora. Espec\u00edficamente, la legisladora albiceleste se\u00f1al\u00f3: \u201cCon el informe se puso de manifiesto que en 2022 se cometieron diariamente 23.8 asesinatos por cada 100 mil habitantes. Es el cuarto a\u00f1o consecutivo con m\u00e1s feminicidios y los estados m\u00e1s violentos y que adem\u00e1s son gobernados por Morena son Colima, 107 asesinatos por cada 100 mil habitantes; Zacatecas, 79 asesinatos; Baja California, 72.9 asesinatos; Morelos, 56.3 asesinatos y Sonora, 55.4 asesinatos\u201d.<\/p>\n<p>*** Para el diputado <strong>Xavier Gonz\u00e1lez Xiri\u00f3n<\/strong>, que aspira al gobierno de la Ciudad de M\u00e9xico, a pesar de que la CDMX tiene un presupuesto muy alto, no se ve en qu\u00e9 lo invierten. \u201cLo que s\u00ed podemos percibir es que se desv\u00edan recursos p\u00fablicos, como en el caso de los destinados al mantenimiento del Sistema de Transporte Colectivo Metro, sin que, por ejemplo, nos aclaren con qu\u00e9 dinero la jefa de Gobierno de la CDMX, <strong>Claudia Sheinbaum<\/strong> y su comitiva aparece en todos los estados de la Rep\u00fablica, mantiene propaganda en todas partes y eso se llama falta de transparencia y corrupci\u00f3n\u201d. Asimismo, Al hablar sobre las elecciones de 2024 y su aspiraci\u00f3n a ser el abanderado de la Alianza Va por M\u00e9xico, Gonz\u00e1lez Ziri\u00f3n dijo que \u201cen la Ciudad de M\u00e9xico hoy 43% de los ciudadanos no votar\u00edan por Morena\u201d, por lo que con ese porcentaje de negativos es muy probable que triunfe el candidato de Va por M\u00e9xico. \u00bfSer\u00e1?<\/p>\n<p>*** Y por cierto, en temas que se han convertido \u201cel negrito en el arroz\u201d para la se\u00f1ora Sheinbaum, el Metro, al encabezar el arranque del proyecto Metro-Energ\u00eda, la funcionaria capitalina prometi\u00f3, porque no puede ser otra cosa, que no escatimar\u00e1 en cuanto a inversi\u00f3n para el Sistema de Transporte Colectivo. Qu\u00e9 bueno que lo dice porque a lo largo de su gesti\u00f3n, de plano no ha cumplido y es verdad de a plomo que el Metro trabaja con much\u00edsimas fallas debido, precisamente, a la falta de mantenimiento. Ya lo dec\u00eda el l\u00edder del Sindicato del Metro, Fernando Espino Ar\u00e9valo, hay en talleres esperando alg\u00fan d\u00eda una compostura alrededor de 175 vagones que no tienen para cu\u00e1ndo ser reparados simple y llanamente, porque no hay refacciones y muchas ocasiones, son los propios trabajadores los que se tienen que cooperar de su propio bolsillo para tratar de llevar a cabo alguna compostura y de eso, deber\u00eda informarse la jefa de Gobierno de la CDMX y no estar organizando sus giras por el interior de la Rep\u00fablica para sus huecas conferencias, \u201cpol\u00edticas de gobierno exitosas en la CDMX\u201d. Ya empez\u00f3 a bajar de popularidad la funcionaria. \u00bfPreocupada?<\/p>\n<p><u><a href=\"mailto:morcora@gmail.com\" target=\"_blank\" rel=\"noopener noreferrer\"><em>morcora@gmail.com<\/em><\/a><\/u><\/p>\n","protected":false},"excerpt":{"rendered":"<p><span style=\"color: #005497;\"><strong>Adriana Moreno Cordero<\/strong><\/span><\/p>\n","protected":false},"author":3,"featured_media":0,"comment_status":"open","ping_status":"open","sticky":false,"template":"","format":"standard","meta":{"_monsterinsights_skip_tracking":false,"_monsterinsights_sitenote_active":false,"_monsterinsights_sitenote_note":"","_monsterinsights_sitenote_category":0,"footnotes":""},"categories":[69370],"tags":[69369,69368,43674],"class_list":["post-571595","post","type-post","status-publish","format-standard","hentry","category-adriana-moreno-cordero","tag-adriana-moreno-cordero","tag-la-retaguardia","tag-opinion"],"_links":{"self":[{"href":"https:\/\/www.diarioimagen.net\/index.php?rest_route=\/wp\/v2\/posts\/571595","targetHints":{"allow":["GET"]}}],"collection":[{"href":"https:\/\/www.diarioimagen.net\/index.php?rest_route=\/wp\/v2\/posts"}],"about":[{"href":"https:\/\/www.diarioimagen.net\/index.php?rest_route=\/wp\/v2\/types\/post"}],"author":[{"embeddable":true,"href":"https:\/\/www.diarioimagen.net\/index.php?rest_route=\/wp\/v2\/users\/3"}],"replies":[{"embeddable":true,"href":"https:\/\/www.diarioimagen.net\/index.php?rest_route=%2Fwp%2Fv2%2Fcomments&post=571595"}],"version-history":[{"count":0,"href":"https:\/\/www.diarioimagen.net\/index.php?rest_route=\/wp\/v2\/posts\/571595\/revisions"}],"wp:attachment":[{"href":"https:\/\/www.diarioimagen.net\/index.php?rest_route=%2Fwp%2Fv2%2Fmedia&parent=571595"}],"wp:term":[{"taxonomy":"category","embeddable":true,"href":"https:\/\/www.diarioimagen.net\/index.php?rest_route=%2Fwp%2Fv2%2Fcategories&post=571595"},{"taxonomy":"post_tag","embeddable":true,"href":"https:\/\/www.diarioimagen.net\/index.php?rest_route=%2Fwp%2Fv2%2Ftags&post=571595"}],"curies":[{"name":"wp","href":"https:\/\/api.w.org\/{rel}","templated":true}]}}