{"id":571596,"date":"2023-01-18T00:04:13","date_gmt":"2023-01-18T06:04:13","guid":{"rendered":"https:\/\/www.diarioimagen.net\/?p=571596"},"modified":"2023-01-17T23:34:03","modified_gmt":"2023-01-18T05:34:03","slug":"militancia-y-acuerdos-de-cupula","status":"publish","type":"post","link":"https:\/\/www.diarioimagen.net\/?p=571596","title":{"rendered":"Militancia y acuerdos de c\u00fapula"},"content":{"rendered":"<h2>Desde el portal<\/h2>\n<h5>\u00c1ngel Soriano<\/h5>\n<p>&nbsp;<\/p>\n<p>El presidente Andr\u00e9s Manuel L\u00f3pez Obrador se refiri\u00f3 al acuerdo de la coalici\u00f3n PRI-PAN-PRD para la selecci\u00f3n de los candidatos a enfrentar a Morena en los comicios de este a\u00f1o en el Estado de M\u00e9xico y en Coahuila, as\u00ed como a la Presidencia de la Rep\u00fablica y a la jefatura de Gobierno de la CDMX el a\u00f1o pr\u00f3ximo, en los cuales el PAN tendr\u00e1 mano.<\/p>\n<p>\u201cYa chuparon faros\u201d los aspirantes del PRI porque el PAN decidir\u00e1 sobre los candidatos a la Presidencia y a la jefatura de Gobierno, indic\u00f3 el tabasque\u00f1o al considerar que la docena de aspirantes del tricolor a ser abanderados en la lucha por la primera magistratura de la Naci\u00f3n est\u00e1n ya descartados.<\/p>\n<p>La coalici\u00f3n, en tanto, ir\u00e1 con candidatos consensuados para el Edomex y Coahuila, seg\u00fan el acuerdo cupular negociado y en los que seguramente la militancia qued\u00f3 marginada y habr\u00e1n de acatar los designios y los intereses de quienes deciden, lo cual resulta como un rechazo a las aut\u00e9nticas aspiraciones de los correligionarios.<\/p>\n<p>Y aunque aparentemente hay la decisi\u00f3n de respetar tales acuerdos, seguramente no todos estar\u00e1n de acuerdos \u00bfd\u00f3nde quedar\u00e1n las aspiraciones de una priista con ejemplar trayectoria como Beatriz Paredes que busca ser candidata presidencial?, o de Claudia Ruiz Massieu y otros destacados militantes del tricolor?. Todo estar\u00e1 por verse.<\/p>\n<p style=\"text-align: center;\"><strong>TURBULENCIAS<br \/>\nMej\u00eda y su lejan\u00eda del poder<\/strong><\/p>\n<p>Apartado de los reflectores de la \u201cma\u00f1anera\u201d y del poder que da la subsecretar\u00eda de Seguridad federal y del Presidente, el precandidato del PT a la gubernatura de Coahuila, Ricardo Mej\u00eda, deber\u00e1 mostrar que tiene luz propia y capacidad para enfrentar la aceitada maquinaria electoral de Morena y del poder presidencial. Si en un tiempo acumul\u00f3 poder, recursos y proyecci\u00f3n pol\u00edtica, esto fue consecuencia del cargo que ostentaba y de la aparente confianza que le otorgaba la figura presidencial, ya sin ellas se ver\u00e1 la realidad de las elecciones en M\u00e9xico\u2026 El abogado general de la UNAM, Alfredo S\u00e1nchez Casta\u00f1eda, reconoci\u00f3 que hay un vac\u00edo legal en materia de plagio y que la m\u00e1xima casa de estudios no puede actuar en casos como el de la ministra Yasm\u00edn Esquivel Mossa hasta en tanto el Consejo Universitario no reforme la legislaci\u00f3n actual para actuar en consecuencia. Estamos actuando apegados en base a la normatividad actual y no haciendo filosof\u00eda, indic\u00f3\u2026 Ser\u00e1 el 21 de marzo cuando el presidente Andr\u00e9s Manuel L\u00f3pez Obrador regrese a Oaxaca \u2014y de paso ver si San Vicente Coatl\u00e1n y Sola de Vega aceptaron su propuesta para resolver su litigio agrario\u2014, para la conmemoraci\u00f3n del natalicio de don Benito Ju\u00e1rez. De aceptarse el acuerdo agrario se concluir\u00e1 r\u00e1pido la supercarretera a Oaxaca, pues s\u00f3lo faltan 15 kil\u00f3metros de la v\u00eda que est\u00e1 detenida por ese litigio agrario\u2026 El gobernador de Puebla, Sergio Salom\u00f3n C\u00e9spedes Peregrina, se reuni\u00f3 con presidentes municipales de San Mart\u00edn Texmelucan y Huejotzingo para elaborar una estrategia de seguridad tomando en consideraci\u00f3n que son la primera autoridad que tienen contacto con la sociedad y para lo cual deben generar acciones para capacitar y certificar a sus corporaciones, indicando que recibir\u00e1n cursos e instrumentos legales para cumplir con sus funciones\u2026 Invitado por la Confederaci\u00f3n Espa\u00f1ola de Organizaciones Empresariales, el presidente de la Mesa Directiva de la C\u00e1mara de Diputados, Santiago Creel, asisti\u00f3 al Foro \u201cM\u00e9xico y Espa\u00f1a, una apuesta Empresarial del Futuro\u201d al que acudieron tambi\u00e9n organizaciones empresariales de nuestro pa\u00eds para analizar la realidad econ\u00f3mica y empresarial de ambos pa\u00edses e identificar nuevas oportunidades de inversi\u00f3n, y sostuvo encuentros con dirigentes de los mismos organismos en Madrid\u2026 De acuerdo al presidente L\u00f3pez Obrador, 80% de los usuarios del Metro apoyan la presencia de la Guardia Nacional en las instalaciones del SCT.<\/p>\n<p><u><a href=\"mailto:asorianocarrasco@yahoo.com\" target=\"_blank\" rel=\"noopener noreferrer\"><em>asorianocarrasco@yahoo.com<\/em><\/a><br \/>\n<em><a href=\"https:\/\/revistabrecha.com\" target=\"_blank\" rel=\"noopener noreferrer\">www.revistabrecha.com<\/a><br \/>\n<\/em><\/u><em>facebook oficial <a href=\"https:\/\/es-la.facebook.com\/RevistaBrecha.Oficial\" target=\"_blank\" rel=\"noopener\">@BrechaRevista<\/a><\/em><\/p>\n","protected":false},"excerpt":{"rendered":"<p><span style=\"color: #005497;\"><strong>\u00c1ngel Soriano<\/strong><\/span><\/p>\n","protected":false},"author":3,"featured_media":0,"comment_status":"open","ping_status":"open","sticky":false,"template":"","format":"standard","meta":{"_monsterinsights_skip_tracking":false,"_monsterinsights_sitenote_active":false,"_monsterinsights_sitenote_note":"","_monsterinsights_sitenote_category":0,"footnotes":""},"categories":[135],"tags":[51004,43674],"class_list":["post-571596","post","type-post","status-publish","format-standard","hentry","category-angel-soriano-opinion","tag-desde-el-porta","tag-opinion"],"_links":{"self":[{"href":"https:\/\/www.diarioimagen.net\/index.php?rest_route=\/wp\/v2\/posts\/571596","targetHints":{"allow":["GET"]}}],"collection":[{"href":"https:\/\/www.diarioimagen.net\/index.php?rest_route=\/wp\/v2\/posts"}],"about":[{"href":"https:\/\/www.diarioimagen.net\/index.php?rest_route=\/wp\/v2\/types\/post"}],"author":[{"embeddable":true,"href":"https:\/\/www.diarioimagen.net\/index.php?rest_route=\/wp\/v2\/users\/3"}],"replies":[{"embeddable":true,"href":"https:\/\/www.diarioimagen.net\/index.php?rest_route=%2Fwp%2Fv2%2Fcomments&post=571596"}],"version-history":[{"count":0,"href":"https:\/\/www.diarioimagen.net\/index.php?rest_route=\/wp\/v2\/posts\/571596\/revisions"}],"wp:attachment":[{"href":"https:\/\/www.diarioimagen.net\/index.php?rest_route=%2Fwp%2Fv2%2Fmedia&parent=571596"}],"wp:term":[{"taxonomy":"category","embeddable":true,"href":"https:\/\/www.diarioimagen.net\/index.php?rest_route=%2Fwp%2Fv2%2Fcategories&post=571596"},{"taxonomy":"post_tag","embeddable":true,"href":"https:\/\/www.diarioimagen.net\/index.php?rest_route=%2Fwp%2Fv2%2Ftags&post=571596"}],"curies":[{"name":"wp","href":"https:\/\/api.w.org\/{rel}","templated":true}]}}