{"id":571598,"date":"2023-01-18T00:05:11","date_gmt":"2023-01-18T06:05:11","guid":{"rendered":"https:\/\/www.diarioimagen.net\/?p=571598"},"modified":"2023-01-17T23:35:00","modified_gmt":"2023-01-18T05:35:00","slug":"sucesion-presidencial-3","status":"publish","type":"post","link":"https:\/\/www.diarioimagen.net\/?p=571598","title":{"rendered":"Sucesi\u00f3n presidencial"},"content":{"rendered":"<h2>Perfil de M\u00e9xico<\/h2>\n<h5>Armando R\u00edos Ruiz<\/h5>\n<p>&nbsp;<\/p>\n<p>Con nulos recursos discursivos, imaginativos, de carisma, de persuasi\u00f3n, Claudia Sheinbaum ha extraviado terreno en su aspiraci\u00f3n a la Presidencia de la Rep\u00fablica, despu\u00e9s del reciente accidente del Metro, en el que perdi\u00f3 la vida una mujer y m\u00e1s de un centenar de usuarios resultaron heridos. Su vida pol\u00edtica est\u00e1 reducida a depender en todo del actual Presidente. En permanecer bajo su sombra protectora y en copiar sus palabras. No hay para m\u00e1s.<\/p>\n<p>Siempre pens\u00f3 que emularlo al pie de la letra le acarrear\u00eda la misma suerte que ha envuelto a su jefe. Su estrategia, en efecto, le ha bastado para que el pol\u00edtico tabasque\u00f1o deposite en ella toda su confianza y la haga ver como su favorita en la sucesi\u00f3n. Tampoco nada podr\u00eda ser mejor para el Presidente,\u00a0 que la se\u00f1ora lo releve en el cargo, porque es quien ofrece sin ninguna duda y mejor que nadie, que don Ad\u00e1n Augusto, inclusive, la prolongaci\u00f3n del mandato.<\/p>\n<p>S\u00f3lo tom\u00f3 en cuenta al l\u00edder. Se olvid\u00f3 por completo de otro ingrediente que se suma como obligaci\u00f3n firme y decidida: Cultivar y preservar con toda la fuerza de su coraz\u00f3n, de su \u00e1nimo y de su inteligencia, durante el tiempo que fuera necesario, la estima de la ciudadan\u00eda que es la que juzga las acciones buenas y malas de los pol\u00edticos y que castiga la ineficiencia, las demostraciones de ineptitud en los cargos p\u00fablicos, que en el caso de do\u00f1a Claudia, han sido repetitivas.<\/p>\n<p>Su actuaci\u00f3n al frente del Gobierno de la Ciudad de M\u00e9xico ha sido francamente desastrosa, sin glorias qu\u00e9 aplaudir. Pero no conforme con esta situaci\u00f3n, le ha agregado distancia a su encomienda, en aras de hacer campa\u00f1a abierta en pos de la primera magistratura, que ha dejado expuestas las carencias de los servicios p\u00fablicos, reflejadas en el abandono del Metro, que reclama con vidas y con heridos su falta de atenci\u00f3n.<\/p>\n<p>A escasos d\u00edas del \u00faltimo suceso lamentable en el Sistema de Transporte Colectivo, una encuesta ya dice que Marcelo Ebrard se coloc\u00f3 a la cabeza de los posibles candidatos, con 37 por ciento de las preferencias. Es, por cierto, el \u00fanico que ha brillado en los eventos m\u00e1s importantes de esta administraci\u00f3n. Es quien se ha llevado el reconocimiento, mientras el gran jefe hace el rid\u00edculo internacional, calificado por algunos gobiernos como el gran dictador.<\/p>\n<p>En esa encuesta, la se\u00f1ora aparece con 34 por ciento. Pero en el escenario de la guerra de n\u00fameros y de preferencias acaba de agregarse Ricardo Monreal, finalmente aceptado por el gran elector. Jug\u00f3 muy mal sus cartas y ahora se muestra tard\u00edamente dispuesto a disputar el principal escal\u00f3n pol\u00edtico. Se insiste en que, finalmente, acabar\u00eda en la jefatura de Gobierno de la capital\u00a0 y que de hecho, \u00e9ste ser\u00eda su premio de consolaci\u00f3n, toda vez que en 2018 le fue arrebatada con argucias que a nadie convencieron.<\/p>\n<p>En un programa televisivo, otra empresa encuestadora da el primer lugar a don Ad\u00e1n Augusto L\u00f3pez, quien har\u00eda tambi\u00e9n un magn\u00edfico papel como el primero en el escenario o en este teatro, pero el segundo en el mando, que seguramente ceder\u00eda con todo gusto a su paisano, el actual Presidente. Por ah\u00ed existe una liga de muchos a\u00f1os, de cuando ambos eran muy j\u00f3venes, que los mantiene hermanados con ligas de agradecimiento.<\/p>\n<p>Las encuestas son realizadas por empresas erigidas para ganar dinero. Se venden muy caras y dicen lo que el contratante quiere. Pero es posible palpar en el \u00e1nimo de los votantes que hay cierta inclinaci\u00f3n para un determinado aspirante y un desd\u00e9n marcado para otros. Como hoy se ven las cosas, la mujer que ha permanecido bajo la protecci\u00f3n del que manda, ha comenzado a desdibujarse, mientras otros empiezan a emerger ante las preeminencias populares.<\/p>\n<p>Mientras tanto, la oposici\u00f3n a\u00fan discute sobre su futuro candidato. El senador Santiago Creel tiene la mano levantada desde hace mucho tiempo, en un terreno a\u00fan indefinido, a pesar de que el tiempo avanza implacable. Muchos m\u00e1s, sin ninguna posibilidad est\u00e1n apuntados por si alg\u00fan golpe de suerte pudiera actuar en su favor, pero con posibilidades demasiado remotas.<\/p>\n<p><a href=\"mailto:ariosruiz@gmail.com\" target=\"_blank\" rel=\"noopener noreferrer\"><em>ariosruiz@gmail.com<\/em><\/a><\/p>\n","protected":false},"excerpt":{"rendered":"<p><span style=\"color: #005497;\"><strong>Armando R\u00edos Ruiz<\/strong><\/span><\/p>\n","protected":false},"author":3,"featured_media":0,"comment_status":"open","ping_status":"open","sticky":false,"template":"","format":"standard","meta":{"_monsterinsights_skip_tracking":false,"_monsterinsights_sitenote_active":false,"_monsterinsights_sitenote_note":"","_monsterinsights_sitenote_category":0,"footnotes":""},"categories":[88405],"tags":[88407,43674,91193],"class_list":["post-571598","post","type-post","status-publish","format-standard","hentry","category-armando-rios-ruiz","tag-armando-rios-ruiz","tag-opinion","tag-perfil-de-mexico"],"_links":{"self":[{"href":"https:\/\/www.diarioimagen.net\/index.php?rest_route=\/wp\/v2\/posts\/571598","targetHints":{"allow":["GET"]}}],"collection":[{"href":"https:\/\/www.diarioimagen.net\/index.php?rest_route=\/wp\/v2\/posts"}],"about":[{"href":"https:\/\/www.diarioimagen.net\/index.php?rest_route=\/wp\/v2\/types\/post"}],"author":[{"embeddable":true,"href":"https:\/\/www.diarioimagen.net\/index.php?rest_route=\/wp\/v2\/users\/3"}],"replies":[{"embeddable":true,"href":"https:\/\/www.diarioimagen.net\/index.php?rest_route=%2Fwp%2Fv2%2Fcomments&post=571598"}],"version-history":[{"count":0,"href":"https:\/\/www.diarioimagen.net\/index.php?rest_route=\/wp\/v2\/posts\/571598\/revisions"}],"wp:attachment":[{"href":"https:\/\/www.diarioimagen.net\/index.php?rest_route=%2Fwp%2Fv2%2Fmedia&parent=571598"}],"wp:term":[{"taxonomy":"category","embeddable":true,"href":"https:\/\/www.diarioimagen.net\/index.php?rest_route=%2Fwp%2Fv2%2Fcategories&post=571598"},{"taxonomy":"post_tag","embeddable":true,"href":"https:\/\/www.diarioimagen.net\/index.php?rest_route=%2Fwp%2Fv2%2Ftags&post=571598"}],"curies":[{"name":"wp","href":"https:\/\/api.w.org\/{rel}","templated":true}]}}