{"id":571603,"date":"2023-01-18T00:03:03","date_gmt":"2023-01-18T06:03:03","guid":{"rendered":"https:\/\/www.diarioimagen.net\/?p=571603"},"modified":"2023-01-17T23:37:54","modified_gmt":"2023-01-18T05:37:54","slug":"morena-y-morenos-encabezan-infracciones","status":"publish","type":"post","link":"https:\/\/www.diarioimagen.net\/?p=571603","title":{"rendered":"Morena y \u201cmorenos\u201d encabezan infracciones"},"content":{"rendered":"<h2>Espacio Electoral<\/h2>\n<h5>Eleazar Flores<\/h5>\n<p>&nbsp;<\/p>\n<p><strong>EMPEZANDO POR SU COMANDANTE-.<\/strong> Como ser\u00e1 m\u00e1s que imposible que el Presidente de la Rep\u00fablica emplee su p\u00falpito ma\u00f1anero como jefe de Estado y s\u00ed, en cambio, como PRIMER \u201cMORENO\u201d DEL PA\u00cdS, seguir\u00e1 hablando bien de su partido y partidarios, y mal de todos los divergentes, rojos, azules o amarillos, para quien s\u00f3lo ser\u00e1n neoliberales y conservadores.<\/p>\n<p>Por si fuera poco, quien en teor\u00eda es su segundo de a bordo como \u201cresponsable de la pol\u00edtica interior\u201d, emplea sus oficinas para, acompa\u00f1ado del gerente de Morena, Mario Delgado, congrega a gobernadoras-es de Movimiento de Regeneraci\u00f3n Nacional y pedirles promover y reforzar la imagen de las \u201ccorcholatas\u201d en busca de la candidatura presidencial.<\/p>\n<p>Que haya trascendido, hasta ahora, solamente han protestado esas infracciones a las leyes electorales vigentes el PAN y el PRD. \u00bfNo ser\u00eda m\u00e1s efectivo que, como coalici\u00f3n, el PRI se sumara a dichas protestas?. Podr\u00eda necesitar ese apoyo ahora que en el Estado de M\u00e9xico hay efervescencia pol\u00edtica y todos sin excepci\u00f3n han infringido la ley, morenos y anti.<\/p>\n<p>Hasta ahora, cuando menos resulta sospechoso el silencio tricolor en cuanto a las denuncias de m\u00faltiples infracciones cometidas por otras corrientes, en propaganda exterior y con presencia f\u00edsica de corcholatas a eventos netamente partidistas.<\/p>\n<p>El hipot\u00e9tico \u00e1rbitro gubernamental, Ad\u00e1n Augusto L\u00f3pez Hern\u00e1ndez, que deber\u00eda ser la figura neutral en esta temporada pre y electoral, es quien hasta presta sus oficinas para en reuni\u00f3n sabatina netamente partidista, se pide a mandatarias-os guindas, promover en sus respectivas entidades,\u00a0 y con el mayor esfuerzo, las figuras de sus corcholatas.<\/p>\n<p>Eso s\u00ed, el secretario de Gobernaci\u00f3n, Ad\u00e1n Augusto L\u00f3pez Hern\u00e1ndez, invade, seguramente por instrucci\u00f3n presidencial e incapacidad de la titular de la dependencia, tareas de aclaraci\u00f3n o defensa de la\u00a0 Secretar\u00eda de Educaci\u00f3n P\u00fablica y su titular, Leticia Ram\u00edrez Anaya, en relaci\u00f3n a la \u00bflady plagio? Yasm\u00edn Esquivel. Deber\u00eda aprovechar el foro para que la conocieran.<\/p>\n<p>INE-. La fuerte debilidad medi\u00e1tica del Instituto Nacional Electoral deber\u00eda contrarrestarla con la bandera de las infracciones que se est\u00e1n cometiendo en etapa preelectoral, en Coahuila y el Estado de M\u00e9xico.<\/p>\n<p>Es obvio que el comandante nacional del partido guinda encabeza la lista de infractores, contra quien deber\u00edan dirigirse ante el Tribunal Electoral del Poder Judicial de la Federaci\u00f3n. La lista la engrosar\u00edan buena parte de los integrantes de su gabinete.<\/p>\n<p>Hasta eso, las denuncias del INE han disminuido, solamente subrayando la advertencia en el sentido de que los comicios coahuilenses y mexiquenses se desarrollar\u00e1n bajo el marco jur\u00eddico nacional vigente.<\/p>\n<p>As\u00ed que, prep\u00e1rese para seguir oyendo infracciones de todos los partidos, de aqu\u00ed al mes de junio, en declaraciones de sus protagonistas o en espectaculares.<\/p>\n<p><em><a href=\"mailto:elefa44@gmail.com\" target=\"_blank\" rel=\"noopener noreferrer\">lefa44@gmail.com<\/a><\/em><\/p>\n","protected":false},"excerpt":{"rendered":"<p><span style=\"color: #005497;\"><strong>Eleazar Flores<\/strong><\/span><\/p>\n","protected":false},"author":3,"featured_media":0,"comment_status":"open","ping_status":"open","sticky":false,"template":"","format":"standard","meta":{"_monsterinsights_skip_tracking":false,"_monsterinsights_sitenote_active":false,"_monsterinsights_sitenote_note":"","_monsterinsights_sitenote_category":0,"footnotes":""},"categories":[81743],"tags":[81744,81776,43674],"class_list":["post-571603","post","type-post","status-publish","format-standard","hentry","category-eleazar-flores","tag-eleazar-flores","tag-espacio-electoral","tag-opinion"],"_links":{"self":[{"href":"https:\/\/www.diarioimagen.net\/index.php?rest_route=\/wp\/v2\/posts\/571603","targetHints":{"allow":["GET"]}}],"collection":[{"href":"https:\/\/www.diarioimagen.net\/index.php?rest_route=\/wp\/v2\/posts"}],"about":[{"href":"https:\/\/www.diarioimagen.net\/index.php?rest_route=\/wp\/v2\/types\/post"}],"author":[{"embeddable":true,"href":"https:\/\/www.diarioimagen.net\/index.php?rest_route=\/wp\/v2\/users\/3"}],"replies":[{"embeddable":true,"href":"https:\/\/www.diarioimagen.net\/index.php?rest_route=%2Fwp%2Fv2%2Fcomments&post=571603"}],"version-history":[{"count":0,"href":"https:\/\/www.diarioimagen.net\/index.php?rest_route=\/wp\/v2\/posts\/571603\/revisions"}],"wp:attachment":[{"href":"https:\/\/www.diarioimagen.net\/index.php?rest_route=%2Fwp%2Fv2%2Fmedia&parent=571603"}],"wp:term":[{"taxonomy":"category","embeddable":true,"href":"https:\/\/www.diarioimagen.net\/index.php?rest_route=%2Fwp%2Fv2%2Fcategories&post=571603"},{"taxonomy":"post_tag","embeddable":true,"href":"https:\/\/www.diarioimagen.net\/index.php?rest_route=%2Fwp%2Fv2%2Ftags&post=571603"}],"curies":[{"name":"wp","href":"https:\/\/api.w.org\/{rel}","templated":true}]}}