{"id":571618,"date":"2023-01-18T00:01:03","date_gmt":"2023-01-18T06:01:03","guid":{"rendered":"https:\/\/www.diarioimagen.net\/?p=571618"},"modified":"2023-01-18T01:56:52","modified_gmt":"2023-01-18T07:56:52","slug":"experimente-nuevas-aventuras-visitando-dubai-con-las-cortesias-de-emirates","status":"publish","type":"post","link":"https:\/\/www.diarioimagen.net\/?p=571618","title":{"rendered":"Experimente nuevas aventuras visitando Dub\u00e1i con las cortes\u00edas de <em>Emirates<\/em>"},"content":{"rendered":"<h2>De cinco estrellas<\/h2>\n<h5>Victoria Gonz\u00e1lez Prado<\/h5>\n<p>&nbsp;<\/p>\n<ul>\n<li><strong><em>Hoy fue inaugurada la Fitur 2023 en las instalaciones de la Ifema Madrid<\/em><\/strong><\/li>\n<li><strong><em>\u00bfEst\u00e1s pensando viajar? Has elegido Vietnam como destino a descubrir<\/em><\/strong><\/li>\n<\/ul>\n<p>&nbsp;<\/p>\n<div id=\"attachment_571677\" style=\"width: 470px\" class=\"wp-caption aligncenter\"><a href=\"https:\/\/www.diarioimagen.net\/?attachment_id=571677\" rel=\"attachment wp-att-571677\"><img loading=\"lazy\" decoding=\"async\" aria-describedby=\"caption-attachment-571677\" class=\"size-full wp-image-571677\" src=\"https:\/\/www.diarioimagen.net\/wp-content\/uploads\/2023\/01\/turismo-7.jpg\" alt=\"\" width=\"460\" height=\"270\" \/><\/a><p id=\"caption-attachment-571677\" class=\"wp-caption-text\">La aerol\u00ednea de los Emiratos \u00c1rabes Unidos tiene sorpresas para los viajeros.<\/p><\/div>\n<p>&nbsp;<\/p>\n<p>\u00bfTe gustar\u00eda conocer tres de las atracciones principales de Dubai?, te cuento que si vuelas con <em>Emirates<\/em> tendr\u00e1s acceso de cortes\u00eda si reservas tus vuelos antes del 29 de enero, para viajar desde hoy 18 de enero hasta el 31 de marzo pr\u00f3ximo. As\u00ed podr\u00e1s conocer por cuenta de la l\u00ednea a\u00e9rea:<\/p>\n<p><em>Breakfast at The Top<\/em>: para admirar Dub\u00e1i desde el edificio m\u00e1s alto del mundo y disfrutar de las vistas panor\u00e1micas de toda la ciudad. Sus playas v\u00edrgenes, el glamuroso puerto deportivo de Dub\u00e1i y concluir degustando caf\u00e9 y pastel en el nivel 125.<\/p>\n<p><em>Dubai Fountain Boardwalk<\/em>: paseo mar\u00edtimo y plataforma flotante ubicada en las impresionantes Fuentes de Dub\u00e1i. Podr\u00e1s acercarte a los famosos espect\u00e1culos de agua, m\u00fasica y luces de <em>The Burj Khalifa.<\/em><\/p>\n<p><em>Yellow Boat Atlantis Blast Tour<\/em>: ver el horizonte de Dub\u00e1i desde la costa en emocionante experiencia de 45 minutos que te llevar\u00e1 a trav\u00e9s del puerto deportivo de Dub\u00e1i directamente al <em>Palm Jumeirah<\/em> y alrededores de <em>Atlantis The Palm.<\/em><\/p>\n<p>Para disfrutar de estas cortes\u00edas debes considerar reservar desde hoy y a m\u00e1s tardar el 29 de enero y viajar entre el 18 de enero y el 31 de marzo.<\/p>\n<p>Los boletos de avi\u00f3n deben comprarse en vuelo redondo. Para pasajeros que viajen m\u00e1s all\u00e1 de Dub\u00e1i con boletos comprados en vuelos elegibles dentro del per\u00edodo de ventas, se requiere escala m\u00ednima en Dub\u00e1i de 20 horas. La promoci\u00f3n se puede reclamar para el tramo de viaje de ida o de vuelta.<\/p>\n<p>Los pasajeros son responsables de organizar los documentos de viaje o visa necesarios para cumplir con los criterios de entrada individuales a Dub\u00e1i o cualquier otro origen\/destino. No aplica en boletos canjeados en su totalidad con millas de <em>Emirates Skywards<\/em> u otras promociones. Ser\u00e1 v\u00e1lido para boletos emitidos en Emirates (176), operados y tripulados por aviones de la compa\u00f1\u00eda.<\/p>\n<p>Tambi\u00e9n puede acceder a ofertas especiales y descuentos en toda la ciudad con <em>My Emirates Pass.<\/em><\/p>\n<p>M\u00e1s informaci\u00f3n sobre las condiciones consulta en <em>Emirates.com.mx<\/em> o en el portal de aAgentes de <em>viajes Emirates Partners Portal.<\/em><\/p>\n<p>\u2730\u2730\u2730\u2730\u2730 Hoy fue inaugurada la Feria Internacional de Turismo de Turismo (Fitur 2023), en las instalaciones de Ifema Madrid. En esta feria M\u00e9xico contar\u00e1 con el pabell\u00f3n m\u00e1s grande de los pa\u00edses de Am\u00e9rica Latina, al ocupar mil 111 metros cuadrados, con lo que rompe todas las marcas registradas en ediciones anteriores, asegur\u00f3 <strong>Miguel Torruco Marqu\u00e9s<\/strong>, secretario de Turismo, en comunicado.<\/p>\n<p>\u201cEste logro es gracias a las acciones conjuntas con los gobiernos estatales y al apoyo del sector privado, quienes con su participaci\u00f3n impulsar\u00e1n la promoci\u00f3n tur\u00edstica de M\u00e9xico y sus destinos ante el mercado espa\u00f1ol y europeo\u201d.<\/p>\n<p>Asimismo, dijo que el pabell\u00f3n de M\u00e9xico en la Fitur 2023 tendr\u00e1 105 <em>booths,<\/em> espacios en donde la comitiva mexicana, integrada por 270 participantes, entre representantes de 17 estados, legisladores y prestadores de servicios tur\u00edsticos, presentar\u00e1n sus productos y paquetes a los compradores. Se instalar\u00e1n cinco oficinas y seis \u00e1reas denominadas <em>\u201ccorners\u201d,<\/em> ocupadas por el Consejo de Promoci\u00f3n Tur\u00edstica de Quintana Roo (CPTQ), que se une al pabell\u00f3n de M\u00e9xico, con la amplia oferta del Caribe mexicano; junto con Playa del Carmen, Los Cabos, Quer\u00e9taro, Michoac\u00e1n y Oaxaca.<\/p>\n<p>El titular de la Sectur indic\u00f3 que entre los expositores que forman parte de la delegaci\u00f3n mexicana hay l\u00edneas a\u00e9reas, cadenas hoteleras, tour operadores receptivos, representantes de fideicomisos de Turismo, autoridades municipales y estatales de M\u00e9rida, Chiapas, Chihuahua, Acapulco, Puerto Vallarta, Ciudad de M\u00e9xico, Guanajuato, Jalisco, Nayarit, Nuevo Le\u00f3n, Oaxaca, Ixtapa Zihuatanejo, Guadalajara, San Miguel de Allende, Sonora, Taxco, Yucat\u00e1n y Zacatecas.<\/p>\n<p>Durante la gira de trabajo por Madrid, <strong>Torruco Marqu\u00e9s<\/strong> estar\u00e1 acompa\u00f1ado por <strong>Quirino Ordaz Coppel<\/strong>, embajador de M\u00e9xico en Espa\u00f1a y <strong>\u00d3scar P\u00e9rez Barros<\/strong>, encargado de Asuntos Econ\u00f3micos y Turismo de la Embajada de M\u00e9xico en Espa\u00f1a. Sostendr\u00e1 encuentros con autoridades espa\u00f1olas, entre ellas <strong>Mar\u00eda Reyes Maroto<\/strong> ministra de Industria, Comercio y Turismo y <strong>Zurab Pololikashivili<\/strong>, secretario general de la Organizaci\u00f3n Mundial del Turismo (OMT).<\/p>\n<p>Adem\u00e1s, el titular de la Sectur, participar\u00e1 en la Conferencia Iberoamericana de Ministros y Empresarios de Turismo CIMET 2023; en la recepci\u00f3n organizada por la OMT y el Banco Interamericano de Desarrollo de Am\u00e9rica Latina a la cual est\u00e1n convocadas autoridades de Latinoam\u00e9rica y el Caribe, entre otros encuentros.<\/p>\n<p>Se espera se re\u00fana tambi\u00e9n con algunos de sus hom\u00f3logos latinoamericanos y con directivos de aerol\u00edneas con el prop\u00f3sito de estrechar lazos de cooperaci\u00f3n que impulsen el flujo de turistas entre los pa\u00edses de la regi\u00f3n y se fortalezca la conectividad a\u00e9rea. Encuentros con tour operadores y empresarios tur\u00edsticos de Espa\u00f1a para llegar a acuerdos que impulsen la llegada de turistas desde este importante mercado emisor y la inversi\u00f3n hacia nuestro pa\u00eds.<\/p>\n<p>Durante la Fitur 2023 se entregar\u00e1n los Premios Excelencias y uno de los galardonados es el Centro de Geointeligencia de los \u00c1ngeles Verdes con el remio a la \u2018Innovaci\u00f3n Tecnol\u00f3gica\u2019.<\/p>\n<p>El secretario de turismo se\u00f1al\u00f3 que \u201ceste importante reconocimiento, es otorgado desde hace 18 a\u00f1os por Grupo Excelencias a lo mejor de los proyectos iberoamericanos de turismo y gastronom\u00eda. Sin duda, es un gran aliciente que nos compromete a redoblar esfuerzos para mantenernos a la vanguardia en materia de innovaci\u00f3n tecnol\u00f3gica, y con ello, hacer nuestra tarea diaria m\u00e1s eficiente en beneficio del sector turismo\u201d.<\/p>\n<p>\u2730\u2730\u2730\u2730\u2730 \u00bfEst\u00e1s pensando viajar pronto? \u00bfHas pensado en elegir Vietnam? Te dar\u00e9 algunos <em>tips <\/em>que quiz\u00e1 te convenzan: es destino seguro, riqueza de culturas, 39 patrimonios mundiales, 3 mil 26 kil\u00f3metros de costo a lo largo del pa\u00eds, 41.19 por ciento superficies forestales, diversos paisajes, se habla ingl\u00e9s, el costo de la vida es econ\u00f3mico y tiene historia. En el norte, hay incre\u00edble diversidad \u00e9tnica, espectaculares terrazas de arroz, exquisita y variada cocina, palafitos t\u00edpicos, coloridos mercados semanales.<\/p>\n<p>En Vietnam central encontrar\u00e1s vestigios de la cultura Champa, hermosas dunas de arena, armon\u00eda entre monta\u00f1a y mar, campo y ciudad, hermosas playas de arena blanca, aut\u00e9nticos pueblos marineros.<\/p>\n<p>Las tierras altas de Vietnam son la cuna de la cultura vietnamita, es regi\u00f3n muy monta\u00f1osa y casas comunales tradicionales. El sur de Vietnam Et Delta del Mekong, est\u00e1 pleno de mercados flotantes, bosques inundados, islotes aut\u00e9nticos y huertos exuberantes. La visa para visitar el pa\u00eds tiene costo de 25 d\u00f3lares y la entregan entre tres y cinco d\u00edas y aerol\u00edneas como <em>Emirates, Qatar, Turkish <\/em>y<em> Air France. <\/em>Con Meridional Representaciones info@meridionalreps.com obtendr\u00e1s m\u00e1s informaci\u00f3n.\u00e7<\/p>\n<p>&nbsp;<\/p>\n<blockquote>\n<p style=\"text-align: right;\">\u201c<strong>El<\/strong> <strong>\u00e1ngel de la fama tiene sus alas hechas de papel&#8230; peri\u00f3dico\u201d.<br \/>\n<\/strong><\/p>\n<\/blockquote>\n<p>&nbsp;<\/p>\n<p><em><span class=\"Apple-converted-space\"><a href=\"mailto:victoriagprado@gmail.com\" target=\"_blank\" rel=\"noopener noreferrer\">victoriagprado@gmail.com<\/a><br \/>\nTwitter: <a href=\"https:\/\/twitter.com\/victoriagprado\" target=\"_blank\" rel=\"noopener noreferrer\">@victoriagprado<\/a><\/span><\/em><\/p>\n","protected":false},"excerpt":{"rendered":"<p>\u00bfTe gustar\u00eda conocer tres de las atracciones principales de Dubai?, te cuento que si vuelas con <em>Emirates<\/em> tendr\u00e1s acceso de cortes\u00eda si reservas tus vuelos antes del 29 de enero, para viajar desde hoy 18 de enero hasta el 31 de marzo pr\u00f3ximo. As\u00ed podr\u00e1s conocer por cuenta de la l\u00ednea a\u00e9rea:<\/p>\n","protected":false},"author":3,"featured_media":571677,"comment_status":"open","ping_status":"open","sticky":false,"template":"","format":"standard","meta":{"_monsterinsights_skip_tracking":false,"_monsterinsights_sitenote_active":false,"_monsterinsights_sitenote_note":"","_monsterinsights_sitenote_category":0,"footnotes":""},"categories":[11],"tags":[107,43674,43681,106],"class_list":["post-571618","post","type-post","status-publish","format-standard","has-post-thumbnail","hentry","category-turismo","tag-de-cinco-estrellas","tag-opinion","tag-turismo","tag-victoria-gonzalez-prado"],"_links":{"self":[{"href":"https:\/\/www.diarioimagen.net\/index.php?rest_route=\/wp\/v2\/posts\/571618","targetHints":{"allow":["GET"]}}],"collection":[{"href":"https:\/\/www.diarioimagen.net\/index.php?rest_route=\/wp\/v2\/posts"}],"about":[{"href":"https:\/\/www.diarioimagen.net\/index.php?rest_route=\/wp\/v2\/types\/post"}],"author":[{"embeddable":true,"href":"https:\/\/www.diarioimagen.net\/index.php?rest_route=\/wp\/v2\/users\/3"}],"replies":[{"embeddable":true,"href":"https:\/\/www.diarioimagen.net\/index.php?rest_route=%2Fwp%2Fv2%2Fcomments&post=571618"}],"version-history":[{"count":0,"href":"https:\/\/www.diarioimagen.net\/index.php?rest_route=\/wp\/v2\/posts\/571618\/revisions"}],"wp:featuredmedia":[{"embeddable":true,"href":"https:\/\/www.diarioimagen.net\/index.php?rest_route=\/wp\/v2\/media\/571677"}],"wp:attachment":[{"href":"https:\/\/www.diarioimagen.net\/index.php?rest_route=%2Fwp%2Fv2%2Fmedia&parent=571618"}],"wp:term":[{"taxonomy":"category","embeddable":true,"href":"https:\/\/www.diarioimagen.net\/index.php?rest_route=%2Fwp%2Fv2%2Fcategories&post=571618"},{"taxonomy":"post_tag","embeddable":true,"href":"https:\/\/www.diarioimagen.net\/index.php?rest_route=%2Fwp%2Fv2%2Ftags&post=571618"}],"curies":[{"name":"wp","href":"https:\/\/api.w.org\/{rel}","templated":true}]}}