{"id":571622,"date":"2023-01-18T00:01:11","date_gmt":"2023-01-18T06:01:11","guid":{"rendered":"https:\/\/www.diarioimagen.net\/?p=571622"},"modified":"2023-01-18T23:28:11","modified_gmt":"2023-01-19T05:28:11","slug":"contagios-de-covid-llevan-doce-semanas-en-aumento-ssa","status":"publish","type":"post","link":"https:\/\/www.diarioimagen.net\/?p=571622","title":{"rendered":"Contagios de Covid\u00a0 llevan doce semanas en aumento: Ssa"},"content":{"rendered":"<p>&nbsp;<\/p>\n<h3 style=\"text-align: center;\">Sexta ola de infecciones en el pa\u00eds<\/h3>\n<p>&nbsp;<\/p>\n<ul>\n<li><strong><em>Que hay un contraste entre hospitalizaciones y defunciones gracias a las vacunas<\/em><\/strong><\/li>\n<\/ul>\n<p>&nbsp;<\/p>\n<div id=\"attachment_571659\" style=\"width: 470px\" class=\"wp-caption aligncenter\"><a href=\"https:\/\/www.diarioimagen.net\/?attachment_id=571659\" rel=\"attachment wp-att-571659\"><img loading=\"lazy\" decoding=\"async\" aria-describedby=\"caption-attachment-571659\" class=\"size-full wp-image-571659\" src=\"https:\/\/www.diarioimagen.net\/wp-content\/uploads\/2023\/01\/COVID.jpg\" alt=\"\" width=\"460\" height=\"270\" \/><\/a><p id=\"caption-attachment-571659\" class=\"wp-caption-text\">Suma M\u00e9xico 12 semanas consecutivas de alzas en contagios por Covid-19, reconoce la Secretar\u00eda de Salud federal.<\/p><\/div>\n<p>&nbsp;<\/p>\n<p>En la sexta ola de Covid-19, los contagios suman 12 semanas consecutivas de aumento de casos positivos, reconoci\u00f3 el subsecretario de Prevenci\u00f3n y Promoci\u00f3n de la Salud, Hugo L\u00f3pez-Gatell, en conferencia de prensa, en Palacio Nacional.<\/p>\n<p>A pesar de este aumento en los casos de contagios, el funcionario federal destac\u00f3 que el n\u00famero de hospitalizaciones y defunciones no han aumentado en la misma magnitud.<\/p>\n<p>\u201cUna y otra vez explicamos que esto quiere decir el efecto positivo de la inmunidad de protecci\u00f3n que brindan, principalmente las vacunas y hacen que la enfermedad sea menos grave\u201d, dijo.<\/p>\n<p>\u201cInformo que la pandemia en M\u00e9xico contin\u00faa al alza, 12 semanas consecutivas de los casos estimados. Sin embargo, la noticia positiva, como lo ha sido en toda esta ola reciente y en la ola anterior, es que hay un gran contraste entre casos que siguen en aumento y un leve aumento en las hospitalizaciones y defunciones\u201d, dijo L\u00f3pez-Gatell.<\/p>\n<p>En el Sal\u00f3n Tesorer\u00eda, L\u00f3pez-Gatell Ram\u00edrez detall\u00f3 que hay un 8% de ocupaci\u00f3n hospitalaria en camas generales y 3% camas con ventilador.<\/p>\n<p>\u201cEn defunciones tambi\u00e9n se ve una representaci\u00f3n pr\u00e1cticamente m\u00ednima comparada con cualquiera de las olas previas y es el resultado, igualmente del efecto positivo de la vacuna en la protecci\u00f3n de las personas\u201d, agreg\u00f3.<\/p>\n<p>Sobre el actuar de las vacunas, L\u00f3pez-Gatell afirm\u00f3 que han sido un factor importante para evitar m\u00e1s contagios, pues el uso de las mismas ha propiciado que la poblaci\u00f3n est\u00e9 protegida ante este virus mortal<\/p>\n<p style=\"text-align: center;\"><strong>Pese a alza en Covid-19 se desde\u00f1a uso de cubrebocas<\/strong><\/p>\n<p>Pese a la nueva ola de contagios en el pa\u00eds, que inici\u00f3 en noviembre, el subsecretario de Salud federal, afirm\u00f3 apenas el mes pasado que no se har\u00eda obligatorio el uso de cubrebocas, aunque reconoci\u00f3 un alza en contagios. \u201cTenemos un incremento de casos, estos casos o contagios de Covid-19 atienden a la misma l\u00f3gica de las infecciones respiratorias que todas las temporadas de fr\u00edo, oto\u00f1o invierno que desde hace centenas o milenios incrementan. Covid-19 progresivamente va a empezar a entrar en temporada, en una fase estacionaria, va a dejar de tener estas oleadas en primavera y verano y comenzar\u00e1 a sincronizarse con el resto de los m\u00e1s de 36 virus respiratorios que se conocen afectan a los seres humanos\u201d.<\/p>\n<p>\u201cNo vamos a poner ninguna medida de car\u00e1cter obligatorio porque existe una prueba de experiencia cient\u00edfica en la salud p\u00fablica, de que las medidas que se imponen no sean \u00fatiles, no son efectivas\u201d, asegur\u00f3 en ese entonces el funcionario. Dijo que se trata de fomentar el uso del cubrebocas, m\u00e1s que su imposici\u00f3n.<\/p>\n","protected":false},"excerpt":{"rendered":"<p>En la sexta ola de Covid-19, los contagios suman 12 semanas consecutivas de aumento de casos positivos, reconoci\u00f3 el subsecretario de Prevenci\u00f3n y Promoci\u00f3n de la Salud, Hugo L\u00f3pez-Gatell, en conferencia de prensa, en Palacio Nacional.<\/p>\n","protected":false},"author":3,"featured_media":571659,"comment_status":"open","ping_status":"open","sticky":false,"template":"","format":"standard","meta":{"_monsterinsights_skip_tracking":false,"_monsterinsights_sitenote_active":false,"_monsterinsights_sitenote_note":"","_monsterinsights_sitenote_category":0,"footnotes":""},"categories":[877],"tags":[24425,90021,29516,43692],"class_list":["post-571622","post","type-post","status-publish","format-standard","has-post-thumbnail","hentry","category-salud","tag-alza","tag-covid-19","tag-pandemia","tag-salud"],"_links":{"self":[{"href":"https:\/\/www.diarioimagen.net\/index.php?rest_route=\/wp\/v2\/posts\/571622","targetHints":{"allow":["GET"]}}],"collection":[{"href":"https:\/\/www.diarioimagen.net\/index.php?rest_route=\/wp\/v2\/posts"}],"about":[{"href":"https:\/\/www.diarioimagen.net\/index.php?rest_route=\/wp\/v2\/types\/post"}],"author":[{"embeddable":true,"href":"https:\/\/www.diarioimagen.net\/index.php?rest_route=\/wp\/v2\/users\/3"}],"replies":[{"embeddable":true,"href":"https:\/\/www.diarioimagen.net\/index.php?rest_route=%2Fwp%2Fv2%2Fcomments&post=571622"}],"version-history":[{"count":0,"href":"https:\/\/www.diarioimagen.net\/index.php?rest_route=\/wp\/v2\/posts\/571622\/revisions"}],"wp:featuredmedia":[{"embeddable":true,"href":"https:\/\/www.diarioimagen.net\/index.php?rest_route=\/wp\/v2\/media\/571659"}],"wp:attachment":[{"href":"https:\/\/www.diarioimagen.net\/index.php?rest_route=%2Fwp%2Fv2%2Fmedia&parent=571622"}],"wp:term":[{"taxonomy":"category","embeddable":true,"href":"https:\/\/www.diarioimagen.net\/index.php?rest_route=%2Fwp%2Fv2%2Fcategories&post=571622"},{"taxonomy":"post_tag","embeddable":true,"href":"https:\/\/www.diarioimagen.net\/index.php?rest_route=%2Fwp%2Fv2%2Ftags&post=571622"}],"curies":[{"name":"wp","href":"https:\/\/api.w.org\/{rel}","templated":true}]}}