{"id":571624,"date":"2023-01-18T00:02:12","date_gmt":"2023-01-18T06:02:12","guid":{"rendered":"https:\/\/www.diarioimagen.net\/?p=571624"},"modified":"2023-01-18T23:29:27","modified_gmt":"2023-01-19T05:29:27","slug":"reforma-a-ley-antitabaco-pone-en-riesgo-ingresos-de-pequenas-tiendas","status":"publish","type":"post","link":"https:\/\/www.diarioimagen.net\/?p=571624","title":{"rendered":"Reforma a ley antitabaco pone en riesgo ingresos de peque\u00f1as tiendas"},"content":{"rendered":"<p><strong>\u00a0<\/strong><\/p>\n<ul>\n<li><strong><em>Apoyar\u00e1 ANPEC a quienes busquen ampararse<\/em><\/strong><\/li>\n<\/ul>\n<p>&nbsp;<\/p>\n<div id=\"attachment_571666\" style=\"width: 470px\" class=\"wp-caption aligncenter\"><a href=\"https:\/\/www.diarioimagen.net\/?attachment_id=571666\" rel=\"attachment wp-att-571666\"><img loading=\"lazy\" decoding=\"async\" aria-describedby=\"caption-attachment-571666\" class=\"size-full wp-image-571666\" src=\"https:\/\/www.diarioimagen.net\/wp-content\/uploads\/2023\/01\/CIGARROS.jpg\" alt=\"\" width=\"460\" height=\"270\" \/><\/a><p id=\"caption-attachment-571666\" class=\"wp-caption-text\">La nuevas restricciones a la venta de cigarros crear\u00e1 un mercado negro y afectar\u00e1 el 25% de los ingresos de peque\u00f1as y medianas tiendas del pa\u00eds, se\u00f1ala la ANPEC.<\/p><\/div>\n<p>&nbsp;<\/p>\n<p>La nueva prohibici\u00f3n de exhibir productos de tabaco en establecimientos crear\u00e1 un mercado negro y afectar\u00e1 el 25% de los ingresos de los micro, peque\u00f1os y medianos tenderos del pa\u00eds, alert\u00f3 Cuauht\u00e9moc Rivera, presidente de la Asociaci\u00f3n Nacional del Peque\u00f1o Comerciante (ANPEC).<\/p>\n<p>Detall\u00f3 que en ingresos la afectaci\u00f3n es de 25 por ciento, que incluye no s\u00f3lo la venta de cajetillas de cigarro, pues es un producto que genera otras ventas de ocasi\u00f3n, como son encendedores, frituras, bebidas, o algo que se olvidase del hogar.<\/p>\n<p>La ANPEC comunic\u00f3 que apoyar\u00e1 a quienes busquen ampararse contra la prohibici\u00f3n de exhibir la mercanc\u00eda de tabaco, lo cual deben hacer de forma individual, por tiendita.<\/p>\n<p>La ANPEC critic\u00f3 los cambios a la Ley General para el Control del Tabaco en M\u00e9xico, que desde ahora proh\u00edbe exhibir estos productos y consumir tabaco en espacios p\u00fablicos para evitar la exposici\u00f3n de menores de edad a estos productos.<\/p>\n<p>\u201cLa aplicaci\u00f3n de las nuevas medidas para la venta de un producto legal, como lo es el tabaco, generar\u00e1 afectaciones socioecon\u00f3micas directas a peque\u00f1os y medianos comerciantes, debido a que las ventas de estos productos representan el 25% de sus ingresos mensuales\u201d, se\u00f1al\u00f3 la organizaci\u00f3n en un posicionamiento p\u00fablico.<\/p>\n<p>La asociaci\u00f3n afirm\u00f3 que esta medida impacta a los comerciantes que apenas \u201ccomenzaban a recuperarse\u201d de los \u201cseveros da\u00f1os\u201d por la pandemia, as\u00ed como por la inflaci\u00f3n m\u00e1s alta desde 2000.<\/p>\n<p>\u201cSe pone en riesgo el ingreso de m\u00e1s de 1.2 millones de establecimientos, as\u00ed como los empleos que estos generan\u201d, a\u00f1adi\u00f3.<\/p>\n<p>Asimismo, la ANPEC asever\u00f3 que el nuevo reglamento deja en el mismo piso a los productos de tabaco que se venden en la ilegalidad con los que est\u00e1n en regla, lo que incentiva un mercado negro.<\/p>\n<p>\u201cActualmente, la industria ilegal equivale al 20% del consumo nacional, con estas nuevas medidas, esta actividad puede crecer exponencialmente, pues no existir\u00e1 un control adecuado del mercado\u201d, expres\u00f3.<\/p>\n<p>Asimismo, la ANPEC destac\u00f3 que otra afectaci\u00f3n se dar\u00e1 en los consumidores, ya que de manera \u201cinjustificada\u201d se priva del derecho de libertad de comercio y atenta contra las libertades de elecci\u00f3n de los fumadores.<\/p>\n<p>\u201cEn una econom\u00eda de libre mercado como lo es M\u00e9xico, se deben garantizar estas libertades, las cuales han permitido el desarrollo y crecimiento econ\u00f3mico del pa\u00eds\u201d, se\u00f1al\u00f3 la ANPEC.<\/p>\n<p>Por su parte, la Confederaci\u00f3n Patronal de la Rep\u00fablica Mexicana en Ciudad de M\u00e9xico (Coparmex Cdmx) afirm\u00f3 la semana pasada que la medida afectar\u00e1 a 85,000 tiendas de abarrotes tan solo en la capital, para las que hasta el 25% de sus ventas dependen del tabaco.<\/p>\n<p>En este mismo tenor se han manifestado el Consejo Coordinador Empresarial (CCE), la C\u00e1mara Nacional de Comercio y la Asociaci\u00f3n Nacional de Tiendas de Autoservicio y Departamentales (Antad), quienes han se\u00f1alado que este nuevo reglamento es \u201cilegal\u201d e \u201cinfundado\u201d.<\/p>\n<p>Adem\u00e1s, remarcaron que la venta de cigarros promueve m\u00e1s del 15% de las ventas mensuales de las m\u00e1s de 6,000 tiendas registradas en el Instituto Nacional de Estad\u00edsticas y Geograf\u00eda (Inegi), que generan m\u00e1s de 2 millones de empleos, sostienen a m\u00e1s de 5 millones de personas y abastecen el 52% de la demanda nacional.<\/p>\n","protected":false},"excerpt":{"rendered":"<p>La nueva prohibici\u00f3n de exhibir productos de tabaco en establecimientos crear\u00e1 un mercado negro y afectar\u00e1 el 25% de los ingresos de los micro, peque\u00f1os y medianos tenderos del pa\u00eds, alert\u00f3 Cuauht\u00e9moc Rivera, presidente de la Asociaci\u00f3n Nacional del Peque\u00f1o Comerciante (ANPEC).<\/p>\n","protected":false},"author":3,"featured_media":571666,"comment_status":"open","ping_status":"open","sticky":false,"template":"","format":"standard","meta":{"_monsterinsights_skip_tracking":false,"_monsterinsights_sitenote_active":false,"_monsterinsights_sitenote_note":"","_monsterinsights_sitenote_category":0,"footnotes":""},"categories":[8],"tags":[97181,97180,43678,4789,1940],"class_list":["post-571624","post","type-post","status-publish","format-standard","has-post-thumbnail","hentry","category-finanzas","tag-antitabaco","tag-asociacion-nacional-del-pequeno-comerciante","tag-finanzas","tag-ley","tag-tabaco"],"_links":{"self":[{"href":"https:\/\/www.diarioimagen.net\/index.php?rest_route=\/wp\/v2\/posts\/571624","targetHints":{"allow":["GET"]}}],"collection":[{"href":"https:\/\/www.diarioimagen.net\/index.php?rest_route=\/wp\/v2\/posts"}],"about":[{"href":"https:\/\/www.diarioimagen.net\/index.php?rest_route=\/wp\/v2\/types\/post"}],"author":[{"embeddable":true,"href":"https:\/\/www.diarioimagen.net\/index.php?rest_route=\/wp\/v2\/users\/3"}],"replies":[{"embeddable":true,"href":"https:\/\/www.diarioimagen.net\/index.php?rest_route=%2Fwp%2Fv2%2Fcomments&post=571624"}],"version-history":[{"count":0,"href":"https:\/\/www.diarioimagen.net\/index.php?rest_route=\/wp\/v2\/posts\/571624\/revisions"}],"wp:featuredmedia":[{"embeddable":true,"href":"https:\/\/www.diarioimagen.net\/index.php?rest_route=\/wp\/v2\/media\/571666"}],"wp:attachment":[{"href":"https:\/\/www.diarioimagen.net\/index.php?rest_route=%2Fwp%2Fv2%2Fmedia&parent=571624"}],"wp:term":[{"taxonomy":"category","embeddable":true,"href":"https:\/\/www.diarioimagen.net\/index.php?rest_route=%2Fwp%2Fv2%2Fcategories&post=571624"},{"taxonomy":"post_tag","embeddable":true,"href":"https:\/\/www.diarioimagen.net\/index.php?rest_route=%2Fwp%2Fv2%2Ftags&post=571624"}],"curies":[{"name":"wp","href":"https:\/\/api.w.org\/{rel}","templated":true}]}}