{"id":571626,"date":"2023-01-18T00:01:17","date_gmt":"2023-01-18T06:01:17","guid":{"rendered":"https:\/\/www.diarioimagen.net\/?p=571626"},"modified":"2023-01-18T01:51:04","modified_gmt":"2023-01-18T07:51:04","slug":"mexico-impone-arancel-de-50-a-exportaciones-de-maiz-blanco","status":"publish","type":"post","link":"https:\/\/www.diarioimagen.net\/?p=571626","title":{"rendered":"M\u00e9xico impone arancel de 50 por ciento a exportaciones de ma\u00edz blanco"},"content":{"rendered":"<p>&nbsp;<\/p>\n<h3 style=\"text-align: center;\">Para estabilizar precio de la tortilla<\/h3>\n<p><em>\u00a0<\/em><\/p>\n<ul>\n<li><strong><em>Espera el gobierno que con esta medida, el producto se quede en M\u00e9xico<\/em><\/strong><\/li>\n<\/ul>\n<p>&nbsp;<\/p>\n<div id=\"attachment_571664\" style=\"width: 470px\" class=\"wp-caption aligncenter\"><a href=\"https:\/\/www.diarioimagen.net\/?attachment_id=571664\" rel=\"attachment wp-att-571664\"><img loading=\"lazy\" decoding=\"async\" aria-describedby=\"caption-attachment-571664\" class=\"size-full wp-image-571664\" src=\"https:\/\/www.diarioimagen.net\/wp-content\/uploads\/2023\/01\/MAIZ-ARANCEL.jpg\" alt=\"\" width=\"460\" height=\"270\" \/><\/a><p id=\"caption-attachment-571664\" class=\"wp-caption-text\">M\u00e9xico impuso un arancel del 50% a las exportaciones de ma\u00edz blanco, que se utiliza para consumo humano, con el objetivo de estabilizar el precio de la tortilla.<\/p><\/div>\n<p>&nbsp;<\/p>\n<p>A partir de este martes 17 de enero, las exportaciones de ma\u00edz blanco, el que se utiliza para consumo humano, tendr\u00e1n un arancel del 50, esto con el objetivo de mantener ese grano dentro de M\u00e9xico y estabilizar el precio de la tortilla, pues hay estados donde se ubica por arriba de los 25 pesos por kilogramo.<\/p>\n<p>El lunes fue publicado un decreto en el Diario Oficial de la Federaci\u00f3n (DOF), el cual estar\u00e1 vigente hasta el pr\u00f3ximo 30 de junio.<\/p>\n<p>Anteriormente no hab\u00eda arancel a las exportaciones, mientras que las importaciones quedaron libres de impuesto, a\u00f1ade el medio nacional.<\/p>\n<p>\u201cLa oferta y producci\u00f3n de ma\u00edz blanco en nuestro pa\u00eds son factores importantes en la determinaci\u00f3n de su precio y, por tanto, tambi\u00e9n de los diversos productos de consumo elaborados a base del mismo, principalmente la tortilla, para garantizar un abasto suficiente es necesario mantener la producci\u00f3n nacional en nuestro pa\u00eds y asegurar condiciones de mercado que permitan estabilizar su precio\u201d, inform\u00f3 el gobierno.<\/p>\n<p>El gobierno justific\u00f3 la decisi\u00f3n al se\u00f1alar que el Plan Nacional de Desarrollo 2019-2024, dice que una de las tareas centrales del gobierno es establecer una pol\u00edtica de recuperaci\u00f3n salarial, la cual no puede desvincularse del poder adquisitivo, pues en un escenario de alta inflaci\u00f3n, la recuperaci\u00f3n salarial se limita por el incremento de precios.<\/p>\n<p>De esta forma se\u00f1al\u00f3 que de acuerdo con el Panorama Agroalimentario 2021 el ma\u00edz blanco es un producto b\u00e1sico en la alimentaci\u00f3n en M\u00e9xico al ser una fuente importante de energ\u00eda cal\u00f3rica de la dieta de los mexicanos y es el grano de mayor producci\u00f3n con un 89 por ciento en la participaci\u00f3n de la producci\u00f3n nacional de granos y con un consumo anual per c\u00e1pita de 332 kilogramos.<\/p>\n<p>Destac\u00f3 que la oferta y producci\u00f3n de ma\u00edz blanco en M\u00e9xico son factores importantes en la determinaci\u00f3n de su precio y, por tanto, tambi\u00e9n de los diversos productos de consumo elaborados a base del mismo, principalmente la tortilla.<\/p>\n<p>\u201cPara garantizar un abasto suficiente es necesario mantener la producci\u00f3n nacional en nuestro pa\u00eds y asegurar condiciones de mercado que permitan estabilizar su precio\u201d, se\u00f1ala el decreto.<\/p>\n","protected":false},"excerpt":{"rendered":"<p>A partir de este martes 17 de enero, las exportaciones de ma\u00edz blanco, el que se utiliza para consumo humano, tendr\u00e1n un arancel del 50, esto con el objetivo de mantener ese grano dentro de M\u00e9xico y estabilizar el precio de la tortilla, pues hay estados donde se ubica por arriba de los 25 pesos por kilogramo.<\/p>\n","protected":false},"author":3,"featured_media":571664,"comment_status":"open","ping_status":"open","sticky":false,"template":"","format":"standard","meta":{"_monsterinsights_skip_tracking":false,"_monsterinsights_sitenote_active":false,"_monsterinsights_sitenote_note":"","_monsterinsights_sitenote_category":0,"footnotes":""},"categories":[8],"tags":[43678,45614,97182],"class_list":["post-571626","post","type-post","status-publish","format-standard","has-post-thumbnail","hentry","category-finanzas","tag-finanzas","tag-impuesto","tag-maiz-blanco"],"_links":{"self":[{"href":"https:\/\/www.diarioimagen.net\/index.php?rest_route=\/wp\/v2\/posts\/571626","targetHints":{"allow":["GET"]}}],"collection":[{"href":"https:\/\/www.diarioimagen.net\/index.php?rest_route=\/wp\/v2\/posts"}],"about":[{"href":"https:\/\/www.diarioimagen.net\/index.php?rest_route=\/wp\/v2\/types\/post"}],"author":[{"embeddable":true,"href":"https:\/\/www.diarioimagen.net\/index.php?rest_route=\/wp\/v2\/users\/3"}],"replies":[{"embeddable":true,"href":"https:\/\/www.diarioimagen.net\/index.php?rest_route=%2Fwp%2Fv2%2Fcomments&post=571626"}],"version-history":[{"count":0,"href":"https:\/\/www.diarioimagen.net\/index.php?rest_route=\/wp\/v2\/posts\/571626\/revisions"}],"wp:featuredmedia":[{"embeddable":true,"href":"https:\/\/www.diarioimagen.net\/index.php?rest_route=\/wp\/v2\/media\/571664"}],"wp:attachment":[{"href":"https:\/\/www.diarioimagen.net\/index.php?rest_route=%2Fwp%2Fv2%2Fmedia&parent=571626"}],"wp:term":[{"taxonomy":"category","embeddable":true,"href":"https:\/\/www.diarioimagen.net\/index.php?rest_route=%2Fwp%2Fv2%2Fcategories&post=571626"},{"taxonomy":"post_tag","embeddable":true,"href":"https:\/\/www.diarioimagen.net\/index.php?rest_route=%2Fwp%2Fv2%2Ftags&post=571626"}],"curies":[{"name":"wp","href":"https:\/\/api.w.org\/{rel}","templated":true}]}}