{"id":571628,"date":"2023-01-18T00:01:01","date_gmt":"2023-01-18T06:01:01","guid":{"rendered":"https:\/\/www.diarioimagen.net\/?p=571628"},"modified":"2023-01-18T23:29:10","modified_gmt":"2023-01-19T05:29:10","slug":"amlo-los-que-si-usan-el-metro-quieren-a-la-guardia-nacional-en-instalaciones","status":"publish","type":"post","link":"https:\/\/www.diarioimagen.net\/?p=571628","title":{"rendered":"AMLO: los que s\u00ed usan el Metro quieren a la Guardia Nacional en instalaciones"},"content":{"rendered":"<p>&nbsp;<\/p>\n<ul>\n<li><em><strong>La mayor\u00eda de usuarios lo aprueba, seg\u00fan encuesta<\/strong><\/em><\/li>\n<\/ul>\n<p>&nbsp;<\/p>\n<div id=\"attachment_571670\" style=\"width: 470px\" class=\"wp-caption aligncenter\"><a href=\"https:\/\/www.diarioimagen.net\/?attachment_id=571670\" rel=\"attachment wp-att-571670\"><img loading=\"lazy\" decoding=\"async\" aria-describedby=\"caption-attachment-571670\" class=\"size-full wp-image-571670\" src=\"https:\/\/www.diarioimagen.net\/wp-content\/uploads\/2023\/01\/amlo-6.jpg\" alt=\"\" width=\"460\" height=\"270\" \/><\/a><p id=\"caption-attachment-571670\" class=\"wp-caption-text\">Andr\u00e9s Manuel L\u00f3pez Obrador afirm\u00f3 que los que s\u00ed utilizan el Metro est\u00e1n a favor de que la Guardia Nacional vigile las instalaciones del STC.<\/p><\/div>\n<p>&nbsp;<\/p>\n<p>Luego de la pol\u00e9mica desatada por enviar a miles de elementos de la Guardia Nacional para vigilar el Metro de la Ciudad de M\u00e9xico, el presidente Andr\u00e9s Manuel L\u00f3pez Obrador reiter\u00f3 su defensa a la presencia militar en las instalaciones del Sistema de Transporte Colectivo (STC), al se\u00f1alar que los usuarios de la red se manifest\u00f3 a favor.<\/p>\n<p>En su ma\u00f1anera, el mandatario federal narr\u00f3 que en las \u00faltimas semanas se levant\u00f3 un estudio demosc\u00f3pico que abarc\u00f3 4 mil 404 entrevistas donde el 79% aval\u00f3 que la Guardia Nacional tuviera presencia en el Metro, tras los recientes incidentes que se han registrado en diversas l\u00edneas del sistema; el 20.40% estuvo en contra.<\/p>\n<p>\u201cSe hizo una encuesta al d\u00eda siguiente que se tom\u00f3 la decisi\u00f3n \u00bfNo la tienen? (\u2026) miren la encuesta, \u00bfEst\u00e1s de acuerdo o en desacuerdo con la presencia de la Guardia Nacional en el Metro? De acuerdo al 79 por ciento, 4 mil 404 entrevistas.<\/p>\n<p>\u201cLa gente s\u00ed quiere que est\u00e9 la Guardia Nacional en el Metro, los que utilizan el Metro, los que diario utilizan el metro, y es obvio, es l\u00f3gico, imag\u00ednense si es el principal transporte para ir al trabajo y hay un ambiente de inseguridad donde pueden haber accidentes, \u00bfqu\u00e9 es lo que la gente desea?, que haya seguridad\u201d, argument\u00f3.<\/p>\n<p>El 12 de enero, d\u00eda en el que se despleg\u00f3 a los agentes de la Guardia Nacional en el Metro, organizaciones de defensa de los derechos humanos como el Centro de Derechos Humanos Miguel Agust\u00edn Pro Ju\u00e1rez y Amnist\u00eda Internacional, adem\u00e1s de otros activistas y actores pol\u00edticos, condenaron la utilizaci\u00f3n de este cuerpo militar para la seguridad del STC.<\/p>\n<p>Al respecto, L\u00f3pez Obrador se\u00f1al\u00f3 que quienes acusan la militarizaci\u00f3n tienen problemas ideol\u00f3gicos con su proyecto de naci\u00f3n adem\u00e1s de que s\u00f3lo buscan hacer politiquer\u00eda.<\/p>\n<p>\u201cLos que hablan de militarizaci\u00f3n es carga ideol\u00f3gica, o problemas con nosotros o politiquer\u00eda, son millones diariamente, c\u00f3mo van a vivir con zozobra, con miedo, con temor, tenemos que garantizar que haya seguridad, adem\u00e1s, el pueblo es sabio, no le gusta a Sheridan\u201d, critic\u00f3.<\/p>\n<p style=\"text-align: center;\"><strong>Responde a cr\u00edticas por nombramiento en la SSPC<\/strong><\/p>\n<p>En la conferencia, el Presidente tambi\u00e9n calific\u00f3 como \u201cotra cantaleta de los conservadores\u201d el que se\u00f1alen que con la llegada del general Luis Rodr\u00edguez Bucio a la subsecretar\u00eda de Seguridad, y del general David C\u00f3rdova, como comandante de la Guardia Nacional, se da un paso m\u00e1s a la \u201cmilitarizaci\u00f3n\u201d del pa\u00eds.<\/p>\n<p>\u201cEs otra cantaleta de los conservadores y sus voceros, la mayor\u00eda de los medios de informaci\u00f3n\u201d, se\u00f1al\u00f3 el presidente L\u00f3pez Obrador. L\u00f3pez Obrador tambi\u00e9n fustig\u00f3 que esas cr\u00edticas son de quienes mediante campa\u00f1as de desprestigio, guerra sucia, van socavando a quienes consideran adversarios y quienes no se rinden.<\/p>\n<p>\u201cAs\u00ed est\u00e1 desgraciadamente el pa\u00eds y el mundo, lo importante en M\u00e9xico es que la gente est\u00e1 muy consciente, muy politizada, muy avispada, muy despierta, ya no se deja manipular, ya sabe bien, quienes son los voceros de la oligarqu\u00eda que domin\u00f3 M\u00e9xico durante mucho tiempo\u201d, expres\u00f3 L\u00f3pez Obrador.<\/p>\n<p style=\"text-align: center;\"><strong>AMLO arremete contra el TEPJF por sancionar<br \/>\nuso de mu\u00f1ecos \u2018amlitos\u2019 en campa\u00f1as <\/strong><\/p>\n<p>En otro tema, Manuel L\u00f3pez Obrador arremeti\u00f3 nuevamente contra el Tribunal Electoral del Poder Judicial de la Federaci\u00f3n (TEPJF), luego que la Sala Regional Especializada determin\u00f3 sancionar a Morena por utilizar \u201camlitos\u201d, la imagen caricaturizada del Presidente para promover candidaturas en el pasado proceso electoral donde se renovaron seis gubernaturas.<\/p>\n<p>Tambi\u00e9n,\u00a0 L\u00f3pez Obrador critic\u00f3 que las autoridades electorales emitan sanciones contra las \u201ccorcholatas\u201d y lo atribuy\u00f3 a la desesperaci\u00f3n de la oposici\u00f3n y su influencia en el Instituto Nacional Electoral (INE) y el Tribunal electoral.<\/p>\n<p>\u201cEs obvio porque los del bloque conservador est\u00e1n muy nerviosos y tienen mucha influencia en el Instituto Nacional Electoral y en el Tribunal electoral. Imag\u00ednense que el tribunal electoral prohibi\u00f3 los mu\u00f1equitos de \u2018ya saben qui\u00e9n\u2019, de caricatura. El Tribunal electoral prohibiendo los mu\u00f1equitos de \u2018ya saben qui\u00e9n\u2019.<\/p>\n<p>\u201cHay de muchos estilos, esos son de un caricaturista que no voy a mencionar porque lo voy a perjudicar, pero estos ya son de dominio p\u00fablico, ya los prohibieron, as\u00ed te contesto.<\/p>\n<p>\u201cMuestran el cobre, nos ayudan, son buenos promotores de la transformaci\u00f3n, le tenemos que agradecer porque llegar a estos extremos, entonces no me extra\u00f1a nada pero vamos a seguir adelante enfrent\u00e1ndolos\u201d, fustig\u00f3 el mandatario federal.<\/p>\n<p>El pasado 11 de enero, la Sala Superior del TEPJF confirm\u00f3, por mayor\u00eda de votos, la resoluci\u00f3n dictada por la Sala Regional Especializada mediante la cual sancion\u00f3 a Morena por utilizar en su propaganda la caricatura del presidente de la Rep\u00fablica, con lo que vulner\u00f3 los principios constitucionales de neutralidad y equidad en la contienda.<\/p>\n","protected":false},"excerpt":{"rendered":"<p>Luego de la pol\u00e9mica desatada por enviar a miles de elementos de la Guardia Nacional para vigilar el Metro de la Ciudad de M\u00e9xico, el presidente Andr\u00e9s Manuel L\u00f3pez Obrador reiter\u00f3 su defensa a la presencia militar en las instalaciones del Sistema de Transporte Colectivo (STC), al se\u00f1alar que los usuarios de la red se manifest\u00f3 a favor.<\/p>\n","protected":false},"author":3,"featured_media":571670,"comment_status":"open","ping_status":"open","sticky":false,"template":"","format":"standard","meta":{"_monsterinsights_skip_tracking":false,"_monsterinsights_sitenote_active":false,"_monsterinsights_sitenote_note":"","_monsterinsights_sitenote_category":0,"footnotes":""},"categories":[3],"tags":[2545,4160,163],"class_list":["post-571628","post","type-post","status-publish","format-standard","has-post-thumbnail","hentry","category-nacional","tag-amlo","tag-guardia-nacional","tag-metro"],"_links":{"self":[{"href":"https:\/\/www.diarioimagen.net\/index.php?rest_route=\/wp\/v2\/posts\/571628","targetHints":{"allow":["GET"]}}],"collection":[{"href":"https:\/\/www.diarioimagen.net\/index.php?rest_route=\/wp\/v2\/posts"}],"about":[{"href":"https:\/\/www.diarioimagen.net\/index.php?rest_route=\/wp\/v2\/types\/post"}],"author":[{"embeddable":true,"href":"https:\/\/www.diarioimagen.net\/index.php?rest_route=\/wp\/v2\/users\/3"}],"replies":[{"embeddable":true,"href":"https:\/\/www.diarioimagen.net\/index.php?rest_route=%2Fwp%2Fv2%2Fcomments&post=571628"}],"version-history":[{"count":0,"href":"https:\/\/www.diarioimagen.net\/index.php?rest_route=\/wp\/v2\/posts\/571628\/revisions"}],"wp:featuredmedia":[{"embeddable":true,"href":"https:\/\/www.diarioimagen.net\/index.php?rest_route=\/wp\/v2\/media\/571670"}],"wp:attachment":[{"href":"https:\/\/www.diarioimagen.net\/index.php?rest_route=%2Fwp%2Fv2%2Fmedia&parent=571628"}],"wp:term":[{"taxonomy":"category","embeddable":true,"href":"https:\/\/www.diarioimagen.net\/index.php?rest_route=%2Fwp%2Fv2%2Fcategories&post=571628"},{"taxonomy":"post_tag","embeddable":true,"href":"https:\/\/www.diarioimagen.net\/index.php?rest_route=%2Fwp%2Fv2%2Ftags&post=571628"}],"curies":[{"name":"wp","href":"https:\/\/api.w.org\/{rel}","templated":true}]}}