{"id":571643,"date":"2023-01-18T00:33:29","date_gmt":"2023-01-18T06:33:29","guid":{"rendered":"https:\/\/www.diarioimagen.net\/?p=571643"},"modified":"2023-01-18T02:09:53","modified_gmt":"2023-01-18T08:09:53","slug":"habra-cuarteles-de-la-guardia-nacional-en-ruta-del-tren-maya","status":"publish","type":"post","link":"https:\/\/www.diarioimagen.net\/?p=571643","title":{"rendered":"Habr\u00e1 cuarteles de la Guardia Nacional en ruta del Tren Maya"},"content":{"rendered":"<p>&nbsp;<\/p>\n<h3 style=\"text-align: center;\">Para velar por la seguridad de usuarios<\/h3>\n<p>&nbsp;<\/p>\n<ul>\n<li><strong><em>Enviar\u00e1n militares a talleres, estaciones y zonas arqueol\u00f3gicas cercanas<\/em><\/strong><\/li>\n<\/ul>\n<p><strong>\u00a0<\/strong><\/p>\n<div id=\"attachment_571681\" style=\"width: 470px\" class=\"wp-caption aligncenter\"><a href=\"https:\/\/www.diarioimagen.net\/?attachment_id=571681\" rel=\"attachment wp-att-571681\"><img loading=\"lazy\" decoding=\"async\" aria-describedby=\"caption-attachment-571681\" class=\"size-full wp-image-571681\" src=\"https:\/\/www.diarioimagen.net\/wp-content\/uploads\/2023\/01\/TREN-01.jpg\" alt=\"\" width=\"460\" height=\"270\" \/><\/a><p id=\"caption-attachment-571681\" class=\"wp-caption-text\">Confirman la construcci\u00f3n de bases militares a lo largo de toda la ruta del Tren Maya.<\/p><\/div>\n<p>&nbsp;<\/p>\n<p>Recientemente se dispuso de la presencia de elementos de la Guardia Nacional para reforzar la seguridad de las instalaciones del Metro en la Ciudad de M\u00e9xico, esto luego de los lamentables incidentes ocurridos en una de sus l\u00edneas, donde una joven estudiante perdi\u00f3 la vida; ahora, se ha dado a conocer que tambi\u00e9n se har\u00e1n cargo de la seguridad del Tren Maya, en coordinaci\u00f3n con militares de la Fuerza A\u00e9rea Mexicana.<\/p>\n<p>Luis Cresencio Sandoval, secretario de la Defensa Nacional, confirm\u00f3 que los elementos de la Guardia Nacional vigilar\u00e1n las estaciones, terminales y vagones del Tren Maya, es decir, que los efectivos tendr\u00e1n presencia a lo largo de los mil 554 kil\u00f3metros de v\u00eda f\u00e9rrea en coordinaci\u00f3n con los de la Fuerza A\u00e9rea Mexicana, de tal manera que se edificar\u00e1n instalaciones castrenses a lo largo de toda la ruta para albergar al personal militar.<\/p>\n<p>\u201cLa Guardia Nacional estar\u00e1 presente en estaciones, terminales, zonas arqueol\u00f3gicas, talleres, cocheras y toda la infraestructura que integra este gran proyecto; para ello se van a crear unidades\/batallones de seguridad ferroviaria y otra unidad de batall\u00f3n tur\u00edstico para dar seguridad en zonas arqueol\u00f3gicas\u201d, declar\u00f3 el secretario de Defensa, desde Palacio Nacional<\/p>\n<p>Asimismo, reitera que \u201cse van a construir instalaciones de la Guardia Nacional en toda la ruta del Tren para este personal y tambi\u00e9n personal de la Guardia participar\u00e1 a bordo de los trenes para generar condiciones de seguridad durante el movimiento de ellos\u201d.<\/p>\n<p>Sandoval agreg\u00f3 que el Tren Maya ser\u00e1 vigilado no s\u00f3lo por tierra, sino tambi\u00e9n por aire con apoyo de helic\u00f3pteros de la Fuerza A\u00e9rea Mexicana, que antes eran utilizados para el traslado de funcionarios y que se intentaron vender al igual que el Avi\u00f3n Presidencial, pero sin \u00e9xito.<\/p>\n<p>Los helic\u00f3pteros estar\u00e1n en bases a\u00e9reas, algunas que ya est\u00e1n construidas, ubicadas en Palenque, Chetumal, Tulum y M\u00e9rida<\/p>\n<p>Ser\u00e1n un total de 5 mil elementos de la Guardia Nacional los que cuidar\u00e1n de las instalaciones del Tren Maya, mil menos que los desplegados en el Metro de la Ciudad de M\u00e9xico seg\u00fan informaci\u00f3n de las autoridades.<\/p>\n<p style=\"text-align: center;\"><strong>Demandar\u00e1n m\u00e1s de 10 mil empleos <\/strong><\/p>\n<p>El ex dirigente del Instituto Tabasque\u00f1o del Petr\u00f3leo y Desarrollo Sustentable (ITPyDS), Jos\u00e9 Manuel Beaurregard Sol\u00eds, declar\u00f3 que existir\u00e1 una demanda de por lo menos 10 mil trabajadores en las empresas que operar\u00e1n los proyectos de Refiner\u00eda de Dos Bocas, Tren Maya y para la exploraci\u00f3n en los campos terrestres ubicados en Tabasco.<\/p>\n<p>\u201cPara cubrir la demanda de recurso humano, la mano de obra tiene que ser calificada, el trabajador debe contar con estudios t\u00e9cnicos, de nivel profesional, o estar certificado en su categor\u00eda\u201d, asever\u00f3.<\/p>\n<p>Asimismo destaca que \u201cLas empresas que operar\u00e1n los nuevos campos terrestres en el estado ya van a empezar a demandar mano de obra capacitada en diferentes \u00e1reas, y para la contrataci\u00f3n tomar\u00e1n en cuenta personal debidamente capacitado y en el caso de aquellos que no tienen un profesi\u00f3n pero cuentan con conocimientos en el \u00e1rea de construcci\u00f3n, operaci\u00f3n y mantenimiento principalmente deben de estar certificados\u201d.<\/p>\n<p>Para cubrir la demanda de empleo, dijo que \u201cel estado ya cuenta con organismos que permiten a los buscadores de trabajo profesionalizarse, ofreciendo cursos y talleres de conocimiento en el sector petrolero\u201d.<\/p>\n<p>Actualmente, tanto el ITPyDS, como la C\u00e1mara Mexicana de la Industria de la Construcci\u00f3n (CMIC), ofrecen programas de formaci\u00f3n que permite a los estudiantes y profesionistas en carreras afines al sector petrolero, mejorar sus conocimientos y especializarse en \u00e1reas espec\u00edficas.<\/p>\n<p>Adelantaron que, durante el primer trimestre del a\u00f1o, se retomar\u00e1n los cursos de capacitaci\u00f3n en temas como: Seguridad Industrial, Signatario, Rig Pass, Verificador de Gas, Plan de Respuesta a Emergencias (PRE), \u00c1cido Sulfh\u00eddrico (H2S) y primeros auxilios, cursos que ser\u00e1n impartidos por personal del Instituto Tabasque\u00f1o del Petr\u00f3leo y personal del Grupo Capacita.<\/p>\n<p>\u201cLos cursos estar\u00e1n disponibles, para los buscadores de empleo que est\u00e9n interesados en formar parte de la plantilla de trabajadores de las empresas que operar\u00e1n en la entidad, las cuales nos notificar\u00e1n de sus vacantes y promoveremos entre los que cuenten con los requisitos\u201d, dijo Beaurregard Sol\u00eds.<\/p>\n<p>Por su parte, Oscar Omar Orta, gerente comercial regional de Manpower Group, coincidi\u00f3 en que la puesta en marcha de la Refiner\u00eda Olmeca y la construcci\u00f3n del Tren Maya, seguir\u00e1 detonando la generaci\u00f3n de empleos en el sureste del pa\u00eds.<\/p>\n","protected":false},"excerpt":{"rendered":"<p>Recientemente se dispuso de la presencia de elementos de la Guardia Nacional para reforzar la seguridad de las instalaciones del Metro en la Ciudad de M\u00e9xico, esto luego de los lamentables incidentes ocurridos en una de sus l\u00edneas, donde una joven estudiante perdi\u00f3 la vida; ahora, se ha dado a conocer que tambi\u00e9n se har\u00e1n cargo de la seguridad del Tren Maya, en coordinaci\u00f3n con militares de la Fuerza A\u00e9rea Mexicana.<\/p>\n","protected":false},"author":3,"featured_media":571681,"comment_status":"open","ping_status":"open","sticky":false,"template":"","format":"standard","meta":{"_monsterinsights_skip_tracking":false,"_monsterinsights_sitenote_active":false,"_monsterinsights_sitenote_note":"","_monsterinsights_sitenote_category":0,"footnotes":""},"categories":[7],"tags":[4160,71288,76415],"class_list":["post-571643","post","type-post","status-publish","format-standard","has-post-thumbnail","hentry","category-seguridad","tag-guardia-nacional","tag-ruta","tag-tren-maya"],"_links":{"self":[{"href":"https:\/\/www.diarioimagen.net\/index.php?rest_route=\/wp\/v2\/posts\/571643","targetHints":{"allow":["GET"]}}],"collection":[{"href":"https:\/\/www.diarioimagen.net\/index.php?rest_route=\/wp\/v2\/posts"}],"about":[{"href":"https:\/\/www.diarioimagen.net\/index.php?rest_route=\/wp\/v2\/types\/post"}],"author":[{"embeddable":true,"href":"https:\/\/www.diarioimagen.net\/index.php?rest_route=\/wp\/v2\/users\/3"}],"replies":[{"embeddable":true,"href":"https:\/\/www.diarioimagen.net\/index.php?rest_route=%2Fwp%2Fv2%2Fcomments&post=571643"}],"version-history":[{"count":0,"href":"https:\/\/www.diarioimagen.net\/index.php?rest_route=\/wp\/v2\/posts\/571643\/revisions"}],"wp:featuredmedia":[{"embeddable":true,"href":"https:\/\/www.diarioimagen.net\/index.php?rest_route=\/wp\/v2\/media\/571681"}],"wp:attachment":[{"href":"https:\/\/www.diarioimagen.net\/index.php?rest_route=%2Fwp%2Fv2%2Fmedia&parent=571643"}],"wp:term":[{"taxonomy":"category","embeddable":true,"href":"https:\/\/www.diarioimagen.net\/index.php?rest_route=%2Fwp%2Fv2%2Fcategories&post=571643"},{"taxonomy":"post_tag","embeddable":true,"href":"https:\/\/www.diarioimagen.net\/index.php?rest_route=%2Fwp%2Fv2%2Ftags&post=571643"}],"curies":[{"name":"wp","href":"https:\/\/api.w.org\/{rel}","templated":true}]}}