{"id":571706,"date":"2023-01-19T00:05:36","date_gmt":"2023-01-19T06:05:36","guid":{"rendered":"https:\/\/www.diarioimagen.net\/?p=571706"},"modified":"2023-01-20T01:57:38","modified_gmt":"2023-01-20T07:57:38","slug":"imprescindible-la-participacion-del-planificador-territorial-en-las-politicas-publicas","status":"publish","type":"post","link":"https:\/\/www.diarioimagen.net\/?p=571706","title":{"rendered":"Imprescindible la participaci\u00f3n del planificador territorial en las pol\u00edticas p\u00fablicas"},"content":{"rendered":"<p><em>\u00a0<\/em><\/p>\n<ul>\n<li><strong><em>La UAEM\u00e9x a trav\u00e9s de la FAPUR oferta, desde hace 36 a\u00f1os, la licenciatura en Planeaci\u00f3n Territorial<\/em><\/strong><\/li>\n<\/ul>\n<p><strong>\u00a0<\/strong><\/p>\n<div id=\"attachment_571765\" style=\"width: 470px\" class=\"wp-caption aligncenter\"><a href=\"https:\/\/www.diarioimagen.net\/?attachment_id=571765\" rel=\"attachment wp-att-571765\"><img loading=\"lazy\" decoding=\"async\" aria-describedby=\"caption-attachment-571765\" class=\"size-full wp-image-571765\" src=\"https:\/\/www.diarioimagen.net\/wp-content\/uploads\/2023\/01\/uaem-participacion.jpg\" alt=\"\" width=\"460\" height=\"270\" \/><\/a><p id=\"caption-attachment-571765\" class=\"wp-caption-text\">La formaci\u00f3n de los planificadores territoriales les permite generar propuestas de soluci\u00f3n ante problem\u00e1ticas como la movilidad urbana, fen\u00f3menos migratorios, necesidad de vivienda, entre otros.<\/p><\/div>\n<p>&nbsp;<\/p>\n<p><strong>Toluca, Estado de M\u00e9xico.\u2013<\/strong> Ante los retos que enfrentan las zonas urbanas y rurales por fen\u00f3menos migratorios, el crecimiento poblacional y el envejecimiento de la misma, altos \u00edndices de contaminaci\u00f3n, entre otros, la participaci\u00f3n de los planificadores territoriales es imprescindible para una exitosa implementaci\u00f3n de pol\u00edticas p\u00fablicas en la materia, afirm\u00f3 la coordinadora de la licenciatura en Planeaci\u00f3n Territorial de la Facultad de Planeaci\u00f3n Urbana Regional (FAPUR) de la Universidad Aut\u00f3noma del Estado de M\u00e9xico (UAEM\u00e9x), Erle Garc\u00eda Estrada.<\/p>\n<p>La universitaria explic\u00f3 que los egresados de la licenciatura en Planeaci\u00f3n Territorial cuentan con una formaci\u00f3n que les permite atender la problem\u00e1tica territorial en relaci\u00f3n a estructura urbana, infraestructura, equipamiento, imagen urbana, movilidad urbana, vivienda, servicios b\u00e1sicos, incluso, marco jur\u00eddico en materia territorial y ambiental.<\/p>\n<p>En ese sentido, Garc\u00eda Estrada indic\u00f3 que la participaci\u00f3n de los planificadores en la administraci\u00f3n p\u00fablica local o nacional impacta en que una pol\u00edtica p\u00fablica tenga el \u00e9xito deseado.<\/p>\n<p>\u201cUn planificador territorial puede hacer la diferencia en la implementaci\u00f3n de estrategias y pol\u00edticas p\u00fablicas, porque, por ejemplo, ya saben c\u00f3mo y de d\u00f3nde se baja un recurso y no solo el p\u00fablico de car\u00e1cter federal o estatal, sino tambi\u00e9n de aquellos que otorgan organizaciones como la ONU, la CEPAL que est\u00e1n bajando a trav\u00e9s de los ODS estrategias con presupuesto millonario para poder implementarlas en un proyecto urbano que impacte a la sociedad\u201d, detall\u00f3.<\/p>\n<p>Garc\u00eda Estrada refiri\u00f3 que la UAEM\u00e9x a trav\u00e9s de FAPUR oferta la licenciatura cuyo plan de estudios forma a egresados que proponen soluciones a las exigencias actuales y futuras de un entorno; adem\u00e1s, se insertan a escenarios reales a trav\u00e9s del servicio social y pr\u00e1cticas profesionales o la movilidad estudiantil de car\u00e1cter nacional e internacional.<\/p>\n<p>\u201cPor ejemplo, el tr\u00e1fico de la ciudad de Toluca ha ido aumentando con el paso del tiempo, entonces la labor del planificador territorial, que tiene una perspectiva multidisciplinaria, tiene el conocimiento para crear una estrategia, una pol\u00edtica p\u00fablica que pueda plantear c\u00f3mo mejorar la movilidad tanto del transe\u00fante como del conductor, o c\u00f3mo mejorar esa ruta de transporte para hacer menos tiempo en el trayecto\u201d, dijo.<\/p>\n<p>La coordinadora de la licenciatura en Planeaci\u00f3n Territorial invit\u00f3 a todos los estudiantes de nivel medio superior que gusten del trabajo en equipo, tengan facilidad en el rubro de comunicaci\u00f3n y lenguaje, las matem\u00e1ticas y la curiosidad por solucionar problemas a que acudan al organismo acad\u00e9mico para conocer de cerca cu\u00e1l es la funci\u00f3n del planificador territorial en la administraci\u00f3n p\u00fablica, el sector privado y la investigaci\u00f3n.<\/p>\n<p>La licenciatura en Planeaci\u00f3n Territorial se imparte en la UAEM\u00e9x desde hace 36 a\u00f1os, surgi\u00f3 por la necesidad de desarrollar estrategias que permitan mejorar la calidad de vida de las personas ante fen\u00f3menos y problem\u00e1ticas que acontec\u00edan y siguen vigentes en el territorio nacional.<\/p>\n","protected":false},"excerpt":{"rendered":"<p>Ante los retos que enfrentan las zonas urbanas y rurales por fen\u00f3menos migratorios, el crecimiento poblacional y el envejecimiento de la misma, altos \u00edndices de contaminaci\u00f3n, entre otros, la participaci\u00f3n de los planificadores territoriales es imprescindible para una exitosa implementaci\u00f3n de pol\u00edticas p\u00fablicas en la materia, afirm\u00f3 la coordinadora de la licenciatura en Planeaci\u00f3n Territorial de la Facultad de Planeaci\u00f3n Urbana Regional (FAPUR) de la Universidad Aut\u00f3noma del Estado de M\u00e9xico (UAEM\u00e9x), Erle Garc\u00eda Estrada.<\/p>\n","protected":false},"author":3,"featured_media":571765,"comment_status":"open","ping_status":"open","sticky":false,"template":"","format":"standard","meta":{"_monsterinsights_skip_tracking":false,"_monsterinsights_sitenote_active":false,"_monsterinsights_sitenote_note":"","_monsterinsights_sitenote_category":0,"footnotes":""},"categories":[5],"tags":[43675,452],"class_list":["post-571706","post","type-post","status-publish","format-standard","has-post-thumbnail","hentry","category-estado-de-mexico","tag-estado-de-mexico","tag-toluca"],"_links":{"self":[{"href":"https:\/\/www.diarioimagen.net\/index.php?rest_route=\/wp\/v2\/posts\/571706","targetHints":{"allow":["GET"]}}],"collection":[{"href":"https:\/\/www.diarioimagen.net\/index.php?rest_route=\/wp\/v2\/posts"}],"about":[{"href":"https:\/\/www.diarioimagen.net\/index.php?rest_route=\/wp\/v2\/types\/post"}],"author":[{"embeddable":true,"href":"https:\/\/www.diarioimagen.net\/index.php?rest_route=\/wp\/v2\/users\/3"}],"replies":[{"embeddable":true,"href":"https:\/\/www.diarioimagen.net\/index.php?rest_route=%2Fwp%2Fv2%2Fcomments&post=571706"}],"version-history":[{"count":0,"href":"https:\/\/www.diarioimagen.net\/index.php?rest_route=\/wp\/v2\/posts\/571706\/revisions"}],"wp:featuredmedia":[{"embeddable":true,"href":"https:\/\/www.diarioimagen.net\/index.php?rest_route=\/wp\/v2\/media\/571765"}],"wp:attachment":[{"href":"https:\/\/www.diarioimagen.net\/index.php?rest_route=%2Fwp%2Fv2%2Fmedia&parent=571706"}],"wp:term":[{"taxonomy":"category","embeddable":true,"href":"https:\/\/www.diarioimagen.net\/index.php?rest_route=%2Fwp%2Fv2%2Fcategories&post=571706"},{"taxonomy":"post_tag","embeddable":true,"href":"https:\/\/www.diarioimagen.net\/index.php?rest_route=%2Fwp%2Fv2%2Ftags&post=571706"}],"curies":[{"name":"wp","href":"https:\/\/api.w.org\/{rel}","templated":true}]}}