{"id":571714,"date":"2023-01-19T00:06:05","date_gmt":"2023-01-19T06:06:05","guid":{"rendered":"https:\/\/www.diarioimagen.net\/?p=571714"},"modified":"2023-01-20T01:57:56","modified_gmt":"2023-01-20T07:57:56","slug":"todas-y-todos-tenemos-derecho-a-una-educacion-libre-de-violencia-de-genero-estefania-licea","status":"publish","type":"post","link":"https:\/\/www.diarioimagen.net\/?p=571714","title":{"rendered":"Todas y todos tenemos derecho a una educaci\u00f3n libre de violencia de g\u00e9nero: Estefan\u00eda Licea"},"content":{"rendered":"<p>&nbsp;<\/p>\n<div id=\"attachment_571763\" style=\"width: 470px\" class=\"wp-caption aligncenter\"><a href=\"https:\/\/www.diarioimagen.net\/?attachment_id=571763\" rel=\"attachment wp-att-571763\"><img loading=\"lazy\" decoding=\"async\" aria-describedby=\"caption-attachment-571763\" class=\"size-full wp-image-571763\" src=\"https:\/\/www.diarioimagen.net\/wp-content\/uploads\/2023\/01\/uaem-todas-todos.jpg\" alt=\"\" width=\"460\" height=\"270\" \/><\/a><p id=\"caption-attachment-571763\" class=\"wp-caption-text\">La egresada de la Maestr\u00eda en G\u00e9nero, Sociedad y Pol\u00edticas P\u00fablicas de la UAEM\u00e9x expuso que es necesario hacer un trabajo de sensibilizaci\u00f3n y concientizaci\u00f3n para generar redes de apoyo, ya que de esta manera se puede erradicar y nombrar este tipo de conductas.<\/p><\/div>\n<p>&nbsp;<\/p>\n<p><strong>Toluca, Estado de M\u00e9xico.\u2013\u00a0 <\/strong>Todas y todos tenemos derecho a tener una educaci\u00f3n libre de violencia, por ello es necesario visibilizar conductas que fomenten la violencia de g\u00e9nero, que han sido normalizadas y, por lo tanto, frenarlas, mencion\u00f3 Monserrat Estefan\u00eda Palma Licea, maestra en G\u00e9nero, Sociedad y Pol\u00edticas P\u00fablicas de la Universidad Aut\u00f3noma del Estado de M\u00e9xico (UAEM\u00e9x).<\/p>\n<p>Palma Licea enfatiz\u00f3 que ante la llegada del movimiento Me Too a M\u00e9xico, el cual fue replicado por las escuelas superiores de todo el pa\u00eds, se comenz\u00f3 a visibilizar que el hostigamiento sexual es una conducta que demerita el desarrollo de las mujeres y su profesionalizaci\u00f3n en todos los \u00e1mbitos educativos.<\/p>\n<p>\u201cDentro de las denuncias m\u00e1s presentadas por las alumnas en los tendederos se encontr\u00f3 que la gran mayor\u00eda fueron hostigadas por sus docentes, que hac\u00edan comentarios como \u2018las mujeres no deber\u00edan estar aqu\u00ed\u2019, o que hac\u00edan chistes con contenido sexual o contenido machista, lo que no favorece un ambiente educativo sano\u201d, abund\u00f3.<\/p>\n<p>A diferencia del acoso sexual -donde no existe una l\u00ednea de poder entre la v\u00edctima y el victimario-, el hostigamiento sexual se puede dar en tres niveles diferentes; el primero es de forma verbal, a trav\u00e9s de piropos o comentarios sobre el cuerpo de la persona; el segundo nivel se propicia cuando comienzan a existir interacciones v\u00eda redes sociales o invitaciones a salir de manera insistente o constante y, finalmente, se manifiesta a trav\u00e9s del contacto f\u00edsico no consensuado.<\/p>\n<p>Estafan\u00eda Licea explic\u00f3 que es importante visibilizar el hostigamiento sexual y para atender este tipo de violencia dentro de las escuelas. Palma Licea expuso que es necesario hacer un trabajo de sensibilizaci\u00f3n y concientizaci\u00f3n para generar redes de apoyo, ya que de esta manera se puede erradicar y nombrar este tipo de conductas, ya que esto permite al estudiantado recibir una educaci\u00f3n libre de violencia y fomenta espacios acad\u00e9micos mucho m\u00e1s seguros.<\/p>\n<p>Estefan\u00eda Licea coment\u00f3 que uno de los retos m\u00e1s dif\u00edciles que se tienen al investigar temas de violencia de g\u00e9nero, espec\u00edficamente el hostigamiento sexual, es la resistencia que a\u00fan existe entre las y los docentes para aceptar que existen dentro de sus espacios estos tipos de violencia y que es necesario deconstruirlos.<\/p>\n<p>Por ello, invit\u00f3 al estudiantado a realizar investigaci\u00f3n en materia de g\u00e9nero, ya que al ser un campo muy vasto y en expansi\u00f3n, a\u00fan hay demasiadas cosas por aprender y todas las investigaciones suman a generar espacios m\u00e1s seguros en todos los aspectos sociales.<\/p>\n","protected":false},"excerpt":{"rendered":"<p>Todas y todos tenemos derecho a tener una educaci\u00f3n libre de violencia, por ello es necesario visibilizar conductas que fomenten la violencia de g\u00e9nero, que han sido normalizadas y, por lo tanto, frenarlas, mencion\u00f3 Monserrat Estefan\u00eda Palma Licea, maestra en G\u00e9nero, Sociedad y Pol\u00edticas P\u00fablicas de la Universidad Aut\u00f3noma del Estado de M\u00e9xico (UAEM\u00e9x).<\/p>\n","protected":false},"author":3,"featured_media":571763,"comment_status":"open","ping_status":"open","sticky":false,"template":"","format":"standard","meta":{"_monsterinsights_skip_tracking":false,"_monsterinsights_sitenote_active":false,"_monsterinsights_sitenote_note":"","_monsterinsights_sitenote_category":0,"footnotes":""},"categories":[5],"tags":[43694,43675,452,5066],"class_list":["post-571714","post","type-post","status-publish","format-standard","has-post-thumbnail","hentry","category-estado-de-mexico","tag-educacion","tag-estado-de-mexico","tag-toluca","tag-violencia"],"_links":{"self":[{"href":"https:\/\/www.diarioimagen.net\/index.php?rest_route=\/wp\/v2\/posts\/571714","targetHints":{"allow":["GET"]}}],"collection":[{"href":"https:\/\/www.diarioimagen.net\/index.php?rest_route=\/wp\/v2\/posts"}],"about":[{"href":"https:\/\/www.diarioimagen.net\/index.php?rest_route=\/wp\/v2\/types\/post"}],"author":[{"embeddable":true,"href":"https:\/\/www.diarioimagen.net\/index.php?rest_route=\/wp\/v2\/users\/3"}],"replies":[{"embeddable":true,"href":"https:\/\/www.diarioimagen.net\/index.php?rest_route=%2Fwp%2Fv2%2Fcomments&post=571714"}],"version-history":[{"count":0,"href":"https:\/\/www.diarioimagen.net\/index.php?rest_route=\/wp\/v2\/posts\/571714\/revisions"}],"wp:featuredmedia":[{"embeddable":true,"href":"https:\/\/www.diarioimagen.net\/index.php?rest_route=\/wp\/v2\/media\/571763"}],"wp:attachment":[{"href":"https:\/\/www.diarioimagen.net\/index.php?rest_route=%2Fwp%2Fv2%2Fmedia&parent=571714"}],"wp:term":[{"taxonomy":"category","embeddable":true,"href":"https:\/\/www.diarioimagen.net\/index.php?rest_route=%2Fwp%2Fv2%2Fcategories&post=571714"},{"taxonomy":"post_tag","embeddable":true,"href":"https:\/\/www.diarioimagen.net\/index.php?rest_route=%2Fwp%2Fv2%2Ftags&post=571714"}],"curies":[{"name":"wp","href":"https:\/\/api.w.org\/{rel}","templated":true}]}}