{"id":571758,"date":"2023-01-19T00:09:37","date_gmt":"2023-01-19T06:09:37","guid":{"rendered":"https:\/\/www.diarioimagen.net\/?p=571758"},"modified":"2023-01-19T00:55:28","modified_gmt":"2023-01-19T06:55:28","slug":"si-la-corte-no-quiere","status":"publish","type":"post","link":"https:\/\/www.diarioimagen.net\/?p=571758","title":{"rendered":"Si la Corte no quiere\u2026"},"content":{"rendered":"<h2>Se comenta s\u00f3lo con\u2026<\/h2>\n<h5>Carlos Ramos Padilla*<\/h5>\n<p>&nbsp;<\/p>\n<p>Esto es tener claridad, autoridad y clase. La Instituci\u00f3n Nacional para la Celebraci\u00f3n del D\u00eda del Abogado A.C. (INCDA) ha declarado formalmente en relaci\u00f3n a Yasm\u00edn Esquivel que \u201ces menester que la Universidad Nacional Aut\u00f3noma de M\u00e9xico act\u00fae en consecuencia y dictamine la invalidez de un t\u00edtulo fundado en un plagio. La UNAM tiene potestad absoluta, tanto para otorgar t\u00edtulos como para invalidarlos\u2026\u201d m\u00e1s adelante recuerda al art\u00edculo 95 constitucional que recalca los requisitos para ser ministro de la Corte y dice: \u201cGozar de buena reputaci\u00f3n y no haber sido condenado por delito que amerite pena corporal de m\u00e1s de un a\u00f1o de prisi\u00f3n, pero si tratare de robo, fraude, falsificaci\u00f3n, abuso de confianza y otro que lastime seriamente la buena fama en el concepto p\u00fablico, inhabilitar\u00e1 para el cargo, cualquiera que haya sido la pena\u201d, as\u00ed como es tambi\u00e9n requisito indispensable la titulaci\u00f3n legal, por lo que la ministra Esquivel deb\u00eda haber renunciado ya a su encargo a la\u00a0Suprema Corte.<\/p>\n<p>Y la INCDA llega m\u00e1s lejos: \u201cSe entreg\u00f3 un diploma y reconocimiento de honor a la ministra Yasm\u00edn Esquivel Mossa, entonces Presidenta del Tribunal Contencioso Administrativo del Distrito Federal, creemos tener el deber como honorable Instituci\u00f3n de la sociedad civil de revocar el reconocimiento oficial entregado, ya que no hay duda de que la tesis por la que obtuvo el t\u00edtulo que la ostenta fue plagiada y deja en evidencia la ausencia del Estado de Derecho en nuestro pa\u00eds, as\u00ed como el civismo de quienes representan a nuestras instituciones p\u00fablicas\u201d.<\/p>\n<p>No hay l\u00ednea que deje fuera el prestigio de la Instituci\u00f3n Nacional para la Celebraci\u00f3n del D\u00eda del Abogado AC que convida a lo m\u00e1s granado del \u00e1mbito legal.<\/p>\n<p>Las firmas y personajes sumados a esta instituci\u00f3n han dado muestra clara de que s\u00ed tienen la moral y limpieza suficiente para presumir su carrera impecable sin enga\u00f1os ni trampas, por ello se manifiestan contundentes en su comunicado. Presentan m\u00e1s defensa de la naci\u00f3n, del Estado de Derecho y de la Naci\u00f3n que la propia Suprema Corte de Justicia.<\/p>\n<p><a href=\"https:\/\/twitter.com\/cramospadilla?ref_src=twsrc%5Egoogle%7Ctwcamp%5Eserp%7Ctwgr%5Eauthor\" target=\"_blank\" rel=\"noopener\"><em>@cramospadilla<\/em><\/a><\/p>\n<blockquote><p><em>* Conductor del programa <strong>Va en serio<\/strong>, Mexiquense TV Canal 34.2, IZZI Canal 135 y Mexiquense Radio.<\/em><\/p><\/blockquote>\n","protected":false},"excerpt":{"rendered":"<p><span style=\"color: #005497;\"><strong>Carlos Ramos Padilla<\/strong><\/span><\/p>\n","protected":false},"author":3,"featured_media":0,"comment_status":"open","ping_status":"open","sticky":false,"template":"","format":"standard","meta":{"_monsterinsights_skip_tracking":false,"_monsterinsights_sitenote_active":false,"_monsterinsights_sitenote_note":"","_monsterinsights_sitenote_category":0,"footnotes":""},"categories":[97109],"tags":[97108,43674,97107],"class_list":["post-571758","post","type-post","status-publish","format-standard","hentry","category-carlos-ramos-padilla","tag-carlos-ramos-padilla","tag-opinion","tag-se-comenta-solo-con"],"_links":{"self":[{"href":"https:\/\/www.diarioimagen.net\/index.php?rest_route=\/wp\/v2\/posts\/571758","targetHints":{"allow":["GET"]}}],"collection":[{"href":"https:\/\/www.diarioimagen.net\/index.php?rest_route=\/wp\/v2\/posts"}],"about":[{"href":"https:\/\/www.diarioimagen.net\/index.php?rest_route=\/wp\/v2\/types\/post"}],"author":[{"embeddable":true,"href":"https:\/\/www.diarioimagen.net\/index.php?rest_route=\/wp\/v2\/users\/3"}],"replies":[{"embeddable":true,"href":"https:\/\/www.diarioimagen.net\/index.php?rest_route=%2Fwp%2Fv2%2Fcomments&post=571758"}],"version-history":[{"count":0,"href":"https:\/\/www.diarioimagen.net\/index.php?rest_route=\/wp\/v2\/posts\/571758\/revisions"}],"wp:attachment":[{"href":"https:\/\/www.diarioimagen.net\/index.php?rest_route=%2Fwp%2Fv2%2Fmedia&parent=571758"}],"wp:term":[{"taxonomy":"category","embeddable":true,"href":"https:\/\/www.diarioimagen.net\/index.php?rest_route=%2Fwp%2Fv2%2Fcategories&post=571758"},{"taxonomy":"post_tag","embeddable":true,"href":"https:\/\/www.diarioimagen.net\/index.php?rest_route=%2Fwp%2Fv2%2Ftags&post=571758"}],"curies":[{"name":"wp","href":"https:\/\/api.w.org\/{rel}","templated":true}]}}