{"id":571822,"date":"2023-01-19T00:08:41","date_gmt":"2023-01-19T06:08:41","guid":{"rendered":"https:\/\/www.diarioimagen.net\/?p=571822"},"modified":"2023-01-19T01:55:25","modified_gmt":"2023-01-19T07:55:25","slug":"las-cupulas-de-los-partidos","status":"publish","type":"post","link":"https:\/\/www.diarioimagen.net\/?p=571822","title":{"rendered":"Las c\u00fapulas de los partidos"},"content":{"rendered":"<h2>Punto por punto<\/h2>\n<h5>Augusto Corro<\/h5>\n<p>&nbsp;<\/p>\n<p>La pol\u00edtica a la mexicana podr\u00eda estancarse por la ambici\u00f3n de sus dirigentes que s\u00f3lo act\u00faan de acuerdo a sus intereses y conveniencias.<\/p>\n<p>El futuro de los partidos pol\u00edticos se encuentra en manos de sus l\u00edderes. Son estos los que deciden quien o quienes los representen en las contiendas electorales.<\/p>\n<p>En Movimiento de Regeneraci\u00f3n Nacional (Morena), la c\u00fapula partidista primero designa a los precandidatos y luego los lleva a las encuestas.<\/p>\n<p>Con esta \u00faltima acci\u00f3n, culmina el supuesto juego democr\u00e1tico. Las bases s\u00f3lo tienen que votar por el que presentan.<\/p>\n<p>Un ejemplo claro lo tenemos en Coahuila. En esta entidad, Morena, design\u00f3 a su peor candidato a la gubernatura y result\u00f3 el ganador.<\/p>\n<p>Ese triunfador es el senador Armando Guadiana, un rico empresario minero, que est\u00e1 en la pol\u00edtica estimulado por el signo de pesos.<\/p>\n<p>Morena dej\u00f3 en el camino al ex subsecretario de Seguridad P\u00fablica, Ricardo Mej\u00eda Berdeja, quien protest\u00f3 contra el m\u00e9todo de las encuestas. Mej\u00eda Berdeja renunci\u00f3 a Morena y ser\u00e1 el candidato a la gubernatura coahuilense por el Partido del Trabajo (PT). Tenemos, en este caso un ejemplo del manejo de las candidaturas en el partido guinda, en el que ya fueron designadas las cuatro \u201ccorcholatas\u201d que competir\u00e1n en las presidenciales.<\/p>\n<p>A la militancia ya le dijeron quienes son los precandidatos, tres de estos se\u00f1alados por el presidente L\u00f3pez Obrador y el cuarto recientemente incluido en la lista.<\/p>\n<p>Las \u201ccorcholatas\u201d son Claudia Sheinbaum, jefa de Gobierno de la Ciudad de M\u00e9xico (CDMX); Marcelo Ebrard, titular de Relaciones Exteriores; Ad\u00e1n Augusto L\u00f3pez, secretario de Gobernaci\u00f3n; y Ricardo Monreal, l\u00edder del Senado.<\/p>\n<p>Ser\u00eda muy interesante preguntarles a los militantes morenistas cuando decidieron que los citados aspirantes ser\u00edan sus representantes para la contienda presidencial de 2024.<\/p>\n<p>Parece que la c\u00fapula partidista se ahorr\u00f3 ese paso y ya tiene hasta cuatro aspirantes en busca de su participaci\u00f3n en la elecci\u00f3n presidenciable de 2024.<\/p>\n<p><strong>La oposici\u00f3n partidista<\/strong><\/p>\n<p>En la oposici\u00f3n partidista ya se apuntaron los l\u00edderes pol\u00edticos para designar a sus precandidatos.<\/p>\n<p>Ese fue el convenio al que llegaron dirigentes del Partido Acci\u00f3n Nacional (PAN) y del Partido Revolucionario Institucional (PRI).<\/p>\n<p>El l\u00edder del PRD a rega\u00f1adientes obedecer\u00e1 todos los planteamientos que acuerden en las c\u00fapulas.<\/p>\n<p>Los perredistas no tienen la fuerza pol\u00edtica suficiente para que se escuchen sus sugerencias.<\/p>\n<p>Las senadoras priistas Beatriz Paredes y Claudia Ruiz Massieu rechazaron el acuerdo del PAN y del PRI y exigieron un m\u00e9todo de selecci\u00f3n del candidato presidencial de Va por M\u00e9xico que permita \u201ccondiciones de equidad\u201d y \u201cque sea abierto\u201d.<\/p>\n<p>De plano, las mencionadas legisladoras se lanzaron contra el dirigente del PRI, Alejandro Moreno, \u201cAlito\u201d, por entregar al PAN la candidatura presidencial.<\/p>\n<p>Por otra parte, el expresidente de la Confederaci\u00f3n Patronal de la Rep\u00fablica Mexicana (Coparmex), Gustavo de Hoyos, declar\u00f3 que est\u00e1n dadas las condiciones para que tenga una nueva alternancia en 2024.<\/p>\n<p>Sin embargo, dijo que Morena y sus aliados \u201cle van a pasar por encima a la coalici\u00f3n Va por M\u00e9xico si no participa en alianza con la sociedad civil en la elecci\u00f3n presidencial.<\/p>\n<p>De Hoyos critic\u00f3 a la citada alianza que competir\u00e1 de nuevo juntos en las elecciones estatales de Coahuila y Edomex y las presidenciales de 2024, por no convocar a las asociaciones civiles para que les ayudaran a unirse.<\/p>\n<p>En el escenario pol\u00edtico de la oposici\u00f3n cada vez se escuchan los nombres de los presuntos candidatos que participaran en la contienda para elegir al Presidente de la Rep\u00fablica.<\/p>\n<p>Los resultados de las encuestas cambian y en la oposici\u00f3n la senadora del PAN, Lilly T\u00e9llez encabeza la lista de preferencias electorales de las \u201ccorcholatas\u201d; mientras, en Morena, Claudia Sheinbaum sigue a la cabeza.<\/p>\n<p>Cabe se\u00f1alar que la pol\u00edtica a la mexicana no cambia y que todo se decide a nivel cupular, lejos de los militantes partidistas.<\/p>\n<p>\u00bfUsted qu\u00e9 opina amable lector?<\/p>\n<p><em><a href=\"mailto:aco2742@hotmail.com\" target=\"_blank\" rel=\"noopener noreferrer\">aco2742@hotmail.com<\/a><\/em><\/p>\n","protected":false},"excerpt":{"rendered":"<p><span style=\"color: #005497;\"><strong>Augusto Corro<\/strong><\/span><\/p>\n","protected":false},"author":3,"featured_media":0,"comment_status":"open","ping_status":"open","sticky":false,"template":"","format":"standard","meta":{"_monsterinsights_skip_tracking":false,"_monsterinsights_sitenote_active":false,"_monsterinsights_sitenote_note":"","_monsterinsights_sitenote_category":0,"footnotes":""},"categories":[157],"tags":[43686,43674,11515],"class_list":["post-571822","post","type-post","status-publish","format-standard","hentry","category-augusto-corro","tag-augusto-corro","tag-opinion","tag-punto-por-punto"],"_links":{"self":[{"href":"https:\/\/www.diarioimagen.net\/index.php?rest_route=\/wp\/v2\/posts\/571822","targetHints":{"allow":["GET"]}}],"collection":[{"href":"https:\/\/www.diarioimagen.net\/index.php?rest_route=\/wp\/v2\/posts"}],"about":[{"href":"https:\/\/www.diarioimagen.net\/index.php?rest_route=\/wp\/v2\/types\/post"}],"author":[{"embeddable":true,"href":"https:\/\/www.diarioimagen.net\/index.php?rest_route=\/wp\/v2\/users\/3"}],"replies":[{"embeddable":true,"href":"https:\/\/www.diarioimagen.net\/index.php?rest_route=%2Fwp%2Fv2%2Fcomments&post=571822"}],"version-history":[{"count":0,"href":"https:\/\/www.diarioimagen.net\/index.php?rest_route=\/wp\/v2\/posts\/571822\/revisions"}],"wp:attachment":[{"href":"https:\/\/www.diarioimagen.net\/index.php?rest_route=%2Fwp%2Fv2%2Fmedia&parent=571822"}],"wp:term":[{"taxonomy":"category","embeddable":true,"href":"https:\/\/www.diarioimagen.net\/index.php?rest_route=%2Fwp%2Fv2%2Fcategories&post=571822"},{"taxonomy":"post_tag","embeddable":true,"href":"https:\/\/www.diarioimagen.net\/index.php?rest_route=%2Fwp%2Fv2%2Ftags&post=571822"}],"curies":[{"name":"wp","href":"https:\/\/api.w.org\/{rel}","templated":true}]}}