{"id":571834,"date":"2023-01-19T00:07:20","date_gmt":"2023-01-19T06:07:20","guid":{"rendered":"https:\/\/www.diarioimagen.net\/?p=571834"},"modified":"2023-01-19T02:04:29","modified_gmt":"2023-01-19T08:04:29","slug":"expulsa-la-unam-a-directora-de-tesis-y-la-ministra-esquivel-sigue-tan-campante","status":"publish","type":"post","link":"https:\/\/www.diarioimagen.net\/?p=571834","title":{"rendered":"Expulsa la UNAM a directora de tesis y la ministra Esquivel sigue tan campante"},"content":{"rendered":"<h2>Clase Pol\u00edtica<\/h2>\n<h5>Miguel \u00c1ngel Rivera<\/h5>\n<p>&nbsp;<\/p>\n<p>Como siempre, el hilo se rompi\u00f3 por lo m\u00e1s delgado y en el caso del plagio de la tesis de Yasm\u00edn Esquivel Mossa, mientras desde diversos sectores de nuestra sociedad se espera la renuncia o el cese de la todav\u00eda ministra de la Suprema Corte de Justicia, la sancionada fue su asesora de tesis, Martha Rodr\u00edguez Ortiz, quien fue despedida de la Universidad Nacional Aut\u00f3noma de M\u00e9xico (UNAM).<\/p>\n<p>Para muchos opinantes, la m\u00e1xima casa de estudios del pa\u00eds eludi\u00f3 el riesgo de un enfrentamiento con el presidente Andr\u00e9s Manuel L\u00f3pez Obrador, convertido en principal defensor de su amiga, quien tambi\u00e9n se ubic\u00f3 entre los que denunciaron que la UNAM \u201cse lav\u00f3 las manos\u201d.<\/p>\n<p>Desde otros sectores se respalda la decisi\u00f3n de las autoridades universitarias, que han alegado que no existe una norma que les autorice anular un t\u00edtulo profesional expedido por una de sus escuelas y facultades.<\/p>\n<p>Todav\u00eda ayer, el ex rector de la UNAM, Jos\u00e9 Narro Robles, reafirm\u00f3 que ese centro de estudios carece de atribuciones para retirar un t\u00edtulo profesional. No obstante, advirti\u00f3 que deben adoptarse medidas para evitar que ocurran m\u00e1s plagios, pues el costo que la instituci\u00f3n educativa ha pagado es \u201cinjusto\u201d, ante se\u00f1alamientos que la desde\u00f1an y son \u201cincompletos\u201d.<\/p>\n<p>De acuerdo con nota de la agencia Quadrat\u00edn, Narro hizo esas declaraciones como invitado a una asamblea del Grupo ACA, por invitaci\u00f3n del abogado Eduardo L\u00f3pez Betancourt, en donde sostuvo que el procedimiento seguido por la UNAM de manera institucional es la \u00fanica que existe, no obstante que se pueden promover procedimientos jur\u00eddicos, pero estos quedan fuera de la facultad de la instituci\u00f3n acad\u00e9mica.<\/p>\n<p>Ante esta situaci\u00f3n, las autoridades universitarias decidieron rescindir el contrato de la profesora Rodr\u00edguez Ortiz, asesora de la tesis de licenciatura de la ministra Yasm\u00edn Esquivel Mossa, culpable del plagio de la misma.<\/p>\n<p>\u201cPor haber incurrido en causas graves de responsabilidad, as\u00ed como en faltas de probidad y honradez en el desempe\u00f1o de sus labores como acad\u00e9mica y directora de tesis profesionales, la Universidad Nacional Aut\u00f3noma de M\u00e9xico resolvi\u00f3 rescindir el Contrato Individual de Trabajo de la profesora Martha Rodr\u00edguez Ortiz\u201d, explica el comunicado de la Universidad.<\/p>\n<p>De acuerdo con el mismo documento, la profesora fue notificada de manera oficial en la v\u00edspera que quedar\u00edan totalmente suspendidos su relaci\u00f3n de trabajo con cualquier entidad ligada a la UNAM, as\u00ed como el pago de su salario.<\/p>\n<p>La decisi\u00f3n fue tomada luego de analizar y evaluar todos los elementos que integran el Procedimiento de Investigaci\u00f3n Administrativa, en los que se confirm\u00f3 que Rodr\u00edguez Ort\u00edz actu\u00f3 de manera contraria a los prop\u00f3sitos y fines que persigue la M\u00e1xima Casa de Estudios, para lo que se tom\u00f3 en consideraci\u00f3n la confesi\u00f3n expresa de la profesora de haber difundido material de tesis de un alumno.<\/p>\n<p>\u201cLa Universidad Nacional act\u00faa en apego a la normativa universitaria; ha adoptado medidas preventivas adicionales para evitar la repetici\u00f3n de hechos como el referido, y continuar\u00e1 fomentando valores \u00e9ticos, de responsabilidad y honorabilidad entre los integrantes de su comunidad\u201d, finaliza el documento fechado este mi\u00e9rcoles 18 de enero.<\/p>\n<p style=\"text-align: center;\"><strong>El gerente de Morena acusado de vender candidaturas<\/strong><\/p>\n<p>La catilinaria que enderez\u00f3 el presidente formal (gerente) de Morena, Mario Delgado Carrillo, le result\u00f3 en contra, pues el ex subsecretario de Seguridad y ahora candidato del PT al gobierno de Coahuila, Ricardo Mej\u00eda Berdeja, le respondi\u00f3 con una andanada de grueso calibre.<\/p>\n<p>El disidente calific\u00f3 a Delgado de cobarde, corrupto, traidor a la democracia y de vender las candidaturas de ese partido para colocar a sus allegados, rumbo a los comicios de 2024.<\/p>\n<p>\u201cHubo una enorme inconformidad con quien design\u00f3 Mario Delgado, as\u00ed como Mario Delgado con cobard\u00eda me ha atacado, intrigado y difamado, hoy quiero decirle que es un corrupto, que es un traidor a la democracia y que, como lo hicieron los <strong><em>Chuchos<\/em><\/strong> en el PRD en su momento\u201d, dijo el ahora candidato, quien reafirm\u00f3 que el administrador de Morena se ha dedicado al <strong><em>mercadeo<\/em><\/strong> de candidaturas.<\/p>\n<p>\u201c\u00c9l se ha dedicado al mercadeo de candidaturas, a tratar de colocar sus negocios, sus consultor\u00edas con los aspirantes y, cuando puede, desviar la informaci\u00f3n y el curso de las cosas, tergiversa faltando a la confianza que le han depositado\u201d, a\u00f1adi\u00f3 Mej\u00eda.<\/p>\n<p>Por otra parte, el ahora abanderado del PT insisti\u00f3 en que ha sido difamado por el presidente nacional de Morena luego de que se inconform\u00f3 por el resultado que consider\u00f3 poco cre\u00edble de la encuesta donde presuntamente sali\u00f3 triunfador el senador Armando Guadiana.<\/p>\n<p>Adem\u00e1s, asegur\u00f3 que hubo una enorme inconformidad con el resultado de quien design\u00f3 Mario Delgado como candidato de Morena en Coahuila por lo cual le pidieron que se lanzara como candidato.<\/p>\n<p>Por ello, refut\u00f3 las cr\u00edticas al PT por romper la alianza con Morena.<\/p>\n<p>\u201c\u00bfPor qu\u00e9 se considera al PT un aliado en el Estado de M\u00e9xico y \u2018malo\u2019 en el caso de Coahuila?\u00bfPor qu\u00e9 tanta inconformidad en Coahuila no en otros estados como M\u00e9xico o Tamaulipas? porque evidentemente esa supuesta encuesta no refleja la voluntad de los coahuilenses\u201d, insisti\u00f3 el disidente.<\/p>\n<p style=\"text-align: center;\"><strong>Va por M\u00e9xico, abierto a aceptar candidatos de la sociedad civil<\/strong><\/p>\n<p>El presidente L\u00f3pez Obrador siempre tiene una larga lista de temas para sus conferencias ma\u00f1aneras, en particular cuando ataca a los que considera sus enemigos, pero si no tuviera material para hoy, los promotores de Va por M\u00e9xico y de S\u00ed por M\u00e9xico le dieron ayer suficientes motivos para arremeter nuevamente contra dirigentes pol\u00edticos y sociales a quienes considera \u201cconspiradores\u201d.<\/p>\n<p>Esto, porque ayer, en un encuentro con organizaciones de la sociedad civil que buscan frenar cualquier retroceso en el r\u00e9gimen democr\u00e1tico, el presidente del PRI, Alejandro Moreno C\u00e1rdenas, aclar\u00f3 que el candidato de la alianza opositora no necesariamente saldr\u00e1 de las filas del PAN. Ratific\u00f3 que, por el contrario, la alianza est\u00e1 abierta para impulsar la unidad de toda la oposici\u00f3n de cara al 2024 y promover la m\u00e1s amplia inclusi\u00f3n y debate en la definici\u00f3n del m\u00e9todo para la elecci\u00f3n del candidato presidencial.<\/p>\n<p>Pero ese no es el tema que seguramente irrit\u00f3 a L\u00f3pez Obrador, que apenas un d\u00eda antes dio por hecho que el candidato presidencial de la oposici\u00f3n ser\u00e1 panista y sostuvo que los aspirantes priistas \u201cchuparon faros\u201d.<\/p>\n<p>Lo que seguramente agrav\u00f3 el derrame de bilis es la relaci\u00f3n de los interlocutores del dirigente nacional del tricolor, entre los cuales est\u00e1n Guadalupe Acosta Naranjo, del Frente C\u00edvico Nacional; Claudio X. Gonz\u00e1lez y Gustavo de Hoyos, de S\u00ed por M\u00e9xico; Marco Antonio Adame, de Unidos por M\u00e9xico; Leopoldo Hern\u00e1ndez, de UNE M\u00e9xico; Ana Luc\u00eda Medina, de Sociedad Civil M\u00e9xico, y Andr\u00e9s Carral, de Poder Ciudadano.<\/p>\n<p>Apenas un d\u00eda antes, el l\u00edder y fundador de Morena se hab\u00eda lanzado una vez m\u00e1s contra los opositores.<\/p>\n<p>L\u00f3pez Obrador critic\u00f3 que el dirigente nacional del PAN, Marko Cort\u00e9s, tenga nexos con Rub\u00e9n Moreira en Coahuila e ironiz\u00f3 que de ser cierto el acuerdo entre la alianza opositora, Enrique de la Madrid no tiene posibilidades.<\/p>\n<p>\u201cDe que ya llegaron a un acuerdo de que el PAN apoya al PRI en el Estado de M\u00e9xico y en Coahuila, que eso es excepcional, \u00a1ese apoyo s\u00ed se ve! Y que a cambio ya se arreglaron de que el PRI apoyara al PAN aqu\u00ed en la ciudad y en la Presidencia, o sea que los que est\u00e1n apuntados del PRI ya \u2018chuparon faros\u2019 si es cierto ese acuerdo\u201d, dijo AMLO, quien enseguida se lanz\u00f3 contra quienes considera verdaderos dirigentes de la \u201cconspiraci\u00f3n\u201d en contra de su gobierno.<\/p>\n<p>Se\u00f1al\u00f3 que en el bloque opositor el que est\u00e1 fijando las reglas de la sucesi\u00f3n es el \u201cjefe del supremo poder conservador\u201d Claudio X. Gonz\u00e1lez, por lo que enfatiz\u00f3, se est\u00e1n violando todos los principios democr\u00e1ticos.<\/p>\n<p>\u201cYa dejen de estar mintiendo, si ya se arreglaron. Pero ahora s\u00ed ya es m\u00e1s que evidente. Aplica la frase de Ju\u00e1rez: \u2018El triunfo de la reacci\u00f3n es moralmente imposible\u2019. No puede presentarse un contubernio as\u00ed tan descarado. \u00bfD\u00f3nde est\u00e1n los ideales? \u00bfD\u00f3nde est\u00e1n los principios? \u00bfQu\u00e9, no los partidos son entidades de inter\u00e9s p\u00fablico? \u00bfQu\u00e9, no tienen que presentar una declaraci\u00f3n de principios y un programa de acci\u00f3n? Pero, bueno, \u00bfqui\u00e9n va a decidir? El pueblo\u201d.<\/p>\n<p>De paso, descalific\u00f3 las denuncias contra sus \u201ccorcholatas\u201d por actos anticipados de campa\u00f1a.<\/p>\n<p><em><a href=\"mailto:riparcangel@hotmail.com\" target=\"_blank\" rel=\"noopener noreferrer\">riparcangel@hotmail.com<\/a><\/em><\/p>\n","protected":false},"excerpt":{"rendered":"<p><span style=\"color: #005497;\"><strong>Miguel \u00c1ngel Rivera<\/strong><\/span<\/span><\/p>\n","protected":false},"author":3,"featured_media":0,"comment_status":"open","ping_status":"open","sticky":false,"template":"","format":"standard","meta":{"_monsterinsights_skip_tracking":false,"_monsterinsights_sitenote_active":false,"_monsterinsights_sitenote_note":"","_monsterinsights_sitenote_category":0,"footnotes":""},"categories":[84119],"tags":[84120,84121,43674],"class_list":["post-571834","post","type-post","status-publish","format-standard","hentry","category-miguel-angel-rivera","tag-clase-politica","tag-miguel-angel-rivera","tag-opinion"],"_links":{"self":[{"href":"https:\/\/www.diarioimagen.net\/index.php?rest_route=\/wp\/v2\/posts\/571834","targetHints":{"allow":["GET"]}}],"collection":[{"href":"https:\/\/www.diarioimagen.net\/index.php?rest_route=\/wp\/v2\/posts"}],"about":[{"href":"https:\/\/www.diarioimagen.net\/index.php?rest_route=\/wp\/v2\/types\/post"}],"author":[{"embeddable":true,"href":"https:\/\/www.diarioimagen.net\/index.php?rest_route=\/wp\/v2\/users\/3"}],"replies":[{"embeddable":true,"href":"https:\/\/www.diarioimagen.net\/index.php?rest_route=%2Fwp%2Fv2%2Fcomments&post=571834"}],"version-history":[{"count":0,"href":"https:\/\/www.diarioimagen.net\/index.php?rest_route=\/wp\/v2\/posts\/571834\/revisions"}],"wp:attachment":[{"href":"https:\/\/www.diarioimagen.net\/index.php?rest_route=%2Fwp%2Fv2%2Fmedia&parent=571834"}],"wp:term":[{"taxonomy":"category","embeddable":true,"href":"https:\/\/www.diarioimagen.net\/index.php?rest_route=%2Fwp%2Fv2%2Fcategories&post=571834"},{"taxonomy":"post_tag","embeddable":true,"href":"https:\/\/www.diarioimagen.net\/index.php?rest_route=%2Fwp%2Fv2%2Ftags&post=571834"}],"curies":[{"name":"wp","href":"https:\/\/api.w.org\/{rel}","templated":true}]}}