{"id":571844,"date":"2023-01-19T00:09:55","date_gmt":"2023-01-19T06:09:55","guid":{"rendered":"https:\/\/www.diarioimagen.net\/?p=571844"},"modified":"2023-01-19T02:10:11","modified_gmt":"2023-01-19T08:10:11","slug":"inundan-al-pais-titulos-profesionales-patito","status":"publish","type":"post","link":"https:\/\/www.diarioimagen.net\/?p=571844","title":{"rendered":"Inundan al pa\u00eds t\u00edtulos profesionales \u201cpatito\u201d"},"content":{"rendered":"<h2>Poder y dinero<\/h2>\n<h5>V\u00edctor S\u00e1nchez Ba\u00f1os<\/h5>\n<p>&nbsp;<\/p>\n<ul>\n<li><strong><em>El del caso Yasm\u00edn Esquivel es insignificante<\/em><\/strong><\/li>\n<li><strong><em>Miles de tesis en duda por plagios<\/em><\/strong><\/li>\n<li><strong><em>En riesgo credibilidad profesional de miles<\/em><\/strong><\/li>\n<li><strong><em>Urge una revisi\u00f3n de t\u00edtulos universitarios<\/em><\/strong><\/li>\n<li><strong><em>Ingenieros o m\u00e9dicos \u00bfcompetentes?<\/em><\/strong><\/li>\n<li><strong><em>Monreal, la pizca de honestidad pol\u00edtica en Morena<\/em><\/strong><\/li>\n<li><strong><em>Cansan al pueblo los \u201ccompl\u00f3s\u201d de AMLO<\/em><\/strong><\/li>\n<li><strong><em>Nescaf\u00e9 y los \u201cRed monday\u201d<\/em><\/strong><\/li>\n<\/ul>\n<p>&nbsp;<\/p>\n<p style=\"text-align: right;\"><em>La ventaja de la democracia sobre las dem\u00e1s formas de gobierno<br \/>\nes que no hay en la democracia una casta interesada<br \/>\nen sofocar el pensamiento para que no se la discuta<br \/>\n<\/em><strong>Ramiro de Maeztu<\/strong> (1875-1936), escritor espa\u00f1ol<\/p>\n<p>&nbsp;<\/p>\n<p>Si la ministra Yasm\u00edn Esquivel clon\u00f3 su tesis profesional pasa a segundo t\u00e9rmino, al momento en que se ve el deterioro de nuestras instituciones como son la SCJN y la UNAM.<\/p>\n<p>L\u00f3pez Obrador no podr\u00eda estar m\u00e1s contento de los que ocurre ah\u00ed, donde dos instancias que no se ha hincado ante el poder supremo de la Presidencia de la Rep\u00fablica en turno.<\/p>\n<p>Como caballo de Troya, Yasm\u00edn ha hecho un da\u00f1o incalculable a la credibilidad de la Corte y la Universidad.<\/p>\n<p>En la primera, por que decenas, cientos de dict\u00e1menes que firm\u00f3 la ministra podr\u00edan carecer de validez, ya que la Constituci\u00f3n pone como requisito para ser \u201cministro\u201d, el t\u00edtulo profesional en Derecho.<\/p>\n<p>Sin embargo, para acomodar todo, a fin de tener el menor de los da\u00f1os, le mantendr\u00e1n el t\u00edtulo y as\u00ed, aunque renuncie, tienen validez todos los acuerdos tomados por ella. As\u00ed la fiesta seguir\u00e1 en paz en los tribunales federales y locales en el pa\u00eds.<\/p>\n<p>En cambio, en la UNAM, el recuento de da\u00f1os ser\u00e1 may\u00fasculo, ya que quedar\u00e1 demostrado que a los m\u00e9dicos en el poder de la Rector\u00eda se les olvida actualizar leyes y reglamentos. S\u00f3lo se la pasan haciendo grilla, por una parte, y usufructuando las investigaciones acad\u00e9micas, de lo que hablaremos despu\u00e9s.<\/p>\n<p>Antes se sab\u00eda que clonaban o falsificaban t\u00edtulos o c\u00e9dulas profesionales en la plaza de Santo Domingo, en el centro de la Ciudad de M\u00e9xico. Ahora, con la tecnolog\u00eda ha generado otro tipo de falsificaciones. El plagio y lo sab\u00edan en los c\u00edrculos educativos y acad\u00e9micos del pa\u00eds, era com\u00fan. Pero no hab\u00eda recursos tecnol\u00f3gicos para detectarlo, lo que desde 2015 es un plagio acad\u00e9mico de acuerdo a la Ley Federal de Derecho de Autor, en los art\u00edculos 428 y 430.<\/p>\n<p>As\u00ed reza: \u201cArt\u00edculo 428.- Comete el delito de plagio acad\u00e9mico quien utilice de manera indebida obras, trabajos, textos, investigaciones, im\u00e1genes, gr\u00e1ficos, datos, tablas o dise\u00f1os que pertenecen a otros autores present\u00e1ndolos como propios con la finalidad de obtener un t\u00edtulo, reconocimiento, est\u00edmulo, certificado, m\u00e9rito o grado acad\u00e9mico en instituciones de educaci\u00f3n superior y centros de investigaci\u00f3n\u201d. \u201cArt\u00edculo 430.- Se impondr\u00e1 de dos a cuatro a\u00f1os de prisi\u00f3n y de trescientos a quinientos d\u00edas de multa al que reincida en cualquiera de los supuestos de plagio acad\u00e9mico contenidos en los art\u00edculos precedentes\u201d.<\/p>\n<p>En este \u00faltimo art\u00edculo podr\u00eda configurarse a la asesora de tesis de Yasm\u00edn, Martha Rodr\u00edguez.<\/p>\n<p>Pero todo est\u00e1 tejido por las ara\u00f1as de la casualidad: Si hubiera un delito, \u00e9ste prescribir\u00eda y nadie ir\u00eda a la c\u00e1rcel, ni pagar\u00eda ninguna sanci\u00f3n.<\/p>\n<p>Pero regresamos a la UNAM, donde el equipo de Enrique Graue, debe poner a sus onerosos asesores a trabajar para sacar el honor de la Universidad a flote.<\/p>\n<p>Hoy hay dudas sobre la legitimidad (ya no hablemos de la legalidad) de tesis de miles de m\u00e9dicos, ingenieros, abogados y otros profesionistas en los que ponemos en sus manos nuestras vidas o propiedades. Por ello, deben pedir al Legislativo que se castigue a quienes falsifiquen t\u00edtulos profesionales y quienes se beneficien con ello.<\/p>\n<p>Tras el caso de Yasm\u00edn, urge revisar y homologar los requisitos de titulaci\u00f3n en todas las universidades p\u00fablicas y privadas. Hoy hay pol\u00edticos que nunca cumplieron con el paso por las aulas o la totalidad de los tr\u00e1mites y ostentan t\u00edtulos en puestos encumbrados del pa\u00eds. Del sector privado, tambi\u00e9n.<\/p>\n<p>En qu\u00e9 pa\u00eds vivimos, donde ser caradura, un sinverg\u00fcenza, es \u201caudacia trepadora\u201d:<\/p>\n<p style=\"text-align: center;\"><strong>PODEROSOS CABALLEROS<\/strong><\/p>\n<p><strong>RICARDO MONREAL <\/strong>se convierte en el punto de equilibrio de Morena. Aunque no se considera \u201ccorcholata\u201d, es una de las opciones del oficialismo para mantenerse en el pa\u00eds. El zacatecano ha demostrado virtudes que no son comunes en ese partido. Lealtad institucional, coincidencias ideol\u00f3gicas con la izquierda, actuaci\u00f3n legislativa apegado a la Constituci\u00f3n, conciliador con todas las fuerzas pol\u00edticas y abierto al di\u00e1logo. Y, reitero, son virtudes que no est\u00e1n en muchos pol\u00edticos de Morena, quienes desde que llegaron al poder, \u201cs\u00f3lo sus chicharrones truenan\u201d. *** \u00a1YA CHOLE AMLO! El discurso del presidente L\u00f3pez Obrador se trilla en ataques a los medios de comunicaci\u00f3n. Sabemos el odio que le tiene a la cr\u00edtica. Cree que, por ser Presidente, nadie lo puede cuestionar. Es intocable. Habla de un complot nacional de los medios de comunicaci\u00f3n. No hay complots se\u00f1or presidente. Hay incapacidad, corrupci\u00f3n, insidia, intriga, traici\u00f3n y otras vilezas en el c\u00edrculo cercano a AMLO. Eso no lo ve por que es el d\u00eda a d\u00eda. Pero ya hablaremos de ello m\u00e1s adelante.<\/p>\n<p style=\"text-align: center;\"><strong>RESPONSABILIDAD SOCIAL CORPORATIVA<\/strong><\/p>\n<p><strong>NESCAF\u00c9<\/strong> sale al rescate del \u00e1nimo en el llamado <em>Blue monday<\/em> o Lunes triste, en espa\u00f1ol. En un instrumento de marketing, sali\u00f3 la procesadora de caf\u00e9, con la ingeniosa idea de convertirla en el <em>Red monday<\/em> o Lunes rojo, con el fin de imprimir \u00e1nimo, mediante el regalo de una caja roja con una taza de cer\u00e1mica y caf\u00e9. En lo personal y en la mayor\u00eda de gente que conozco no sufre de tristeza el tercer lunes de cada enero, pero es de aplaudir ideas como la de la directora de Marketing de esa empresa, Mariana Andueza.<\/p>\n<p>&nbsp;<\/p>\n<blockquote>\n<p style=\"text-align: right;\">Esc\u00fachame lunes, martes, mi\u00e9rcoles y viernes,<del><\/del><br \/>\nen <strong><em>El Heraldo Radio<\/em><\/strong>, desde las 22 horas.<\/p>\n<\/blockquote>\n<p>&nbsp;<\/p>\n<p><em><a href=\"http:\/\/poderydinero.mx\/\" target=\"_blank\" rel=\"noopener\">poderydinero.mx<\/a><br \/>\n<\/em><em><a href=\"mailto:vsb@poderydinero.mx\" target=\"_blank\" rel=\"noopener noreferrer\">vsb@poderydinero.mx<\/a><br \/>\n<\/em><em><a href=\"https:\/\/twitter.com\/vsanchezbanos\" target=\"_blank\" rel=\"noopener noreferrer\">@vsanchezbanos<\/a><\/em><\/p>\n","protected":false},"excerpt":{"rendered":"<p><span style=\"color: #005497;\"><strong>V\u00edctor S\u00e1nchez Ba\u00f1os<\/strong><\/span><\/p>\n","protected":false},"author":3,"featured_media":0,"comment_status":"open","ping_status":"open","sticky":false,"template":"","format":"standard","meta":{"_monsterinsights_skip_tracking":false,"_monsterinsights_sitenote_active":false,"_monsterinsights_sitenote_note":"","_monsterinsights_sitenote_category":0,"footnotes":""},"categories":[38844],"tags":[],"class_list":["post-571844","post","type-post","status-publish","format-standard","hentry","category-victor-sanchez-banos"],"_links":{"self":[{"href":"https:\/\/www.diarioimagen.net\/index.php?rest_route=\/wp\/v2\/posts\/571844","targetHints":{"allow":["GET"]}}],"collection":[{"href":"https:\/\/www.diarioimagen.net\/index.php?rest_route=\/wp\/v2\/posts"}],"about":[{"href":"https:\/\/www.diarioimagen.net\/index.php?rest_route=\/wp\/v2\/types\/post"}],"author":[{"embeddable":true,"href":"https:\/\/www.diarioimagen.net\/index.php?rest_route=\/wp\/v2\/users\/3"}],"replies":[{"embeddable":true,"href":"https:\/\/www.diarioimagen.net\/index.php?rest_route=%2Fwp%2Fv2%2Fcomments&post=571844"}],"version-history":[{"count":0,"href":"https:\/\/www.diarioimagen.net\/index.php?rest_route=\/wp\/v2\/posts\/571844\/revisions"}],"wp:attachment":[{"href":"https:\/\/www.diarioimagen.net\/index.php?rest_route=%2Fwp%2Fv2%2Fmedia&parent=571844"}],"wp:term":[{"taxonomy":"category","embeddable":true,"href":"https:\/\/www.diarioimagen.net\/index.php?rest_route=%2Fwp%2Fv2%2Fcategories&post=571844"},{"taxonomy":"post_tag","embeddable":true,"href":"https:\/\/www.diarioimagen.net\/index.php?rest_route=%2Fwp%2Fv2%2Ftags&post=571844"}],"curies":[{"name":"wp","href":"https:\/\/api.w.org\/{rel}","templated":true}]}}