{"id":571881,"date":"2023-01-20T00:05:37","date_gmt":"2023-01-20T06:05:37","guid":{"rendered":"https:\/\/www.diarioimagen.net\/?p=571881"},"modified":"2023-01-22T22:36:15","modified_gmt":"2023-01-23T04:36:15","slug":"estrechan-lazos-academicos-uaemex-y-universidad-federal-do-pampa-brasil","status":"publish","type":"post","link":"https:\/\/www.diarioimagen.net\/?p=571881","title":{"rendered":"Estrechan lazos acad\u00e9micos UAEM\u00e9x y Universidad Federal do Pampa, Brasil"},"content":{"rendered":"<p><em>\u00a0<\/em><\/p>\n<ul>\n<li><strong><em>La secretaria de Investigaci\u00f3n y Estudios Avanzados de la Aut\u00f3noma mexiquense, Martha Patricia Zarza Delgado, y el rector de la UNIPAMPA, Roberlaine Ribeiro Jorge, firmaron el convenio<\/em><\/strong><\/li>\n<\/ul>\n<p><strong>\u00a0<\/strong><\/p>\n<div id=\"attachment_571933\" style=\"width: 470px\" class=\"wp-caption aligncenter\"><a href=\"https:\/\/www.diarioimagen.net\/?attachment_id=571933\" rel=\"attachment wp-att-571933\"><img loading=\"lazy\" decoding=\"async\" aria-describedby=\"caption-attachment-571933\" class=\"size-full wp-image-571933\" src=\"https:\/\/www.diarioimagen.net\/wp-content\/uploads\/2023\/01\/uaem-estrechan-lazos.jpg\" alt=\"\" width=\"460\" height=\"270\" \/><\/a><p id=\"caption-attachment-571933\" class=\"wp-caption-text\">La UAEM\u00e9x y UNIPAMPA de Brasil firmaron un convenio de colaboraci\u00f3n que promover\u00e1 el intercambio presencial y virtual entre ambas comunidades acad\u00e9micas.<\/p><\/div>\n<p>&nbsp;<\/p>\n<p><strong>Toluca, Estado de M\u00e9xico.\u2013<\/strong> Con el prop\u00f3sito de realizar investigaci\u00f3n conjunta, as\u00ed como desarrollar actividades acad\u00e9micas para el intercambio presencial y virtual de personal docente, investigadores y estudiantes de licenciatura y posgrado, la Universidad Aut\u00f3noma del Estado de M\u00e9xico (UAEM\u00e9x) y la Universidad Federal do Pampa (UNIPAMPA), Brasil, firmaron un convenio de colaboraci\u00f3n.<\/p>\n<p>En la Sala de Rectores del Edificio de Rector\u00eda y en representaci\u00f3n del rector Carlos Eduardo Barrera D\u00edaz, la secretaria de Investigaci\u00f3n y Estudios Avanzados de la UAEM\u00e9x, Martha Patricia Zarza Delgado, y el rector de la UNIPAMPA, Roberlaine Ribeiro Jorge, coincidieron en la pertinencia del convenio de colaboraci\u00f3n por las similitudes e intereses que comparten ambas instituciones educativas en materia acad\u00e9mica y de investigaci\u00f3n, bajo la misi\u00f3n y visi\u00f3n de los Objetivos de Desarrollo Sostenible (ODS) de la Organizaci\u00f3n de las Naciones Unidas (ONU).<\/p>\n<p>Zarza Delgado expres\u00f3 que otro de los objetivos del convenio es que estudiantes y acad\u00e9micos de la UAEM\u00e9x sean capaces de reconocerse como buenos profesionistas o investigadores, as\u00ed como ciudadanos del mundo y que se sientan vinculados con los dem\u00e1s seres humanos, por lazos de empat\u00eda, sin importar su idioma, cultura o regi\u00f3n geogr\u00e1fica.<\/p>\n<p>\u201cCon acciones como \u00e9sta refrendamos nuestro inter\u00e9s de tender puentes entre instituciones hermanas que promuevan la sana distancia de ideas, el intercambio de conocimientos y la generaci\u00f3n de mejores formas de abordar las problem\u00e1ticas sociales\u201d, indic\u00f3.<\/p>\n<p>En tanto, Ribeiro Jorge reconoci\u00f3 la calidad acad\u00e9mica hist\u00f3rica de la UAEM\u00e9x y refiri\u00f3 que el desaf\u00edo es llevar a la pr\u00e1ctica lo acordado, en beneficio de las comunidades de ambas universidades.<\/p>\n<p>\u201cEl desaf\u00edo, ahora, es colocar en pr\u00e1ctica todo lo que platicamos. Hay muchas similitudes, claro, sin dejar de reconocer la diferencia hist\u00f3rica que hay, una Universidad que empez\u00f3 como Instituto, pero podemos llamar Universidad con casi 200 a\u00f1os y nosotros con 15, m\u00e1s la posibilidad de estar con la experiencia y decir que tenemos muchas ganas de trabajar con ustedes y sabemos que todos nosotros ganaremos, los brasile\u00f1os, los mexicanos\u201d, dijo.<\/p>\n<p>Al acto acudieron el director del Instituto de Ciencias Agropecuarias y Rurales (ICAR) de la UAEM\u00e9x, Humberto Thom\u00e9 Ort\u00edz; la directora para la Internacionalizaci\u00f3n de la Investigaci\u00f3n y Estudios Avanzados, Mar\u00eda del Pilar\u00a0 Ampudia Garc\u00eda; el director de Redalyc, Eduardo Aguado L\u00f3pez; el profesor de la Universidad de Caxias do Sul y egresado del Programa de Ciencias Agropecuarias y Recursos Naturales, Eurico de Oliveira Santos, as\u00ed como integrantes del Colegio de Directores de la UAEM\u00e9x e investigadores del ICAR.<\/p>\n","protected":false},"excerpt":{"rendered":"<p>Con el prop\u00f3sito de realizar investigaci\u00f3n conjunta, as\u00ed como desarrollar actividades acad\u00e9micas para el intercambio presencial y virtual de personal docente, investigadores y estudiantes de licenciatura y posgrado, la Universidad Aut\u00f3noma del Estado de M\u00e9xico (UAEM\u00e9x) y la Universidad Federal do Pampa (UNIPAMPA), Brasil, firmaron un convenio de colaboraci\u00f3n.<\/p>\n","protected":false},"author":3,"featured_media":571933,"comment_status":"open","ping_status":"open","sticky":false,"template":"","format":"standard","meta":{"_monsterinsights_skip_tracking":false,"_monsterinsights_sitenote_active":false,"_monsterinsights_sitenote_note":"","_monsterinsights_sitenote_category":0,"footnotes":""},"categories":[5],"tags":[43675,452,97198],"class_list":["post-571881","post","type-post","status-publish","format-standard","has-post-thumbnail","hentry","category-estado-de-mexico","tag-estado-de-mexico","tag-toluca","tag-universidad-federal-do-pampa"],"_links":{"self":[{"href":"https:\/\/www.diarioimagen.net\/index.php?rest_route=\/wp\/v2\/posts\/571881","targetHints":{"allow":["GET"]}}],"collection":[{"href":"https:\/\/www.diarioimagen.net\/index.php?rest_route=\/wp\/v2\/posts"}],"about":[{"href":"https:\/\/www.diarioimagen.net\/index.php?rest_route=\/wp\/v2\/types\/post"}],"author":[{"embeddable":true,"href":"https:\/\/www.diarioimagen.net\/index.php?rest_route=\/wp\/v2\/users\/3"}],"replies":[{"embeddable":true,"href":"https:\/\/www.diarioimagen.net\/index.php?rest_route=%2Fwp%2Fv2%2Fcomments&post=571881"}],"version-history":[{"count":0,"href":"https:\/\/www.diarioimagen.net\/index.php?rest_route=\/wp\/v2\/posts\/571881\/revisions"}],"wp:featuredmedia":[{"embeddable":true,"href":"https:\/\/www.diarioimagen.net\/index.php?rest_route=\/wp\/v2\/media\/571933"}],"wp:attachment":[{"href":"https:\/\/www.diarioimagen.net\/index.php?rest_route=%2Fwp%2Fv2%2Fmedia&parent=571881"}],"wp:term":[{"taxonomy":"category","embeddable":true,"href":"https:\/\/www.diarioimagen.net\/index.php?rest_route=%2Fwp%2Fv2%2Fcategories&post=571881"},{"taxonomy":"post_tag","embeddable":true,"href":"https:\/\/www.diarioimagen.net\/index.php?rest_route=%2Fwp%2Fv2%2Ftags&post=571881"}],"curies":[{"name":"wp","href":"https:\/\/api.w.org\/{rel}","templated":true}]}}