{"id":571900,"date":"2023-01-20T00:02:06","date_gmt":"2023-01-20T06:02:06","guid":{"rendered":"https:\/\/www.diarioimagen.net\/?p=571900"},"modified":"2023-01-20T03:42:53","modified_gmt":"2023-01-20T09:42:53","slug":"se-protegeran-los-logros-alcanzados-por-el-priismo-mexiquense-del-moral","status":"publish","type":"post","link":"https:\/\/www.diarioimagen.net\/?p=571900","title":{"rendered":"Se proteger\u00e1n los logros alcanzados por el priismo mexiquense: Del Moral"},"content":{"rendered":"<p>&nbsp;<\/p>\n<ul>\n<li><em><strong>Precandidata del PRI al gobierno del Edomex<\/strong><\/em><\/li>\n<\/ul>\n<p>&nbsp;<\/p>\n<div id=\"attachment_571947\" style=\"width: 470px\" class=\"wp-caption aligncenter\"><a href=\"https:\/\/www.diarioimagen.net\/?attachment_id=571947\" rel=\"attachment wp-att-571947\"><img loading=\"lazy\" decoding=\"async\" aria-describedby=\"caption-attachment-571947\" class=\"size-full wp-image-571947\" src=\"https:\/\/www.diarioimagen.net\/wp-content\/uploads\/2023\/01\/protegeran-logros.jpg\" alt=\"\" width=\"460\" height=\"270\" \/><\/a><p id=\"caption-attachment-571947\" class=\"wp-caption-text\">Alejandra Del Moral Vela llam\u00f3 a trabajar todos los d\u00edas para llegar a cada rinc\u00f3n de la entidad y proteger los logros alcanzados por el priismo mexiquense.<\/p><\/div>\n<p>&nbsp;<\/p>\n<p><strong>Valle de M\u00e9xico.\u2014<\/strong> La precandidata a la gubernatura del Estado de M\u00e9xico por el Partido Revolucionario Institucional (PRI), Alejandra Del Moral Vela, se\u00f1al\u00f3 que actualmente no hay nada m\u00e1s valiente que ser priista, por lo que esta fuerza pol\u00edtica debe trabajar todos los d\u00edas para llegar a cada rinc\u00f3n de la entidad y proteger los logros alcanzados por el priismo mexiquense.<\/p>\n<p>\u201cEn estos momentos de pol\u00edtica no hay nada m\u00e1s valiente que ser priista, hoy los priistas tenemos un doble reto y un doble compromiso, trabajar todos los d\u00edas de manera incansable para llegar a cada rinc\u00f3n, porque hay cosas que hemos hecho bien, pero tambi\u00e9n hay cosas que debemos cambiar y para cambiar las cosas se necesita ser valiente. Valiente uno para reconocerlo y dos, para hacer que las cosas pasen\u201d, apunt\u00f3.<\/p>\n<p>\u201cCompa\u00f1eras y compa\u00f1eros de partido, no hay enemigo peque\u00f1o, que no nos subestimen y que mucho menos subestimen a una mujer y mucho menos a una mujer joven\u201d, puntualiz\u00f3. \u00a0Al reunirse con la militancia del municipio de Hueypoxtla, en su primer d\u00eda como precandidata a gobernadora del Estado de M\u00e9xico por el PRI, Del Moral indic\u00f3 que se requiere recorrer los 125 municipios de la entidad, con el objetivo de buscar el bienestar de las familias mexiquenses.<\/p>\n<p>Manifest\u00f3 que los priistas mexiquenses han entendido que a la ciudadan\u00eda lo que le interesa es que est\u00e9n cerca de ella y les brinden soluciones.<\/p>\n<p>\u201cEn el PRI somos un partido constructor, constructor de acuerdos, constructor de buenas formas, de instituciones, inventores de los programas sociales que deben llegar a todos y deben de crecer, deben de mejorar, no se le deben de quitar a nadie, pero nosotros fuimos los creadores y no se nos puede olvidar, as\u00ed es que yo les quiero agradecer a todas y todos los que est\u00e1n aqu\u00ed, porque son valientes para cambiar\u201d, expres\u00f3.<\/p>\n","protected":false},"excerpt":{"rendered":"<p>La precandidata a la gubernatura del Estado de M\u00e9xico por el Partido Revolucionario Institucional (PRI), Alejandra Del Moral Vela, se\u00f1al\u00f3 que actualmente no hay nada m\u00e1s valiente que ser priista, por lo que esta fuerza pol\u00edtica debe trabajar todos los d\u00edas para llegar a cada rinc\u00f3n de la entidad y proteger los logros alcanzados por el priismo mexiquense.<\/p>\n","protected":false},"author":3,"featured_media":571947,"comment_status":"open","ping_status":"open","sticky":false,"template":"","format":"standard","meta":{"_monsterinsights_skip_tracking":false,"_monsterinsights_sitenote_active":false,"_monsterinsights_sitenote_note":"","_monsterinsights_sitenote_category":0,"footnotes":""},"categories":[5],"tags":[362,34],"class_list":["post-571900","post","type-post","status-publish","format-standard","has-post-thumbnail","hentry","category-estado-de-mexico","tag-pri","tag-valle-de-mexico"],"_links":{"self":[{"href":"https:\/\/www.diarioimagen.net\/index.php?rest_route=\/wp\/v2\/posts\/571900","targetHints":{"allow":["GET"]}}],"collection":[{"href":"https:\/\/www.diarioimagen.net\/index.php?rest_route=\/wp\/v2\/posts"}],"about":[{"href":"https:\/\/www.diarioimagen.net\/index.php?rest_route=\/wp\/v2\/types\/post"}],"author":[{"embeddable":true,"href":"https:\/\/www.diarioimagen.net\/index.php?rest_route=\/wp\/v2\/users\/3"}],"replies":[{"embeddable":true,"href":"https:\/\/www.diarioimagen.net\/index.php?rest_route=%2Fwp%2Fv2%2Fcomments&post=571900"}],"version-history":[{"count":0,"href":"https:\/\/www.diarioimagen.net\/index.php?rest_route=\/wp\/v2\/posts\/571900\/revisions"}],"wp:featuredmedia":[{"embeddable":true,"href":"https:\/\/www.diarioimagen.net\/index.php?rest_route=\/wp\/v2\/media\/571947"}],"wp:attachment":[{"href":"https:\/\/www.diarioimagen.net\/index.php?rest_route=%2Fwp%2Fv2%2Fmedia&parent=571900"}],"wp:term":[{"taxonomy":"category","embeddable":true,"href":"https:\/\/www.diarioimagen.net\/index.php?rest_route=%2Fwp%2Fv2%2Fcategories&post=571900"},{"taxonomy":"post_tag","embeddable":true,"href":"https:\/\/www.diarioimagen.net\/index.php?rest_route=%2Fwp%2Fv2%2Ftags&post=571900"}],"curies":[{"name":"wp","href":"https:\/\/api.w.org\/{rel}","templated":true}]}}