{"id":571902,"date":"2023-01-20T00:04:01","date_gmt":"2023-01-20T06:04:01","guid":{"rendered":"https:\/\/www.diarioimagen.net\/?p=571902"},"modified":"2023-01-20T03:44:02","modified_gmt":"2023-01-20T09:44:02","slug":"arrancan-obras-publicas-en-cuautitlan-izcalli","status":"publish","type":"post","link":"https:\/\/www.diarioimagen.net\/?p=571902","title":{"rendered":"Arrancan obras p\u00fablicas en Cuautitl\u00e1n Izcalli"},"content":{"rendered":"<p>&nbsp;<\/p>\n<div id=\"attachment_571951\" style=\"width: 470px\" class=\"wp-caption aligncenter\"><a href=\"https:\/\/www.diarioimagen.net\/?attachment_id=571951\" rel=\"attachment wp-att-571951\"><img loading=\"lazy\" decoding=\"async\" aria-describedby=\"caption-attachment-571951\" class=\"size-full wp-image-571951\" src=\"https:\/\/www.diarioimagen.net\/wp-content\/uploads\/2023\/01\/arrancan-obras.jpg\" alt=\"\" width=\"460\" height=\"270\" \/><\/a><p id=\"caption-attachment-571951\" class=\"wp-caption-text\">Delfina G\u00f3mez recorri\u00f3 las calles de las colonias La Ca\u00f1ada, El Molino y San Francisco Acuautla, donde lanz\u00f3 un llamado a hacer valer los principios del movimiento guinda.<\/p><\/div>\n<p>&nbsp;<\/p>\n<p><strong>Cuautitl\u00e1n Izcalli, Estado de M\u00e9xico.\u2014<\/strong> Con bacheo y la colocaci\u00f3n de luminarias arrancaron los trabajos en la colonia Mirador Santa Rosa, en donde la presidenta municipal de Cuautitl\u00e1n Izcalli Karla Fiesco Garc\u00eda, refrend\u00f3 su compromiso de trabajar todos los d\u00edas para mejorar las condiciones de vida de una de las comunidades m\u00e1s abandonadas de la demarcaci\u00f3n.<\/p>\n<p>La alcaldesa resalt\u00f3 que el presupuesto se traduce en obras y acciones y eso permite llegar a muchas comunidades con el D\u00eda Ciudadano, \u201cy este a\u00f1o estaremos llegando a 90 colonias, pueblos y fraccionamientos de todo el municipio\u201d.<\/p>\n","protected":false},"excerpt":{"rendered":"<p>Con bacheo y la colocaci\u00f3n de luminarias arrancaron los trabajos en la colonia Mirador Santa Rosa, en donde la presidenta municipal de Cuautitl\u00e1n Izcalli Karla Fiesco Garc\u00eda, refrend\u00f3 su compromiso de trabajar todos los d\u00edas para mejorar las condiciones de vida de una de las comunidades m\u00e1s abandonadas de la demarcaci\u00f3n.<\/p>\n","protected":false},"author":3,"featured_media":571951,"comment_status":"open","ping_status":"open","sticky":false,"template":"","format":"standard","meta":{"_monsterinsights_skip_tracking":false,"_monsterinsights_sitenote_active":false,"_monsterinsights_sitenote_note":"","_monsterinsights_sitenote_category":0,"footnotes":""},"categories":[5],"tags":[971,43675,13417],"class_list":["post-571902","post","type-post","status-publish","format-standard","has-post-thumbnail","hentry","category-estado-de-mexico","tag-cuautitlan-izcalli","tag-estado-de-mexico","tag-obras"],"_links":{"self":[{"href":"https:\/\/www.diarioimagen.net\/index.php?rest_route=\/wp\/v2\/posts\/571902","targetHints":{"allow":["GET"]}}],"collection":[{"href":"https:\/\/www.diarioimagen.net\/index.php?rest_route=\/wp\/v2\/posts"}],"about":[{"href":"https:\/\/www.diarioimagen.net\/index.php?rest_route=\/wp\/v2\/types\/post"}],"author":[{"embeddable":true,"href":"https:\/\/www.diarioimagen.net\/index.php?rest_route=\/wp\/v2\/users\/3"}],"replies":[{"embeddable":true,"href":"https:\/\/www.diarioimagen.net\/index.php?rest_route=%2Fwp%2Fv2%2Fcomments&post=571902"}],"version-history":[{"count":0,"href":"https:\/\/www.diarioimagen.net\/index.php?rest_route=\/wp\/v2\/posts\/571902\/revisions"}],"wp:featuredmedia":[{"embeddable":true,"href":"https:\/\/www.diarioimagen.net\/index.php?rest_route=\/wp\/v2\/media\/571951"}],"wp:attachment":[{"href":"https:\/\/www.diarioimagen.net\/index.php?rest_route=%2Fwp%2Fv2%2Fmedia&parent=571902"}],"wp:term":[{"taxonomy":"category","embeddable":true,"href":"https:\/\/www.diarioimagen.net\/index.php?rest_route=%2Fwp%2Fv2%2Fcategories&post=571902"},{"taxonomy":"post_tag","embeddable":true,"href":"https:\/\/www.diarioimagen.net\/index.php?rest_route=%2Fwp%2Fv2%2Ftags&post=571902"}],"curies":[{"name":"wp","href":"https:\/\/api.w.org\/{rel}","templated":true}]}}