{"id":571916,"date":"2023-01-20T00:01:46","date_gmt":"2023-01-20T06:01:46","guid":{"rendered":"https:\/\/www.diarioimagen.net\/?p=571916"},"modified":"2023-01-20T03:45:06","modified_gmt":"2023-01-20T09:45:06","slug":"los-reyes-de-espana-inauguraron-la-43-edicion-de-la-fitur-2023","status":"publish","type":"post","link":"https:\/\/www.diarioimagen.net\/?p=571916","title":{"rendered":"Los Reyes de Espa\u00f1a inauguraron la 43 edici\u00f3n de la Fitur 2023"},"content":{"rendered":"<h2>De cinco estrellas<\/h2>\n<h5>Victoria Gonz\u00e1lez Prado<\/h5>\n<p>&nbsp;<\/p>\n<ul>\n<li><strong><em>M\u00e9xico presente en la Feria internacional de Turismo<\/em><\/strong><\/li>\n<li><strong><em>IHG celebra la certificaci\u00f3n Equidad MX como una de las mejores compa\u00f1\u00edas para el talento LGBTQ+ en M\u00e9xico<\/em><\/strong><\/li>\n<\/ul>\n<p>&nbsp;<\/p>\n<div id=\"attachment_571954\" style=\"width: 470px\" class=\"wp-caption aligncenter\"><a href=\"https:\/\/www.diarioimagen.net\/?attachment_id=571954\" rel=\"attachment wp-att-571954\"><img loading=\"lazy\" decoding=\"async\" aria-describedby=\"caption-attachment-571954\" class=\"size-full wp-image-571954\" src=\"https:\/\/www.diarioimagen.net\/wp-content\/uploads\/2023\/01\/turismo-8.jpg\" alt=\"\" width=\"460\" height=\"270\" \/><\/a><p id=\"caption-attachment-571954\" class=\"wp-caption-text\">Los Reyes de Espa\u00f1a con los representantes de los pa\u00edses participantes en la Fitur 2023.<\/p><\/div>\n<p>&nbsp;<\/p>\n<p>Los Reyes de Espa\u00f1a inauguraron la 43 edici\u00f3n de la Feria Internacional de Turismo, Fitur 2023 organizada por Ifema Madrid y a decir de los expertos se lleva a cabo en momento clave para consolidad la recuperaci\u00f3n de la actividad tur\u00edstica en todo el mundo.<\/p>\n<p>Desde el pasado mi\u00e9rcoles 18 y hasta el domingo 22, habr\u00e1 8 mil 500 participantes, 131 pa\u00edses y 755 expositores titulares estar\u00e1n en esta edici\u00f3n para la que se prev\u00e9 acudan alrededor de 120 mil profesionales y cerca de 90 mil visitantes de p\u00fablico general y como les comentamos oportunamente, Guatemala es el pa\u00eds socio de la Fitur 2023.<\/p>\n<p>El rey <strong>Felipe VI<\/strong> y la reina <strong>Letizia<\/strong>, fueron recibidos por el presidente del Comit\u00e9 Ejecutivo de la Ifema, <strong>Jos\u00e9 Vicente de los Mozos<\/strong>, y agradecieron al presidente de Guatemala, <strong>Alejandro Eduardo Giammattei Falla<\/strong>, su importante participaci\u00f3n y juntos recorrieron los distintos pabellones, acompa\u00f1ados tambi\u00e9n por la presidenta del Congreso de los Diputados, <strong>Meritxell Batet<\/strong>; la presidenta de la Comunidad de Madrid, <strong>Isabel D\u00edaz Ayuso<\/strong>; la ministra de Comercio, Industria y Turismo, <strong>Reyes Maroto<\/strong>; el secretario general de la Organizaci\u00f3n Mundial de Turismo (OMT), <strong>Zurab Pololikasvili<\/strong>, y el alcalde de Madrid, <strong>Jos\u00e9 Luis Mart\u00ednez-Almeida<\/strong>. La Fitur tiene este a\u00f1o superficie de exposici\u00f3n r\u00e9cord, con ocho pabellones repletos, as\u00ed como la participaci\u00f3n directa de titulares de stands que en esta versi\u00f3n crecieron 32 por ciento con respecto al a\u00f1o anterior y hasta 50 por ciento en participaci\u00f3n internacional.<\/p>\n<p>Se prev\u00e9 se superen 120 mil profesionales, y entre los 80 y 90 mil visitantes, que como en todas las ediciones tienen acceso solo el fin de semana. Adem\u00e1s, se generar\u00e1 derrama econ\u00f3mica de m\u00e1s de 400 millones de euros en sectores sumando hospedaje, transporte, comercio, restaurantes y ocio.<\/p>\n<p>\u2730\u2730\u2730\u2730\u2730<strong> Miguel Torruco Marqu\u00e9s,<\/strong> secretario de Turismo federal (Sectur) inaugur\u00f3 el estand de M\u00e9xico en la Fitur 2023 acompa\u00f1ado por <strong>Reyes Maroto<\/strong>, ministra de Industria, Comercio y Turismo de Espa\u00f1a; <strong>Mara Lezama<\/strong>, gobernadora de Quintana Roo y Quirino Ordaz, embajador de M\u00e9xico en la pen\u00ednsula ib\u00e9rica.<\/p>\n<p>\u201cCon mil 111 metros cuadrados y la presencia del Caribe Mexicano rompemos r\u00e9cord como el stand m\u00e1s grande de Am\u00e9rica Latina, donde promoveremos las maravillas del destino, para lograr a trav\u00e9s de un nuevo modelo tur\u00edstico, inversiones y oportunidades de desarrollo, pero con justicia social y prosperidad\u201d, asegur\u00f3 el titular de la Sectur.<\/p>\n<p>En el stand se incluy\u00f3 por primera vez al Caribe Mexicano, hay tambi\u00e9n \u00e1rea especial donde se promueve el Tren Maya.<\/p>\n<p>\u2730\u2730\u2730\u2730\u2730 Por segundo a\u00f1o consecutivo <em>IHG Hotels &amp; Resorts<\/em>, recibi\u00f3 el reconocimiento <em>Equidad <\/em><em>MX, de Human Rights Campaign<\/em>, (HRC por sus siglas en ingl\u00e9s), que eval\u00faa las pr\u00e1cticas de inclusi\u00f3n laboral de las principales empresas y multinacionales en M\u00e9xico y otorga la certificaci\u00f3n del mismo nombre a aquellas que presentan evidencias contundentes sobre pol\u00edticas, pr\u00e1cticas y beneficios corporativos, enfocados a empleados lesbianas, gays, bisexuales, transg\u00e9nero y <em>queer.<\/em><\/p>\n<p>Los lugares de trabajo inclusivos aumentan el compromiso y la productividad de los colaboradores, ayudan a eliminar estigmas sociales, reducen sesgos inconscientes, mejoran los resultados y contribuyen a la atracci\u00f3n y retenci\u00f3n de talento. Con los millennials y la generaci\u00f3n Z integrando el 51 por ciento de la fuerza laboral en Latinoam\u00e9rica, una cultura corporativa inclusiva es prioritaria, pues uno de seis adultos perteneciente a la generaci\u00f3n Z, se identifica como LGBTQ+.<\/p>\n<p><em>Journey to Tomorrow<\/em> es el nombre de la actual estrategia de responsabilidad social y corporativa, de que contempla dentro de sus compromisos, impulsar y defender cultura diversa e inclusiva en donde todos tengan igual oportunidad de prosperar. Sus compromisos en materia social hacia 2030, comprenden:<\/p>\n<p>Impulsar el equilibrio de g\u00e9nero y el duplicar el n\u00famero de ejecutivos de grupos subrepresentados en su liderazgo.<\/p>\n<p>Cultivar cultura inclusiva para sus colegas, propietarios y proveedores. Apoyar a todos los colegas para que prioricen su bienestar y el de los dem\u00e1s. Impulsar el respeto y promover los derechos humanos.<\/p>\n<p><strong>Jorge Apaez<\/strong><em>, Chief Operating Officer de IHG Hotels &amp; Resorts <\/em>en M\u00e9xico Am\u00e9rica Latina y el Caribe<em>,<\/em> dijo: <em>\u201c<\/em>garantizar espacios seguros para nuestros colaboradores y hu\u00e9spedes es importante para nosotros y fundamental en el cumplimiento de nuestra promesa de brindar hospitalidad genuina, siempre. En los hoteles que lleva nuestro sello, todos son bienvenidos a ser ellos mismos y estamos enfocados en ser un empleador atractivo para un conjunto crecientemente diverso de personas\u201d.<\/p>\n<p><strong>Mauricio Orenday<em>, Senior Corporate Communications Manager <\/em><\/strong>para IHG en M\u00e9xico, Latinoam\u00e9rica y el Caribe y l\u00edder del grupo de afinidad LGBTQ+ \u201c<em>Out &amp; Open\u201d<\/em> en la misma regi\u00f3n, a\u00f1adi\u00f3: \u201cpara una compa\u00f1\u00eda de nuestra escala e influencia, es importante reflejar el mundo en el que operamos. Nos enorgullece repetir este 2023 como compa\u00f1\u00eda certificada por HRC en M\u00e9xico, porque habla de la constancia y el progreso que hemos logrado en la regi\u00f3n y el \u00e9xito de nuestra estrategia local de Diversidad e Inclusi\u00f3n\u201d.<\/p>\n<p>HRC es el brazo educativo de la organizaci\u00f3n de derechos civiles m\u00e1s grande de los Estados Unidos de Norteam\u00e9rica, que trabaja para lograr la igualdad para las personas LGBTQ+ y un mundo en el que sean aceptadas como miembros en pleno derecho en todos los \u00e1mbitos de la sociedad.<\/p>\n<p>IHG tiene m\u00e1s de 6 mil hoteles en 100 pa\u00edses y oficinas corporativas alrededor del mundo; trabajando en todas sus ubicaciones y con una sola voz, para crear sentido de pertenencia, dando aforo a una gran variedad de or\u00edgenes, experiencias y perspectiva. Sus colegas representan m\u00faltiples nacionalidades, culturas, religiones, razas, sexualidades, or\u00edgenes y creencias. Es tambi\u00e9n, firmante de los Est\u00e1ndares LGBTI para empresas de la ONU, que se enfocan en abordar la discriminaci\u00f3n contra las personas de la diversidad sexual.<\/p>\n<p>&nbsp;<\/p>\n<blockquote>\n<p style=\"text-align: right;\">\u201c<strong>El<\/strong> <strong>\u00e1ngel de la fama tiene sus alas hechas de papel&#8230; peri\u00f3dico\u201d.<br \/>\n<\/strong><\/p>\n<\/blockquote>\n<p>&nbsp;<\/p>\n<p><em><span class=\"Apple-converted-space\"><a href=\"mailto:victoriagprado@gmail.com\" target=\"_blank\" rel=\"noopener noreferrer\">victoriagprado@gmail.com<\/a><br \/>\nTwitter: <a href=\"https:\/\/twitter.com\/victoriagprado\" target=\"_blank\" rel=\"noopener noreferrer\">@victoriagprado<\/a><\/span><\/em><\/p>\n","protected":false},"excerpt":{"rendered":"<p>Los Reyes de Espa\u00f1a inauguraron la 43 edici\u00f3n de la Feria Internacional de Turismo, Fitur 2023 organizada por Ifema Madrid y a decir de los expertos se lleva a cabo en momento clave para consolidad la recuperaci\u00f3n de la actividad tur\u00edstica en todo el mundo.<\/p>\n","protected":false},"author":3,"featured_media":571954,"comment_status":"open","ping_status":"open","sticky":false,"template":"","format":"standard","meta":{"_monsterinsights_skip_tracking":false,"_monsterinsights_sitenote_active":false,"_monsterinsights_sitenote_note":"","_monsterinsights_sitenote_category":0,"footnotes":""},"categories":[11],"tags":[107,43674,106],"class_list":["post-571916","post","type-post","status-publish","format-standard","has-post-thumbnail","hentry","category-turismo","tag-de-cinco-estrellas","tag-opinion","tag-victoria-gonzalez-prado"],"_links":{"self":[{"href":"https:\/\/www.diarioimagen.net\/index.php?rest_route=\/wp\/v2\/posts\/571916","targetHints":{"allow":["GET"]}}],"collection":[{"href":"https:\/\/www.diarioimagen.net\/index.php?rest_route=\/wp\/v2\/posts"}],"about":[{"href":"https:\/\/www.diarioimagen.net\/index.php?rest_route=\/wp\/v2\/types\/post"}],"author":[{"embeddable":true,"href":"https:\/\/www.diarioimagen.net\/index.php?rest_route=\/wp\/v2\/users\/3"}],"replies":[{"embeddable":true,"href":"https:\/\/www.diarioimagen.net\/index.php?rest_route=%2Fwp%2Fv2%2Fcomments&post=571916"}],"version-history":[{"count":0,"href":"https:\/\/www.diarioimagen.net\/index.php?rest_route=\/wp\/v2\/posts\/571916\/revisions"}],"wp:featuredmedia":[{"embeddable":true,"href":"https:\/\/www.diarioimagen.net\/index.php?rest_route=\/wp\/v2\/media\/571954"}],"wp:attachment":[{"href":"https:\/\/www.diarioimagen.net\/index.php?rest_route=%2Fwp%2Fv2%2Fmedia&parent=571916"}],"wp:term":[{"taxonomy":"category","embeddable":true,"href":"https:\/\/www.diarioimagen.net\/index.php?rest_route=%2Fwp%2Fv2%2Fcategories&post=571916"},{"taxonomy":"post_tag","embeddable":true,"href":"https:\/\/www.diarioimagen.net\/index.php?rest_route=%2Fwp%2Fv2%2Ftags&post=571916"}],"curies":[{"name":"wp","href":"https:\/\/api.w.org\/{rel}","templated":true}]}}