{"id":571924,"date":"2023-01-20T00:00:33","date_gmt":"2023-01-20T06:00:33","guid":{"rendered":"https:\/\/www.diarioimagen.net\/?p=571924"},"modified":"2023-01-20T03:15:53","modified_gmt":"2023-01-20T09:15:53","slug":"inaugurara-mara-lezama-la-expo-electrica-y-solar-del-caribe","status":"publish","type":"post","link":"https:\/\/www.diarioimagen.net\/?p=571924","title":{"rendered":"Inaugurar\u00e1 Mara Lezama la Expo El\u00e9ctrica y Solar del Caribe"},"content":{"rendered":"<h2>Hora 14<\/h2>\n<h5>Mauricio Conde Olivares<\/h5>\n<p>&nbsp;<\/p>\n<p>Del 28 de noviembre al 15 de diciembre de 2022 se levant\u00f3 la Encuesta Nacional de Seguridad P\u00fablica Urbana (ENSU) correspondiente al cuarto trimestre de 2022. Su objetivo general es realizar estimaciones en torno a la percepci\u00f3n de la gente sobre la seguridad p\u00fablica en su ciudad.<\/p>\n<p>Por eso, le puedo informar que a nivel nacional, en diciembre del a\u00f1o pasado, 64.2% de la poblaci\u00f3n de 18 a\u00f1os y m\u00e1s consider\u00f3 inseguro vivir en su ciudad.\u00a0 Durante diciembre de 2022, 69.9 % de las mujeres y 57.4 % de los hombres consideraron que es inseguro vivir en su ciudad.<\/p>\n<p>En cuanto a la percepci\u00f3n de inseguridad en espacios f\u00edsicos espec\u00edficos, en diciembre de 2022, 74.3 % de la poblaci\u00f3n manifest\u00f3 sentirse insegura en los cajeros autom\u00e1ticos localizados en la v\u00eda p\u00fablica; 67.1 %, en el transporte p\u00fablico; 58.9 %, en el banco y 57.0 %, en las calles que habitualmente usa.<\/p>\n<p>Respecto a la percepci\u00f3n de inseguridad en espacios f\u00edsicos espec\u00edficos, en diciembre de 2022, 80.2 % de las mujeres manifest\u00f3 sentir inseguridad en los cajeros autom\u00e1ticos localizados en la v\u00eda p\u00fablica y 72.1 %, en el transporte p\u00fablico. Le reitero el detalle de que en el caso de los hombres, 67.8 % manifest\u00f3 sentir inseguridad en los cajeros autom\u00e1ticos localizados en la v\u00eda p\u00fablica y 60.6 %, en el transporte p\u00fablico.<\/p>\n<p>La informaci\u00f3n que se genera con esta encuesta permite tener el panorama de aspectos relacionados con la seguridad p\u00fablica. Los dos primeros se refieren a la percepci\u00f3n de seguridad en t\u00e9rminos del temor a la delincuencia. El tercero se enfoca en el conocimiento de conductas delictivas o antisociales.\u00a0\u00a0 El cuarto aspecto se centra en el cambio de rutinas o h\u00e1bitos por temor a ser v\u00edctima del delito y el quinto muestra la percepci\u00f3n sobre el desempe\u00f1o de las polic\u00edas preventiva municipal, estatal, Guardia Nacional, Ej\u00e9rcito y Marina.<\/p>\n<p>Adem\u00e1s, se genera informaci\u00f3n que permite identificar los conflictos o enfrentamientos directos y conductas antisociales con familiares, vecinos, compa\u00f1eros de trabajo o escuela, establecimientos o autoridades de gobierno, la percepci\u00f3n sobre el desempe\u00f1o gubernamental, los principales problemas que enfrentan las personas en su ciudad y la efectividad de las autoridades para atenderlos.<\/p>\n<p style=\"text-align: center;\"><strong>Al borde de una dolorosa recesi\u00f3n<\/strong><\/p>\n<p>Pasemos del tema de la seguridad al del desarrollo econ\u00f3mico y d\u00e9jeme comentarle que estamos al borde de una dolorosa recesi\u00f3n, la econom\u00eda global y la sociedad en general necesitan pruebas de que podemos trabajar mejor juntos. Debe restablecerse la importancia del comercio y la inversi\u00f3n para generar crecimiento, desarrollo y resultados sostenibles a fin de evitar pol\u00edticas de desglobalizaci\u00f3n que erosionar\u00e1n los logros del pasado.\u00a0 Las grietas en el sistema comercial se muestran incluso en la desconexi\u00f3n entre los datos y la narrativa. Los vol\u00famenes de comercio mundial de mercanc\u00edas y servicios est\u00e1n en niveles r\u00e9cord. Tanto las exportaciones como las importaciones entre EU y China, entre EU y Europa, y entre China y Europa est\u00e1n en su nivel m\u00e1s alto. Pero la ret\u00f3rica es de fractura y desconexi\u00f3n. Y esa narrativa claramente influye en los inversionistas, con flujos de inversi\u00f3n que siguen teniendo una tendencia a la baja.<\/p>\n<p>De ah\u00ed que tengamos que estar muy receptivos sobre los acuerdos que emanen del Foro Econ\u00f3mico Mundial que tiene lugar en Davos 2023, porque sin duda, hacer frente a las nuevas crisis de seguridad nacional, tecnol\u00f3gica y ambiental requerir\u00e1 un cambio. Pero la fragmentaci\u00f3n y el desacoplamiento del sistema de comercio global ser\u00e1n costosos, tanto econ\u00f3micamente como en nuestra capacidad de responder a los desaf\u00edos de los bienes comunes globales.<\/p>\n<p>Vimos, durante la pandemia de Covid-19, que aunque las cadenas de suministro globales ten\u00edan sus desaf\u00edos, eran un motor esencial de innovaci\u00f3n y producci\u00f3n para equipos de protecci\u00f3n y, m\u00e1s tarde, vacunas y terapias.<\/p>\n<p>Hoy, estamos a punto del anuncio en el Foro Econ\u00f3mico Mundial de la decisi\u00f3n de m\u00e1s de 100 pa\u00edses de simplificar radicalmente los procedimientos de inversi\u00f3n internacional, un cambio radical para la mayor\u00eda de las empresas del mundo que son peque\u00f1as o medianas. Los beneficios de la racionalizaci\u00f3n del comercio y la inversi\u00f3n van proporcionalmente a las naciones en desarrollo, pero vale la pena recordar que el comercio ha reducido el costo de las canastas de compras en dos tercios para las familias de bajos ingresos, incluso en las econom\u00edas avanzadas.<\/p>\n<p style=\"text-align: center;\"><strong>Expo El\u00e9ctrica y Solar del Caribe<\/strong><\/p>\n<p>Por otra parte, le comento que en el municipio de Benito Ju\u00e1rez, Quintana Roo, se realizar\u00e1 La Expo El\u00e9ctrica y Solar del Caribe del 7 al 9 de febrero en el Canc\u00fan Center, d\u00f3nde habr\u00e1 m\u00e1s de 30 conferencias magistrales con temas referentes a iluminaci\u00f3n, automatizaci\u00f3n, aplicaciones en sistemas fotovoltaicos, c\u00f3digo de red, ingenier\u00eda y electromovilidad.\u00a0 Adem\u00e1s, la gobernadora Mara Lezama estar\u00e1 presente como invitada de honor en la\u00a0 inauguraci\u00f3n de la Expo El\u00e9ctrica y Solar del Caribe porque Canc\u00fan es el principal centro de inversi\u00f3n y desarrollo hospitalario de Am\u00e9rica Latina.<\/p>\n<p>M\u00e1s de 3,500 empresarios compradores profesionales e influyentes en la toma de decisi\u00f3n del sector el\u00e9ctrico de Colombia, Costa Rica, Panam\u00e1, Guatemala, Belice y Rep\u00fablica Dominicana, as\u00ed como del Centro y Sureste de M\u00e9xico \u2013Campeche, Yucat\u00e1n y Quintana Roo, estar\u00e1n presentes en el evento.<\/p>\n<p>Estamos hablando de la mejor plataforma de negocios en iluminaci\u00f3n, automatizaci\u00f3n, control, material, equipo el\u00e9ctrico y energ\u00eda sustentable.<\/p>\n<p>Contaremos en el Canc\u00fan Center con la presencia de due\u00f1os de hoteles, restaurantes, bares, cafeter\u00edas, spas; Directores generales; gerentes de compras, mantenimiento, operaciones, mercadotecnia, seguridad e ingenier\u00eda, quienes ser\u00e1n atendidos por los representantes de las 60 empresas proveedoras del sector el\u00e9ctrico nacional m\u00e1s importantes de M\u00e9xico y del exterior quienes dar\u00e1n a conocer en la Exposici\u00f3n los avances y tecnolog\u00edas de nueva generaci\u00f3n para este sector.<\/p>\n<p>El director del comit\u00e9 organizador de la Expo El\u00e9ctrica y Solar del Caribe, Jaime Salazar Figueroa, inform\u00f3 que al evento de inauguraci\u00f3n est\u00e1 invitada la gobernadora Mara Lezama, quien participar\u00e1 en una de las conferencias magistrales ya que est\u00e1 interesada en la generaci\u00f3n de energ\u00edas limpias para el estado de Quintana Roo.\u00a0\u00a0 Asimismo, explic\u00f3 que como parte de la Expo El\u00e9ctrica y Solar del Caribe 2023 se organiza un panel de m\u00e1s de 30 conferencias magistrales en donde se analizar\u00e1 la situaci\u00f3n del sector el\u00e9ctrico en el pa\u00eds y sobre todo del Sureste mexicano.<\/p>\n<p>Habr\u00e1 m\u00e1s 30 conferencias magistrales, dijo, con temas referentes a iluminaci\u00f3n, automatizaci\u00f3n, aplicaciones en sistemas fotovoltaicos, c\u00f3digo de red, ingenier\u00eda y electromovilidad. La Expo El\u00e9ctrica y Solar del Caribe 2023 ocupar\u00e1 tres mil m2 de piso de exhibici\u00f3n del sal\u00f3n Canc\u00fan del Canc\u00fan Center, en Canc\u00fan, Quintana Roo, sede oficial.<\/p>\n<p>Con informaci\u00f3n de la Sedetur de Quintana Roo le podemos informar que Canc\u00fan adquiere aproximadamente al a\u00f1o de la Industria El\u00e9ctrica m\u00e1s de 10.9 mil millones de d\u00f3lares (cifras al cierre del a\u00f1o 2021). Cuenta con m\u00e1s de 123 mil llaves cuarto y m\u00e1s de 7 mil nuevos cuartos en construcci\u00f3n (enero de 2022). Por lo que es el principal centro de inversi\u00f3n y desarrollo hospitalario de Am\u00e9rica Latina.<\/p>\n<p style=\"text-align: center;\"><strong>C\u00e1mara de Comercio de Madrid tendr\u00eda representaci\u00f3n en Canc\u00fan<\/strong><\/p>\n<p>En otro orden, le informo que a iniciativa de Ana Patricia Peralta de la Pe\u00f1a, presidenta municipal de Benito Ju\u00e1rez, se abre la posibilidad de que la C\u00e1mara de Comercio de Madrid tenga una representaci\u00f3n en Canc\u00fan, \u201cla \u00fanica en M\u00e9xico y Latinoam\u00e9rica, un intercambio hist\u00f3rico, para dar certeza comercial a la comunidad espa\u00f1ola en nuestra ciudad, captar m\u00e1s inversi\u00f3n y que los ciudadanos y turistas de ese pa\u00eds tengan un espacio al que recurrir si lo necesitan\u201d.<\/p>\n<p>Tras un exitoso primer d\u00eda de actividades en la Feria Internacional de Turismo (Fitur) 2023, organizada en Madrid, Espa\u00f1a, la Presidenta Municipal de Benito Ju\u00e1rez, Ana Patricia Peralta, junto con el presidente de la C\u00e1mara de Comercio, Industria y Servicios de Madrid, \u00c1ngel Asensio Laguna, signaron una Carta de Intenci\u00f3n de colaboraci\u00f3n entre la instituci\u00f3n y el gobierno municipal, con el compromiso de contribuir a un ecosistema de negocios pr\u00f3spero y confiable, cuyo contexto es que 1 de cada 3 cuartos de hotel en Canc\u00fan son inversi\u00f3n espa\u00f1ola.<\/p>\n<p>Durante la firma, Ana Patricia Peralta puntualiz\u00f3 que este acuerdo, que se viene trabajando desde que era presidenta municipal nuestra actual gobernadora, Mara Lezama, hoy por fin es una realidad que permitir\u00e1 contar con representaci\u00f3n en la ciudad, a trav\u00e9s de una iniciativa sin precedentes en la regi\u00f3n de Latinoam\u00e9rica, a fin de atraer mayor inversi\u00f3n de empresas espa\u00f1olas, las cuales representan el 32 de la oferta hotelera del Caribe mexicano.<\/p>\n<p>A\u00f1adi\u00f3 que este convenio tambi\u00e9n contempla contar con un espacio, adicional a los consulados, al cual los turistas espa\u00f1oles puedan acudir ante cualquier situaci\u00f3n que requieran durante su estancia en Canc\u00fan. Detall\u00f3 que esta propuesta es de gran importancia ya que actualmente el mercado espa\u00f1ol se encuentra en el top 10 de los mercados emisores v\u00eda a\u00e9rea hacia Canc\u00fan.<\/p>\n<p>Esto tambi\u00e9n permite realizar acciones para establecer futuros v\u00ednculos de cooperaci\u00f3n, colaboraci\u00f3n y entendimiento, a fin de fortalecer los mecanismos de apoyo en materia tur\u00edstica, cultural, econ\u00f3mica e intercambios, as\u00ed como en cualquier \u00e1mbito cuyo desarrollo sea ben\u00e9fico para ambas ciudades indic\u00f3 Ana Patricia Peralta, en compa\u00f1\u00eda de la presidenta municipal de Puerto Morelos, Blanca Merari Tziu,\u00a0 que atestigu\u00f3 la firma del convenio.<\/p>\n<p>Adem\u00e1s, la alcaldesa junto al secretario municipal de Turismo, Juan Pablo de Zulueta Razo y el regidor Eduardo Kuyoc Mart\u00ednez como parte de las reuniones realizadas en el marco de la 43 edici\u00f3n de FITUR 2023 las autoridades municipales dialogaron con Franz Muller de Amadeus &amp; Canc\u00fan y, por separado, con el alcalde de Granadilla de Abona, en Espa\u00f1a, Jos\u00e9 Domingo Regalado Gonz\u00e1lez, con el objetivo de fortalecer las relaciones internacionales de la ciudad y promover el turismo en Canc\u00fan; empero, lo anterior ser\u00e1 motivo de otro an\u00e1lisis en posterior entrega de <strong><em>Hora 14<\/em><\/strong>.<\/p>\n<p><em><a href=\"mailto:%20mauricio_conde@msn.com\" target=\"_blank\" rel=\"noopener noreferrer\">mauricioconde59@outlook.com<\/a><\/em><br \/>\n<em>Twitter: <a href=\"https:\/\/twitter.com\/mauconde\" target=\"_blank\" rel=\"noopener\">@mauconde<\/a><\/em><\/p>\n","protected":false},"excerpt":{"rendered":"<p><span style=\"color: #005497;\"><strong>Mauricio Conde Olivares<\/strong><\/span><\/p>\n","protected":false},"author":3,"featured_media":0,"comment_status":"open","ping_status":"open","sticky":false,"template":"","format":"standard","meta":{"_monsterinsights_skip_tracking":false,"_monsterinsights_sitenote_active":false,"_monsterinsights_sitenote_note":"","_monsterinsights_sitenote_category":0,"footnotes":""},"categories":[35889],"tags":[43712,43674,44860],"class_list":["post-571924","post","type-post","status-publish","format-standard","hentry","category-mauricio-conde-olivares","tag-mauricio-conde-olivares","tag-opinion","tag-hora-14"],"_links":{"self":[{"href":"https:\/\/www.diarioimagen.net\/index.php?rest_route=\/wp\/v2\/posts\/571924","targetHints":{"allow":["GET"]}}],"collection":[{"href":"https:\/\/www.diarioimagen.net\/index.php?rest_route=\/wp\/v2\/posts"}],"about":[{"href":"https:\/\/www.diarioimagen.net\/index.php?rest_route=\/wp\/v2\/types\/post"}],"author":[{"embeddable":true,"href":"https:\/\/www.diarioimagen.net\/index.php?rest_route=\/wp\/v2\/users\/3"}],"replies":[{"embeddable":true,"href":"https:\/\/www.diarioimagen.net\/index.php?rest_route=%2Fwp%2Fv2%2Fcomments&post=571924"}],"version-history":[{"count":0,"href":"https:\/\/www.diarioimagen.net\/index.php?rest_route=\/wp\/v2\/posts\/571924\/revisions"}],"wp:attachment":[{"href":"https:\/\/www.diarioimagen.net\/index.php?rest_route=%2Fwp%2Fv2%2Fmedia&parent=571924"}],"wp:term":[{"taxonomy":"category","embeddable":true,"href":"https:\/\/www.diarioimagen.net\/index.php?rest_route=%2Fwp%2Fv2%2Fcategories&post=571924"},{"taxonomy":"post_tag","embeddable":true,"href":"https:\/\/www.diarioimagen.net\/index.php?rest_route=%2Fwp%2Fv2%2Ftags&post=571924"}],"curies":[{"name":"wp","href":"https:\/\/api.w.org\/{rel}","templated":true}]}}