{"id":572066,"date":"2023-01-23T00:10:53","date_gmt":"2023-01-23T06:10:53","guid":{"rendered":"https:\/\/www.diarioimagen.net\/?p=572066"},"modified":"2023-01-22T23:38:15","modified_gmt":"2023-01-23T05:38:15","slug":"pendientes-del-gobierno","status":"publish","type":"post","link":"https:\/\/www.diarioimagen.net\/?p=572066","title":{"rendered":"Pendientes del gobierno"},"content":{"rendered":"<h2>De frente y de perfil<\/h2>\n<h5>Ram\u00f3n Zurita Sahag\u00fan<\/h5>\n<p>&nbsp;<\/p>\n<p>Los gobiernos mexicanos mantienen diversos pendientes con sus ciudadanos, muchos de ellos antiqu\u00edsimos, tanto que cada administraci\u00f3n, sin importar la ideolog\u00eda que mantienen, los elude con gran descaro.<\/p>\n<p>Eso s\u00ed, cada nueva campa\u00f1a pol\u00edtica, los aspirantes presidenciales se comprometen a dar pronta respuesta a cada una de los reclamos, aunque en el terreno de la realidad no lo asumen.<\/p>\n<p>La impunidad y la transparencia son de esos grandes reclamos que se mantienen pendientes, sin que se note cambio alguno con los recambios de siglas en el poder.<\/p>\n<p>Transparencia e impunidad van de la mano constantemente, aunque se deslindan en algunos casos.<\/p>\n<p>Vemos constantemente c\u00f3mo quedan impunes la mayor\u00eda de los cr\u00edmenes y se quedan sin aclarar, adjudic\u00e1ndolos en ocasiones frecuentes al crimen organizado y al ajuste de cuentas, sin dar mayor informaci\u00f3n de los mismos.<\/p>\n<p>Sin embargo, el caso de la transparencia es donde mayores omisiones se cometen, ya que el gobierno se niega a dar informaci\u00f3n sobre temas diversos y solamente cuando salen a la luz p\u00fablica es cuando medianamente sale informaci\u00f3n del tema por parte de la administraci\u00f3n p\u00fablica.<\/p>\n<p>No hablamos solamente de los desfalcos, desv\u00edos de recursos y actos de corrupci\u00f3n que se cometen con mucha frecuencia desde las altas esferas del poder p\u00fablico.<\/p>\n<p>Hacemos referencia de informaci\u00f3n que la ciudadan\u00eda debe conocer y que se le oculta constantemente como son los recambios en los cargos p\u00fablicos, las renuncias en el sector p\u00fablico (donde los motivos de salud es la salida m\u00e1s frecuente) y tocante a este \u00faltimo punto es donde m\u00e1s misterio, cautela y silencio se guarda.<\/p>\n<p>La salud del Presidente de la Rep\u00fablica es uno de los grandes secretos de los gobiernos, los que jam\u00e1s transparentan la verdadera salud de los encargados del Ejecutivo federal.<\/p>\n<p>Cada Presidente de M\u00e9xico era considerado un hombre de hierro, sin descansos ni s\u00e1bados ni domingos, mucho menos se tomaban unas vacaciones o enfermaban de algo.<\/p>\n<p>Fue hasta que el entonces Presidente Vicente Fox Quesada requiri\u00f3 de una intervenci\u00f3n quir\u00fargica que tuvo que darse un parte m\u00e9dico, ya que en la operaci\u00f3n era necesario el uso de la anestesia y los juristas se vieron en la necesidad de dar a conocer la situaci\u00f3n y que ante una emergencia se deb\u00eda tener cubierta la legalidad de cualquier percance.<\/p>\n<p>Felipe Calder\u00f3n sufri\u00f3 un accidente en bicicleta ya tambi\u00e9n se inform\u00f3 del tema, por la necesidad del uso de una f\u00e9rula y ante la cantidad de versiones surgida sobre la causa del accidente.<\/p>\n<p>Enrique Pe\u00f1a Nieto tambi\u00e9n fue intervenido quir\u00fargicamente y tambi\u00e9n se necesit\u00f3 informar a la ciudadan\u00eda sobre el hecho.<\/p>\n<p>Sin embargo, el a\u00f1o pasado la intervenci\u00f3n de los hackers dieron cuenta de que el Presidente L\u00f3pez Obrador fue trasladado en una ambulancia militar desde su rancho en Palenque, Chiapas, al hospital militar de la CDMX, en una emergencia, que muchos meses despu\u00e9s reconoci\u00f3 el propio gobierno.<\/p>\n<p>Recientemente, la salud del Fiscal General de la Rep\u00fablica se puso en duda, ya que filtraciones period\u00edsticas adujeron que Alejandro Gertz Manero se encontraba con una enfermedad terminal, por lo que el Presidente L\u00f3pez Obrador sali\u00f3 al paso para decir que el personaje en cuesti\u00f3n estaba muy bien de salud, aunque hab\u00eda sido necesario hacerla una \u201creparaci\u00f3n\u201d. Sin embargo, las versiones del fallecimiento del titular de la FGR se hicieron virales y se tuvo que salir a desmentirlas.<\/p>\n<p>Cada que se acerca una campa\u00f1a presidencial salta al debate la salud de los candidatos, por lo que hay quienes exigen se les realicen ex\u00e1menes de todo tipo para conocer la salud f\u00edsica y mental de los aspirantes, pero tambi\u00e9n valdr\u00eda la pena ventilar todos los temas de salud de los principales colaboradores.<\/p>\n<p style=\"text-align: center;\"><strong>*****<\/strong><\/p>\n<p>Nuevamente, salta la pregunta del porqu\u00e9 los servidores p\u00fablicos no hacen uso de los servicios de salud a los que tienen derecho y prefieren tratarse en hospitales privados, incluso del extranjero. Asegura el Presidente que M\u00e9xico cuenta con servicios de salud de primer nivel que a finales de este a\u00f1o estaremos a la par de Dinamarca.<\/p>\n<p><a href=\"mailto:ramonzurita44@hotmail.com\" target=\"_blank\" rel=\"noopener noreferrer\"><em>ramonzurita44@hotmail.com<\/em><\/a><\/p>\n","protected":false},"excerpt":{"rendered":"<p><span style=\"color: #005497;\"><strong>Ram\u00f3n Zurita Sahag\u00fan<\/strong><\/span><\/p>\n","protected":false},"author":3,"featured_media":0,"comment_status":"open","ping_status":"open","sticky":false,"template":"","format":"standard","meta":{"_monsterinsights_skip_tracking":false,"_monsterinsights_sitenote_active":false,"_monsterinsights_sitenote_note":"","_monsterinsights_sitenote_category":0,"footnotes":""},"categories":[234],"tags":[304,43674,43687],"class_list":["post-572066","post","type-post","status-publish","format-standard","hentry","category-ramon-zurita-sahagun","tag-de-frente-y-de-perfil","tag-opinion","tag-ramon-zurita-sahagun"],"_links":{"self":[{"href":"https:\/\/www.diarioimagen.net\/index.php?rest_route=\/wp\/v2\/posts\/572066","targetHints":{"allow":["GET"]}}],"collection":[{"href":"https:\/\/www.diarioimagen.net\/index.php?rest_route=\/wp\/v2\/posts"}],"about":[{"href":"https:\/\/www.diarioimagen.net\/index.php?rest_route=\/wp\/v2\/types\/post"}],"author":[{"embeddable":true,"href":"https:\/\/www.diarioimagen.net\/index.php?rest_route=\/wp\/v2\/users\/3"}],"replies":[{"embeddable":true,"href":"https:\/\/www.diarioimagen.net\/index.php?rest_route=%2Fwp%2Fv2%2Fcomments&post=572066"}],"version-history":[{"count":0,"href":"https:\/\/www.diarioimagen.net\/index.php?rest_route=\/wp\/v2\/posts\/572066\/revisions"}],"wp:attachment":[{"href":"https:\/\/www.diarioimagen.net\/index.php?rest_route=%2Fwp%2Fv2%2Fmedia&parent=572066"}],"wp:term":[{"taxonomy":"category","embeddable":true,"href":"https:\/\/www.diarioimagen.net\/index.php?rest_route=%2Fwp%2Fv2%2Fcategories&post=572066"},{"taxonomy":"post_tag","embeddable":true,"href":"https:\/\/www.diarioimagen.net\/index.php?rest_route=%2Fwp%2Fv2%2Ftags&post=572066"}],"curies":[{"name":"wp","href":"https:\/\/api.w.org\/{rel}","templated":true}]}}