{"id":572096,"date":"2023-01-23T00:02:00","date_gmt":"2023-01-23T06:02:00","guid":{"rendered":"https:\/\/www.diarioimagen.net\/?p=572096"},"modified":"2023-01-23T02:24:54","modified_gmt":"2023-01-23T08:24:54","slug":"inicia-formalmente-en-corte-de-nueva-york-el-juicio-contra-genaro-garcia-luna","status":"publish","type":"post","link":"https:\/\/www.diarioimagen.net\/?p=572096","title":{"rendered":"Inicia formalmente en Corte de Nueva York el juicio contra Genaro Garc\u00eda Luna"},"content":{"rendered":"<p>&nbsp;<\/p>\n<h3 style=\"text-align: center;\">El destino del \u201csuperpolic\u00eda\u201d, en manos de 12 personas<\/h3>\n<p>&nbsp;<\/p>\n<ul>\n<li><em><strong>Narcos mexicanos como \u201cEl rey\u201d Zambada y Sergio Villarreal Barrag\u00e1n, entre los testigos<\/strong> <\/em><\/li>\n<\/ul>\n<p>&nbsp;<\/p>\n<div id=\"attachment_572136\" style=\"width: 470px\" class=\"wp-caption aligncenter\"><a href=\"https:\/\/www.diarioimagen.net\/?attachment_id=572136\" rel=\"attachment wp-att-572136\"><img loading=\"lazy\" decoding=\"async\" aria-describedby=\"caption-attachment-572136\" class=\"size-full wp-image-572136\" src=\"https:\/\/www.diarioimagen.net\/wp-content\/uploads\/2023\/01\/JUICIO-GARCIA-LUNA.jpg\" alt=\"\" width=\"460\" height=\"270\" \/><\/a><p id=\"caption-attachment-572136\" class=\"wp-caption-text\">El destino de Genaro Garc\u00eda Luna, acusado de encubrir al C\u00e1rtel de Sinaloa, estar\u00e1 en manos de siete mujeres y cinco hombres, que integran el jurado del juicio que se lleva a cabo en una Corte de Nueva York.<\/p><\/div>\n<p>&nbsp;<\/p>\n<p>El destino de Genaro Garc\u00eda Luna est\u00e1 en manos de siete mujeres y cinco hombres, que integran el jurado del juicio contra ex secretario ex secretario de Seguridad P\u00fablica del ex presidente Felipe Calder\u00f3n, que inici\u00f3 este lunes en la Corte de Distrito este de Nueva York, Estados Unidos.<\/p>\n<p>El hombre, que como funcionario fue el m\u00e1ximo responsable de seguridad de M\u00e9xico y el encargado de la lucha contra los c\u00e1rteles de la droga, fue presentado el pasado martes en este tribunal para enfrentar cargos de, presuntamente, haber aceptado millones de d\u00f3lares en sobornos a cambio de ayudar al poderoso C\u00e1rtel de Sinaloa a mover drogar y a evitar la captura de sus miembros.<\/p>\n<p>La Fiscal\u00eda de Estados Unidos alega que Garc\u00eda Luna acept\u00f3 decenas de millones de d\u00f3lares, a menudo metidos en maletines. Las pruebas en su contra incluyen recibos, aunque no est\u00e1 claro si eran de trabajos oficiales, de consultor\u00edas del sector privado, de pagos del c\u00e1rtel o de otros sobornos.<\/p>\n<p>Afirman que sigui\u00f3 viviendo de sus ganancias il\u00edcitas incluso despu\u00e9s de mudarse a Estados Unidos, donde fue arrestado en 2019, aunque su defensa alega que era un empresario leg\u00edtimo.<\/p>\n<p>El caso podr\u00eda revelar c\u00f3mo los c\u00e1rteles han podido operar abiertamente durante tanto tiempo: Con sobornos a la polic\u00eda y al ej\u00e9rcito hasta los cargos m\u00e1s altos.<\/p>\n<p>Garc\u00eda Luna se ha declarado no culpable de los cargos de narcotr\u00e1fico y de empresa criminal. Si es declarado culpable, podr\u00eda pasar d\u00e9cadas en prisi\u00f3n. De probarse las acusaciones podr\u00eda pasar entre diez a\u00f1os y el resto de su vida en prisi\u00f3n.<\/p>\n<p>\u201cDesde hace d\u00e9cadas, las \u00e9lites pol\u00edticas en M\u00e9xico, de todos los partidos, han buscado por todos los medios que generales, secretarios de Seguridad, comandantes de polic\u00eda, secretarios de Gobernaci\u00f3n y altos funcionarios coludidos por el narco sean enjuiciados y encarcelados en c\u00e1rceles mexicanas&#8230; para que no divulguen informaci\u00f3n sobre los v\u00ednculos entre la clase pol\u00edtica y los c\u00e1rteles de la droga\u201d, dijo el analista de seguridad en M\u00e9xico David Saucedo. \u201cEl juicio a Garc\u00eda Luna en Estados Unidos rompe con ese esquema\u201d.<\/p>\n<p>En el tribunal de Brooklyn se espera un desfile de testigos gubernamentales, incluyendo miembros de alto nivel del c\u00e1rtel, nunca visto all\u00ed desde que el jefe del c\u00e1rtel de Sinaloa, Joaqu\u00edn \u201cEl Chapo\u201d Guzm\u00e1n, fue condenado a cadena perpetua en 2019.<\/p>\n<p>Algunas de las acusaciones contra Garc\u00eda Luna surgieron durante ese proceso.<\/p>\n<p>Garc\u00eda Luna no es el primer alto cargo mexicano arrestado por su relaci\u00f3n con el narcotr\u00e1fico. El general Jes\u00fas Guti\u00e9rrez Rebollo, que fue nombrado zar antidroga por el presidente Ernesto Zedillo en 1996, fue arrestado un a\u00f1o despu\u00e9s tras descubrirse que viv\u00eda en un apartamento de lujo propiedad del l\u00edder del c\u00e1rtel de Ju\u00e1rez, Amado Carrillo Fuentes.<\/p>\n<p style=\"text-align: center;\"><strong>Nombres de narcos que ser\u00e1n testigos<\/strong><\/p>\n<p>Se han revelado los nombres de los narcotraficantes mexicanos que ser\u00e1n testigos en el juicio contra Garc\u00eda Luna, ex mano derecha Felipe Calder\u00f3n, en Nueva York. Entre estos est\u00e1n \u201cEl rey\u201d Jes\u00fas Zambada Garc\u00eda, Sergio Villarreal Barrag\u00e1n, alias \u201cEl Grande\u201d y Edgar Veytia, alias \u201cEl Diablo\u201d.<\/p>\n<p>La revista Vice detall\u00f3 que el juez Brian Cogan -quien enjuici\u00f3 a \u201cEl Chapo\u201d- tendr\u00e1 entre los testigos a Sergio Villarreal Barrag\u00e1n, ex lugarteniente principal de la organizaci\u00f3n Beltr\u00e1n-Leyva.<\/p>\n<p>Villarreal Barrag\u00e1n fue arrestado en M\u00e9xico en 2010 (cuando Garc\u00eda Luna todav\u00eda estaba en el cargo) y extraditado a Estados Unidos en 2012.<\/p>\n<p>Mientras que Jes\u00fas Zambada Garc\u00eda, es hermano del l\u00edder del C\u00e1rtel de Sinaloa Ismael \u201cEl Mayo\u201d Zambada.<\/p>\n<p>\u201cEl rey\u201d testific\u00f3 durante el juicio de Joaqu\u00edn \u201cEl Chapo\u201d Guzm\u00e1n y asegur\u00f3 haber entregado personalmente un multimillonario soborno en efectivo a Garc\u00eda Luna.<\/p>\n<p>Por su parte, Veytia alias \u201cLa Bestia\u201d o \u201cEl Diablo\u201d, fue ex fiscal general del estado de Nayarit.<\/p>\n<p>Fue arrestado en 2017 y acusado de corrupci\u00f3n, actualmente cumple una sentencia de prisi\u00f3n de 20 a\u00f1os en los EU.<\/p>\n<p>Entre otros testigos figura Jorge Milton Cifuentes, un narcotraficante colombiano que tambi\u00e9n testific\u00f3 contra \u201cEl Chapo\u201d.<\/p>\n","protected":false},"excerpt":{"rendered":"<p>El destino de Genaro Garc\u00eda Luna est\u00e1 en manos de siete mujeres y cinco hombres, que integran el jurado del juicio contra ex secretario ex secretario de Seguridad P\u00fablica del ex presidente Felipe Calder\u00f3n, que inici\u00f3 este lunes en la Corte de Distrito este de Nueva York, Estados Unidos.<\/p>\n","protected":false},"author":3,"featured_media":572136,"comment_status":"open","ping_status":"open","sticky":false,"template":"","format":"standard","meta":{"_monsterinsights_skip_tracking":false,"_monsterinsights_sitenote_active":false,"_monsterinsights_sitenote_note":"","_monsterinsights_sitenote_category":0,"footnotes":""},"categories":[7],"tags":[21273,707,24378,942,43677],"class_list":["post-572096","post","type-post","status-publish","format-standard","has-post-thumbnail","hentry","category-seguridad","tag-corte","tag-genaro-garcia-luna","tag-juicio","tag-nueva-york","tag-seguridad"],"_links":{"self":[{"href":"https:\/\/www.diarioimagen.net\/index.php?rest_route=\/wp\/v2\/posts\/572096","targetHints":{"allow":["GET"]}}],"collection":[{"href":"https:\/\/www.diarioimagen.net\/index.php?rest_route=\/wp\/v2\/posts"}],"about":[{"href":"https:\/\/www.diarioimagen.net\/index.php?rest_route=\/wp\/v2\/types\/post"}],"author":[{"embeddable":true,"href":"https:\/\/www.diarioimagen.net\/index.php?rest_route=\/wp\/v2\/users\/3"}],"replies":[{"embeddable":true,"href":"https:\/\/www.diarioimagen.net\/index.php?rest_route=%2Fwp%2Fv2%2Fcomments&post=572096"}],"version-history":[{"count":0,"href":"https:\/\/www.diarioimagen.net\/index.php?rest_route=\/wp\/v2\/posts\/572096\/revisions"}],"wp:featuredmedia":[{"embeddable":true,"href":"https:\/\/www.diarioimagen.net\/index.php?rest_route=\/wp\/v2\/media\/572136"}],"wp:attachment":[{"href":"https:\/\/www.diarioimagen.net\/index.php?rest_route=%2Fwp%2Fv2%2Fmedia&parent=572096"}],"wp:term":[{"taxonomy":"category","embeddable":true,"href":"https:\/\/www.diarioimagen.net\/index.php?rest_route=%2Fwp%2Fv2%2Fcategories&post=572096"},{"taxonomy":"post_tag","embeddable":true,"href":"https:\/\/www.diarioimagen.net\/index.php?rest_route=%2Fwp%2Fv2%2Ftags&post=572096"}],"curies":[{"name":"wp","href":"https:\/\/api.w.org\/{rel}","templated":true}]}}