{"id":572100,"date":"2023-01-23T00:02:35","date_gmt":"2023-01-23T06:02:35","guid":{"rendered":"https:\/\/www.diarioimagen.net\/?p=572100"},"modified":"2023-01-23T02:36:51","modified_gmt":"2023-01-23T08:36:51","slug":"garantizadas-transparencia-y-certeza-en-el-proceso-electoral-dice-del-mazo","status":"publish","type":"post","link":"https:\/\/www.diarioimagen.net\/?p=572100","title":{"rendered":"Garantizadas, transparencia y certeza en el proceso electoral, dice Del Mazo"},"content":{"rendered":"<p>&nbsp;<\/p>\n<ul>\n<li><em><strong>Hay condiciones de gobernabilidad, se\u00f1ala<\/strong><\/em><\/li>\n<\/ul>\n<p><strong>\u00a0<\/strong><\/p>\n<h6>Arturo Baena<\/h6>\n<p>&nbsp;<\/p>\n<div id=\"attachment_572161\" style=\"width: 470px\" class=\"wp-caption aligncenter\"><a href=\"https:\/\/www.diarioimagen.net\/?attachment_id=572161\" rel=\"attachment wp-att-572161\"><img loading=\"lazy\" decoding=\"async\" aria-describedby=\"caption-attachment-572161\" class=\"wp-image-572161 size-full\" src=\"https:\/\/www.diarioimagen.net\/wp-content\/uploads\/2023\/01\/garantizada-transparencia.jpg\" alt=\"\" width=\"460\" height=\"270\" \/><\/a><p id=\"caption-attachment-572161\" class=\"wp-caption-text\">Alfredo Del Mazo Maza garantiz\u00f3 procesos electorales transparentes en la renovaci\u00f3n de la gubernatura del Estado de M\u00e9xico.<\/p><\/div>\n<p>&nbsp;<\/p>\n<p><strong>Toluca, Estado de M\u00e9xico.\u2014<\/strong> Actores pol\u00edticos y l\u00edderes sociales aplaudieron lo se\u00f1alado por el gobernador Alfredo Del Mazo, quien garantiz\u00f3 procesos electorales transparentes el pr\u00f3ximo 4 de junio, para la renovaci\u00f3n de la gubernatura del Estado de M\u00e9xico.<\/p>\n<p>\u201cComo Ejecutivo estatal y con pleno respeto al proceso electoral, nos comprometemos a atender con apertura a instituciones electorales, organizaciones ciudadanas y partidos pol\u00edticos, y a generar las condiciones de gobernabilidad, de estabilidad que den certeza a la voluntad ciudadana, as\u00ed como el respeto a este importante proceso para nuestro estado y para nuestro pa\u00eds\u201d, recalc\u00f3.<\/p>\n<p>Asimismo, al igual que autoridades electorales, presidentes estatales de partidos y titulares de los poderes p\u00fablicos del estado, Del Mazo Maza firm\u00f3 el Acuerdo por la Integridad del Proceso Electoral 2023 en el Estado de M\u00e9xico, mediante el cual se comprometieron a garantizar el respeto de los principios democr\u00e1ticos para que los mexiquenses voten con libertad en los pr\u00f3ximos comicios.<\/p>\n<p>Este convenio, iniciativa del Tribunal Electoral del Poder Judicial de la Federaci\u00f3n (TEPJF), convoca en nombre de la democracia a los actores institucionales, pol\u00edticos y ciudadanos a garantizar que este proceso se organice en forma profesional, imparcial y transparente.<\/p>\n<p>En presencia de Reyes Rodr\u00edguez Mondrag\u00f3n, Magistrado Presidente de la Sala Superior del TEPJF, y de Lorenzo C\u00f3rdova Vianello, presidente del Consejo General del Instituto Nacional Electoral (INE), el gobernador Del Mazo puntualiz\u00f3 que el Acuerdo por la Integridad Electoral restituye los puentes entre los actores p\u00fablicos y la sociedad civil, comprometiendo a instituciones, autoridades y partidos con la recuperaci\u00f3n de una participaci\u00f3n ciudadana m\u00e1s intensa y de mayor calidad.<\/p>\n<p>\u201cHoy presentamos el Acuerdo por la Integridad Electoral, iniciativa del Tribunal Electoral del Poder Judicial de la Federaci\u00f3n, y que convoca en nombre de la democracia a los actores institucionales, pol\u00edticos y ciudadanos del Estado de M\u00e9xico.<\/p>\n<p>\u201cEntre sus 12 acuerdos, como lo expres\u00f3 el Presidente del Tribunal Electoral federal, destacan garantizar el respeto a las leyes electorales y a los principios de voto universal y equidad pol\u00edtica, conducir el proceso con apego a los derechos civiles y pol\u00edticos de la poblaci\u00f3n, construir a trav\u00e9s de acciones que reafirmen la legitimidad y la transparencia de las instituciones y los resultados electorales, mantener la neutralidad y respeto a la voluntad y preferencia ciudadana, asegurar la paridad constitucional y rechazar la violencia pol\u00edtica de g\u00e9nero\u201d, expuso.<\/p>\n","protected":false},"excerpt":{"rendered":"<p>Actores pol\u00edticos y l\u00edderes sociales aplaudieron lo se\u00f1alado por el gobernador Alfredo Del Mazo, quien garantiz\u00f3 procesos electorales transparentes el pr\u00f3ximo 4 de junio, para la renovaci\u00f3n de la gubernatura del Estado de M\u00e9xico.<\/p>\n","protected":false},"author":3,"featured_media":572161,"comment_status":"open","ping_status":"open","sticky":false,"template":"","format":"standard","meta":{"_monsterinsights_skip_tracking":false,"_monsterinsights_sitenote_active":false,"_monsterinsights_sitenote_note":"","_monsterinsights_sitenote_category":0,"footnotes":""},"categories":[5],"tags":[2505,43675,1628,452],"class_list":["post-572100","post","type-post","status-publish","format-standard","has-post-thumbnail","hentry","category-estado-de-mexico","tag-alfredo-del-mazo-maza","tag-estado-de-mexico","tag-proceso-electoral","tag-toluca"],"_links":{"self":[{"href":"https:\/\/www.diarioimagen.net\/index.php?rest_route=\/wp\/v2\/posts\/572100","targetHints":{"allow":["GET"]}}],"collection":[{"href":"https:\/\/www.diarioimagen.net\/index.php?rest_route=\/wp\/v2\/posts"}],"about":[{"href":"https:\/\/www.diarioimagen.net\/index.php?rest_route=\/wp\/v2\/types\/post"}],"author":[{"embeddable":true,"href":"https:\/\/www.diarioimagen.net\/index.php?rest_route=\/wp\/v2\/users\/3"}],"replies":[{"embeddable":true,"href":"https:\/\/www.diarioimagen.net\/index.php?rest_route=%2Fwp%2Fv2%2Fcomments&post=572100"}],"version-history":[{"count":0,"href":"https:\/\/www.diarioimagen.net\/index.php?rest_route=\/wp\/v2\/posts\/572100\/revisions"}],"wp:featuredmedia":[{"embeddable":true,"href":"https:\/\/www.diarioimagen.net\/index.php?rest_route=\/wp\/v2\/media\/572161"}],"wp:attachment":[{"href":"https:\/\/www.diarioimagen.net\/index.php?rest_route=%2Fwp%2Fv2%2Fmedia&parent=572100"}],"wp:term":[{"taxonomy":"category","embeddable":true,"href":"https:\/\/www.diarioimagen.net\/index.php?rest_route=%2Fwp%2Fv2%2Fcategories&post=572100"},{"taxonomy":"post_tag","embeddable":true,"href":"https:\/\/www.diarioimagen.net\/index.php?rest_route=%2Fwp%2Fv2%2Ftags&post=572100"}],"curies":[{"name":"wp","href":"https:\/\/api.w.org\/{rel}","templated":true}]}}